{"id":34432,"date":"2020-01-05T10:45:53","date_gmt":"2020-01-05T09:45:53","guid":{"rendered":"https:\/\/8a.pl\/8academy\/?p=34432"},"modified":"2024-05-20T08:10:08","modified_gmt":"2024-05-20T06:10:08","slug":"ratownik-topr-jak-nim-zostac","status":"publish","type":"post","link":"https:\/\/8a.pl\/8academy\/ratownik-topr-jak-nim-zostac\/","title":{"rendered":"Ratownik TOPR \u2013 jak nim zosta\u0107? Zapis podcastu z Tomaszem Kami\u0144skim."},"content":{"rendered":"\n<p class=\"wp-block-paragraph\">W kolejnym odcinku G\u00f3rskiego Podcastu 8a.pl ratownik TOPR&nbsp;\u2013 Tomasz Kami\u0144ski \u2013 zdradza, jak dosta\u0107 si\u0119 do tej organizacji oraz opowiada o realiach s\u0142u\u017cby.<\/p>\n\n\n\n<p class=\"wp-block-paragraph\"><strong>Piotr Czmoch: Witam w kolejnym G\u00f3rskim Podca\u015bcie 8a.pl. Dzisiaj spotykamy si\u0119 z Tomkiem Kami\u0144skim. Ratownikiem TOPR-u, kt\u00f3ry zosta\u0142 nim niedawno. Cze\u015b\u0107 Tomek!<\/strong><\/p>\n\n\n\n<p class=\"wp-block-paragraph\"><strong>Tomasz Kami\u0144ski: <\/strong>Cze\u015b\u0107, witam wszystkich!<\/p>\n\n\n\n<p class=\"wp-block-paragraph\"><strong>P. Cz.: B\u0119dziemy porusza\u0107 tematy zwi\u0105zane z tym, jak zosta\u0107 ratownikiem TOPR-u i na czym w og\u00f3le ta praca (je\u015bli tak to mo\u017cemy nazwa\u0107) polega. Ciekawe, bo Tomka pozna\u0142em zim\u0105 w Tien-szanie, kiedy byli\u015bmy na nartach i kontynuujemy ju\u017c jaki\u015b czas nasz\u0105 znajomo\u015b\u0107. Mam przyjemno\u015b\u0107 go\u015bci\u0107 w Tomka domu w Zakopanem. Tomek, jak zostaje si\u0119 ratownikiem TOPR?<\/strong><\/p>\n\n\n\n<p class=\"wp-block-paragraph\"><\/p>\n\n\n\n<figure class=\"wp-block-image\"><img fetchpriority=\"high\" decoding=\"async\" width=\"1024\" height=\"666\" src=\"https:\/\/8a.pl\/8academy\/wp-content\/uploads\/2020\/01\/tomasz1-1024x666.jpg\" alt=\"podcast g\u00f3rski topr\" class=\"wp-image-34546\" srcset=\"https:\/\/8a.pl\/8academy\/wp-content\/uploads\/2020\/01\/tomasz1-1024x666.jpg 1024w, https:\/\/8a.pl\/8academy\/wp-content\/uploads\/2020\/01\/tomasz1-300x195.jpg 300w, https:\/\/8a.pl\/8academy\/wp-content\/uploads\/2020\/01\/tomasz1-768x499.jpg 768w, https:\/\/8a.pl\/8academy\/wp-content\/uploads\/2020\/01\/tomasz1.jpg 1100w\" sizes=\"(max-width: 1024px) 100vw, 1024px\" \/><\/figure>\n\n\n\n<p class=\"wp-block-paragraph\"><strong>T. K.: <\/strong>Przede wszystkim to nie jest tak, \u017ce ka\u017cdy kto sobie co\u015b nagle wymy\u015bli, mo\u017ce zg\u0142osi\u0107 si\u0119 i zosta\u0107 ratownikiem. S\u0105 egzaminy wej\u015bciowe. Do tego, \u017ceby przyst\u0105pi\u0107 do egzamin\u00f3w, opr\u00f3cz podania trzeba z\u0142o\u017cy\u0107 jeszcze wykaz dzia\u0142alno\u015bci g\u00f3rskiej. I zarz\u0105d TOPR-u weryfikuje dan\u0105 osob\u0119 na podstawie tego wykazu: czy ta osoba rzeczywi\u015bcie spe\u0142nia warunki, czy interesuje si\u0119, czy ma jak\u0105\u015b przesz\u0142o\u015b\u0107 zwi\u0105zan\u0105 z dzia\u0142alno\u015bci\u0105 g\u00f3rsk\u0105&#8230;<\/p>\n\n\n\n<p class=\"wp-block-paragraph\">Mo\u017ce by\u0107 to r\u00f3\u017cna dzia\u0142alno\u015b\u0107. Mamy w szeregach znakomitych wspinaczy, sportowc\u00f3w, groto\u0142az\u00f3w\u2026 Ale nie jest tak, \u017ce ka\u017cdy kto wchodzi do TOPR-u, to od razu jest dobry we wszystkim. S\u0105 ludzie, kt\u00f3rzy \u2013 na przyk\u0142ad \u2013 z jaskiniami spotykaj\u0105 si\u0119 pierwszy raz w \u017cyciu. No i dzi\u0119ki temu, \u017ce mamy kursy (a sta\u017c kandydacki trwa oko\u0142o 2 lat), ucz\u0105 si\u0119 tego. (&#8230;) Bo techniki jaskiniowe s\u0105 u\u017cywane nie tylko w jaskiniach, ale r\u00f3wnie\u017c wiele technik g\u00f3rskich na zewn\u0105trz powstaje na podstawie technik jaskiniowych. Ale wracaj\u0105c do tematu: najpierw jest egzamin wst\u0119pny\u2026<\/p>\n\n\n\n<p class=\"wp-block-paragraph\"><strong>P. Cz.: Po tym okresie sta\u017cu dwuletniego?<\/strong><\/p>\n\n\n\n<p class=\"wp-block-paragraph\"><strong>T. K.:<\/strong> Nie, najpierw jest egzamin wst\u0119pny, \u017ceby si\u0119 dosta\u0107 na sta\u017c. Potem sta\u017c, czyli ten okres kandydacki, trwa oko\u0142o dw\u00f3ch lat. Wie\u0144czy go egzamin ko\u0144cowy.<\/p>\n\n\n\n<p class=\"wp-block-paragraph\"><strong>P. Cz.:<\/strong> <strong>Co na takich egzaminach jest?<\/strong><\/p>\n\n\n\n<p class=\"wp-block-paragraph\"><strong>T. K.:<\/strong> (&#8230;) Na stronie TOPR mo\u017cna znale\u017a\u0107 dok\u0142adne wymagania. Na egzaminie wst\u0119pnym b\u0119dzie to umiej\u0119tno\u015b\u0107 wspinaczki i wi\u0105zania w\u0119z\u0142\u00f3w. Jest te\u017c test sprawno\u015bciowy oraz ze znajomo\u015bci topografii.<\/p>\n\n\n\n<p class=\"wp-block-paragraph\"><strong>P. Cz.: A na egzaminie ko\u0144cowym?<\/strong><\/p>\n\n\n\n<p class=\"wp-block-paragraph\"><strong>T. K.: <\/strong>Na tym ko\u0144cowym egzaminie jest jakby weryfikacja ca\u0142ej dwuletniej dzia\u0142alno\u015bci. (&#8230;) Nie jest tak, \u017ce wystarczy tylko by\u0107 na szkoleniach i na dy\u017curach. R\u00f3wnie\u017c trzeba z\u0142o\u017cy\u0107 wykaz dzia\u0142alno\u015bci z okresu kandydackiego. S\u0105 wymagania wspinaczkowe i skiturowe. Na egzaminie ko\u0144cowym jest r\u00f3wnie\u017c egzamin z topografii, (&#8230;) s\u0105 techniki linowe, techniki jaskiniowe i jest r\u00f3wnie\u017c lawinoznawstwo oraz nawigacja.<\/p>\n\n\n\n<p class=\"wp-block-paragraph\"><strong>P. Cz.: Powiedz mi: czy ratownik to jest zaw\u00f3d (tak jak powiedzia\u0142em wcze\u015bniej)? Czy raczej jest to pasja? A mo\u017ce s\u0105 inne motywacje do wykonywania tej czynno\u015bci?<\/strong><\/p>\n\n\n\n<p class=\"wp-block-paragraph\"><strong>T. K.:<\/strong> Co cz\u0142owiek, to inna motywacja. Natomiast na pewno \u0142\u0105czy wszystkich ta pasja do g\u00f3r. Bez tego nie widz\u0119 sensu dzia\u0142alno\u015bci. W moim przypadku to r\u00f3wnie\u017c poszerzanie swoich mo\u017cliwo\u015bci. Daje mim to o wiele wi\u0119ksze pole do manewru. Szkolenia, wyj\u015bcia\u2026 Mo\u017cna powiedzie\u0107, \u017ce jest te\u017c takie poczucie, i\u017c jednak przez tyle lat co\u015b si\u0119 od tych g\u00f3r bra\u0142o i co\u015b trzeba im odda\u0107.<\/p>\n\n\n\n<p class=\"wp-block-paragraph\"><\/p>\n\n\n\n<figure class=\"wp-block-image\"><img decoding=\"async\" width=\"1000\" height=\"650\" src=\"https:\/\/8a.pl\/8academy\/wp-content\/uploads\/2020\/01\/9-TOPR.jpg\" alt=\"Ratownik TOPR\" class=\"wp-image-34442\" srcset=\"https:\/\/8a.pl\/8academy\/wp-content\/uploads\/2020\/01\/9-TOPR.jpg 1000w, https:\/\/8a.pl\/8academy\/wp-content\/uploads\/2020\/01\/9-TOPR-300x195.jpg 300w, https:\/\/8a.pl\/8academy\/wp-content\/uploads\/2020\/01\/9-TOPR-768x499.jpg 768w\" sizes=\"(max-width: 1000px) 100vw, 1000px\" \/><figcaption class=\"wp-element-caption\">Akcje ratunkowe w trudnym terenie? Dla ratownik\u00f3w TOPR to codzienno\u015b\u0107. (fot. 8academy)<\/figcaption><\/figure>\n\n\n\n<p class=\"wp-block-paragraph\"><strong>P. Cz.: Domy\u015blam si\u0119, \u017ce po tak d\u0142ugim sta\u017cu kandydat jest ju\u017c znany. Ten egzamin jest troszeczk\u0119 tak\u0105 formalno\u015bci\u0105. P\u00f3\u017aniej, podczas pracy ratownika, czy s\u0105 jakie\u015b testy weryfikacyjne? Czy po prostu znacie si\u0119 wszyscy na tyle, \u017ce nie jest to ju\u017c potrzebne?<\/strong><\/p>\n\n\n\n<p class=\"wp-block-paragraph\"><strong>T. K.:<\/strong> Tu si\u0119 nie zgodz\u0119, bo egzamin nie jest formalno\u015bci\u0105. To nie jest tylko pogadanka i u\u015bci\u015bni\u0119cie sobie r\u0119ki, tylko naprawd\u0119 jest to dosy\u0107 szczeg\u00f3\u0142owa weryfikacja umiej\u0119tno\u015bci danej osoby. Nie ma tutaj kole\u017ce\u0144stwa. Cz\u0142owiek, kt\u00f3ry nie zda tego testu, nie zostaje wyrzucony czy usuni\u0119ty, tylko ma szans\u0119 za rok jeszcze raz podej\u015b\u0107 do tego egzaminu. Jego sta\u017c kandydacki przed\u0142u\u017ca si\u0119 o ca\u0142y rok i ma wtedy czas na uzupe\u0142nienie brak\u00f3w. W moim przypadku zda\u0142o mniej wi\u0119cej 50% stanu pocz\u0105tkowego kandydat\u00f3w. <\/p>\n\n\n\n<p class=\"wp-block-paragraph\">A wracaj\u0105c do Twojego pytania, tak \u2013 ca\u0142y czas s\u0105 szkolenia. Mo\u017ce nie ma test\u00f3w sprawno\u015bciowych, ale je\u017celi kto\u015b nie jest sprawny i nie potrafi nad\u0105\u017cy\u0107 i sprosta\u0107 wymogom fizycznym, to po prostu w g\u00f3rach nie da sobie rady. A jest to od razu zauwa\u017calne. Idzie si\u0119 w grupach, rzadko kiedy ratownik wychodzi sam. Oczywi\u015bcie zdarzaj\u0105 si\u0119 takie przypadki \u2013 np. jak kto\u015b jest na dy\u017curze w schronisku \u2013 \u017ce trzeba podej\u015b\u0107 i pom\u00f3c, ale w du\u017cych wyprawach bierze udzia\u0142 wi\u0119ksza liczba ratownik\u00f3w. Wtedy od razu wida\u0107, czy kto\u015b ma jakie\u015b niedoci\u0105gni\u0119cia techniczne lub fizyczne. (&#8230;) Ratownik jest zobowi\u0105zany raz na jaki\u015b czas bra\u0107 udzia\u0142 w tzw. unifikacjach, czyli takich szkoleniach obowi\u0105zkowych. No i ka\u017cdy musi wyrobi\u0107 odpowiedni\u0105 liczb\u0119 dy\u017cur\u00f3w.<\/p>\n\n\n\n<p class=\"wp-block-paragraph\"><strong>P. Cz.: No w\u0142a\u015bnie, w jakim systemie pracujecie?<\/strong><\/p>\n\n\n\n<p class=\"wp-block-paragraph\"><strong>T. K.:<\/strong> Jako ochotnicy, nie mamy narzuconych ram czasowych, wi\u0119c gdy jest czas i ochota, to wtedy dana osoba zg\u0142asza si\u0119 na dy\u017cur i dy\u017curuje. Je\u017celi jest wyprawa, no to wtedy ratownik b\u0119d\u0105cy na dy\u017curze z automatu w niej uczestniczy. Je\u015bli potrzeba wi\u0119kszej liczby os\u00f3b, to wtedy przychodzi powiadomienie z centrali \u2013 zg\u0142aszamy si\u0119 i jedziemy&#8230;<\/p>\n\n\n\n<p class=\"wp-block-paragraph\"><strong>P. Cz.: Siedzisz sobie wieczorem z \u017con\u0105 przy winie i masz z ty\u0142u g\u0142owy, \u017ce nie mo\u017cesz si\u0119 tego wina napi\u0107, bo za chwil\u0119 mo\u017ce by\u0107 telefon?<\/strong><\/p>\n\n\n\n<p class=\"wp-block-paragraph\"><strong>T. K.:<\/strong> Cz\u0119sto tak jest. Na przyk\u0142ad kiedy\u015b zdarzy\u0142o si\u0119 zaraz po powrocie z wakacji. Po ilu\u015b tam godzinach jazdy, jeste\u015bmy rozlu\u017anieni, siadamy w domu, rozpakowali\u015bmy si\u0119, kolacja\u2026 Przychodzi SMS i niestety musz\u0119 i\u015b\u0107. No i wtedy par\u0119 godzin mnie nie by\u0142o.<\/p>\n\n\n\n<p class=\"wp-block-paragraph\"><strong>P. Cz.: No w\u0142a\u015bnie, jak \u0142\u0105czysz \u017cycie rodzinne z obowi\u0105zkami ratownika? Bo wielokrotnie w rozmowach wychodzi, \u017ce tu jeste\u015b trzy dni na jakim\u015b kursie, szkoleniu, unifikacji. Za chwilk\u0119 znowu przez trzy dni Ci\u0119 nie ma&#8230;<\/strong><\/p>\n\n\n\n<p class=\"wp-block-paragraph\"><strong>T. K.: <\/strong>To mo\u017ce zawo\u0142am \u017con\u0119, \u017ceby si\u0119 wypowiedzia\u0142a na ten temat, bo z mojej perspektywy na pewno troch\u0119 inaczej to wygl\u0105da. <em>[\u015bmiech]<\/em> W praktyce, bardzo si\u0119 staram, \u017ceby znale\u017a\u0107 czas dla rodziny i dla domu.<\/p>\n\n\n\n<p class=\"wp-block-paragraph\"><strong>P. Cz.: Jaka jest r\u00f3\u017cnica pomi\u0119dzy ratownikiem zawodowym, a ochotnikiem?<\/strong><\/p>\n\n\n\n<p class=\"wp-block-paragraph\"><strong>T. K.: <\/strong>Ratownik zawodowy pracuje ju\u017c w ramach czasowych i jest na etacie, czyli idzie do pracy, sp\u0119dza tam 12 godzin. Z tego co pami\u0119tam, odbywa si\u0119 to w cyklu tygodniowym: tydzie\u0144 jest w pracy, potem ma tydzie\u0144 wolnego.<\/p>\n\n\n\n<p class=\"wp-block-paragraph\"><\/p>\n\n\n\n<figure class=\"wp-block-image\"><img decoding=\"async\" width=\"1000\" height=\"650\" src=\"https:\/\/8a.pl\/8academy\/wp-content\/uploads\/2020\/01\/12-TOPR.jpg\" alt=\"Ratownik TOPR\" class=\"wp-image-34444\" srcset=\"https:\/\/8a.pl\/8academy\/wp-content\/uploads\/2020\/01\/12-TOPR.jpg 1000w, https:\/\/8a.pl\/8academy\/wp-content\/uploads\/2020\/01\/12-TOPR-300x195.jpg 300w, https:\/\/8a.pl\/8academy\/wp-content\/uploads\/2020\/01\/12-TOPR-768x499.jpg 768w\" sizes=\"(max-width: 1000px) 100vw, 1000px\" \/><figcaption class=\"wp-element-caption\">Dzi\u0119ki ratownikom TOPR w g\u00f3rach mo\u017cemy czu\u0107 si\u0119 bezpieczniej. (fot. 8academy) <\/figcaption><\/figure>\n\n\n\n<p class=\"wp-block-paragraph\"><strong>P. Cz.: Ty ile dni w miesi\u0105cu  sp\u0119dzasz na dy\u017curach?<\/strong><\/p>\n\n\n\n<p class=\"wp-block-paragraph\"><strong>T. K.:<\/strong> To wszystko zale\u017cy od tego, czy mam jakie\u015b inne aktywno\u015bci.<\/p>\n\n\n\n<p class=\"wp-block-paragraph\"><strong>P. Cz.:<\/strong> <strong>No tak: opr\u00f3cz tego, \u017ce jeszcze chcesz si\u0119 wspina\u0107 i je\u017adzi\u0107 na nartach, to musisz zarabia\u0107 na \u017cycie? Zgadza si\u0119?<\/strong><\/p>\n\n\n\n<p class=\"wp-block-paragraph\"><strong>T. K.:<\/strong> S\u0105 jeszcze r\u00f3\u017cne aktywno\u015bci. Je\u017celi ich jest mniej, to wtedy staram si\u0119 wi\u0119cej czasu po\u015bwi\u0119ci\u0107 dzia\u0142alno\u015bci w TOPR-ze. (&#8230;) Miesi\u0105ce s\u0105 r\u00f3\u017cne. Minimaln\u0105 liczb\u0105 godzin, kt\u00f3r\u0105 trzeba sp\u0119dzi\u0107 w ci\u0105gu roku na dy\u017curach, jest 120. Nie m\u00f3wimy o szkoleniach, bo to jest osobna liczba. Te 120 godzin rocznie ratownik-ochotnik musi wypracowa\u0107 spo\u0142ecznie. A bior\u0105c pod uwag\u0119 fakt, \u017ce dy\u017cur trwa 12 godzin, wychodzi 10 dni w ci\u0105gu roku. I to naprawd\u0119 nie jest du\u017co.<\/p>\n\n\n\n<p class=\"wp-block-paragraph\"><strong>P. Cz.: Tak, ale domy\u015blam si\u0119, \u017ce je\u015bli kto\u015b pracuje na etacie i opr\u00f3cz tego musi uczestniczy\u0107 w unifikacjach oraz szkoleniach to raczej ratownikiem nie zostaje, poniewa\u017c ca\u0142y urlop roczny, jaki ma, musia\u0142by po\u015bwi\u0119ca\u0107 na g\u00f3ry.<\/strong><\/p>\n\n\n\n<p class=\"wp-block-paragraph\"><strong>T. K.:<\/strong> Osoby, kt\u00f3re wykonuj\u0105 wolne zawody, maj\u0105 du\u017co wi\u0119cej czasu, poniewa\u017c mog\u0105 sobie jako\u015b to ustawi\u0107. Natomiast mamy te\u017c koleg\u00f3w wykonuj\u0105cych inne zawody. No i tutaj mam podziw dla nich, \u017ce potrafi\u0105 jednak wygospodarowa\u0107 czas jeszcze na t\u0105 nasz\u0105 dzia\u0142alno\u015b\u0107.<\/p>\n\n\n\n<p class=\"wp-block-paragraph\"><strong>P. Cz.: Lato czy zima s\u0105 bardziej dla Was pracowite?<\/strong><\/p>\n\n\n\n<p class=\"wp-block-paragraph\"><strong>T. K.: <\/strong>Oj, tutaj to by trzeba by\u0142o zobaczy\u0107 statystyki. R\u00f3\u017cnie to bywa. Latem, wiadomo, jest olbrzymia liczba os\u00f3b, kt\u00f3re odwiedzaj\u0105 Tatry: wspinacze, tury\u015bci\u2026 Tych wypadk\u00f3w jest naprawd\u0119 du\u017co. Ale <a href=\"https:\/\/8a.pl\/8academy\/bezpieczenstwo-w-gorach-tatry-zima\/\" target=\"_blank\" rel=\"noreferrer noopener\" aria-label=\"zim\u0105 r\u00f3wnie\u017c zdarzaj\u0105 si\u0119 wypadki (opens in a new tab)\">zim\u0105 r\u00f3wnie\u017c zdarzaj\u0105 si\u0119 wypadki<\/a>. Jesieni\u0105 mieli\u015bmy teraz t\u0119 s\u0142ynn\u0105 akcj\u0119 w Wielkiej Jaskini \u015anie\u017cnej, kt\u00f3ra te\u017c zabra\u0142a olbrzymi\u0105 liczb\u0119 godzin pracy. To by\u0142a jesie\u0144, prawda? A uczestniczy\u0142o w tym bardzo du\u017co os\u00f3b i wiele \u015brodk\u00f3w zosta\u0142o w to zaanga\u017cowanych.<\/p>\n\n\n\n<p class=\"wp-block-paragraph\"><\/p>\n\n\n\n<figure class=\"wp-block-image\"><img loading=\"lazy\" decoding=\"async\" width=\"1000\" height=\"650\" src=\"https:\/\/8a.pl\/8academy\/wp-content\/uploads\/2020\/01\/4-TOPR.jpg\" alt=\"ratownik TOPR\" class=\"wp-image-34446\" srcset=\"https:\/\/8a.pl\/8academy\/wp-content\/uploads\/2020\/01\/4-TOPR.jpg 1000w, https:\/\/8a.pl\/8academy\/wp-content\/uploads\/2020\/01\/4-TOPR-300x195.jpg 300w, https:\/\/8a.pl\/8academy\/wp-content\/uploads\/2020\/01\/4-TOPR-768x499.jpg 768w\" sizes=\"(max-width: 1000px) 100vw, 1000px\" \/><figcaption class=\"wp-element-caption\">Lato to w Tatrach czas wzmo\u017conego ruchu turystycznego. Ratownicy TOPR zwykle maj\u0105 wtedy pe\u0142ne r\u0119ce roboty. (fot. 8academy) <\/figcaption><\/figure>\n\n\n\n<p class=\"wp-block-paragraph\"><strong>P. Cz.:<\/strong> <strong>Gdy mia\u0142 miejsce wypadek na Giewoncie, bardzo zosta\u0142 nag\u0142o\u015bniony temat wynagrodze\u0144 i zarobk\u00f3w TOPR-owc\u00f3w. W takich momentach od razu si\u0119 odzywaj\u0105 g\u0142osy, \u017ce te akcje powinny by\u0107 p\u0142atne, \u017ce tury\u015bci s\u0105 nierozs\u0105dni\u2026 Jaka jest opinia ratownik\u00f3w? Czy faktycznie wprowadzenie op\u0142at za akcje ratunkowe rozwi\u0105za\u0142oby problem niefrasobliwo\u015bci?<\/strong><\/p>\n\n\n\n<p class=\"wp-block-paragraph\"><strong>T. K.: <\/strong>To jest z\u0142o\u017cony problem. Najlepiej, gdyby wypowiedzia\u0142 si\u0119 kto\u015b z zarz\u0105du \u2013 bardziej do\u015bwiadczony ode mnie. Na pewno na to trzeba patrze\u0107 z r\u00f3\u017cnych perspektyw. Z jednej strony jest \u015bwiadomo\u015b\u0107 &#8220;bata nad g\u0142ow\u0105&#8221;, \u017ce kto\u015b mo\u017ce zosta\u0107 poci\u0105gni\u0119ty do odpowiedzialno\u015bci finansowej za swoje niefrasobliwe dzia\u0142ania w g\u00f3rach. Na pewno by to jako\u015b dzia\u0142a\u0142o, tak jak dzia\u0142a to na S\u0142owacji. Z drugiej strony, aby wyegzekwowa\u0107 te pieni\u0105dze z ubezpiecze\u0144, trzeba by powo\u0142a\u0107 etaty, utrzymywa\u0107 kontakt z ubezpieczalniami, wprowadzi\u0107 mechanizmy odzyskiwania tych \u015brodk\u00f3w\u2026 To jest znowu czas, to jest zaanga\u017cowanie ludzi i pieni\u0119dzy w sam proces\u2026<\/p>\n\n\n\n<p class=\"wp-block-paragraph\"><strong>P. Cz.: Z wypowiedzi naczelnika TOPR-u mo\u017cna wyczyta\u0107, \u017ce w krajach, w kt\u00f3rych akcje s\u0105 p\u0142atne, jest to bardzo ma\u0142y procent dochodu&#8230;<\/strong><\/p>\n\n\n\n<p class=\"wp-block-paragraph\">T. K.: Zgadza si\u0119!<\/p>\n\n\n\n<p class=\"wp-block-paragraph\"><strong>P. Cz.:<\/strong> <strong>Wszyscy sobie my\u015bl\u0105: p\u0142a\u0107my za akcj\u0105, a tych pieni\u0119dzy b\u0119dzie nagle bardzo du\u017co. W praktyce jest to daleki od prawdy\u2026 Koszty utrzymania s\u0105 a\u017c tak du\u017ce, \u017ce nie da si\u0119 tego pokry\u0107 ze wspomnianych op\u0142at. Czy \u015bmig\u0142owiec jest wykorzystywany w wi\u0119kszo\u015bci akcji?<\/strong><\/p>\n\n\n\n<p class=\"wp-block-paragraph\"><strong>T. K.:<\/strong> Je\u017celi s\u0105 warunki, kt\u00f3re pozwalaj\u0105 u\u017cy\u0107 \u015bmig\u0142owca, to tak. Oszcz\u0119dza to przede wszystkim nasze zdrowie i skraca radykalnie czas dotarcia do poszkodowanego. (&#8230;) Bywa, \u017ce zdarzaj\u0105 si\u0119 w tym samym czasie 2, 3, lub 4 wypadki. Bez \u015bmig\u0142owca ci ludzie musieliby bardzo d\u0142ugo czeka\u0107 na jak\u0105kolwiek pomoc.<\/p>\n\n\n\n<p class=\"wp-block-paragraph\"><strong>P. Cz.: W poprzednich latach zdarza\u0142y si\u0119 problemy ze \u015bmig\u0142owcem: albo by\u0142 w naprawie, albo by\u0142 wypo\u017cyczany od innych s\u0142u\u017cb. Jak wygl\u0105da to teraz?<\/strong><\/p>\n\n\n\n<p class=\"wp-block-paragraph\"><strong>T.K.:<\/strong> Jest tak, \u017ce raz w roku \u015bmig\u0142owiec przechodzi serwis.  (&#8230;) Tylko, \u017ce to jest przegl\u0105d techniczny: wymiana podstawowych element\u00f3w, badanie sprawno\u015bci. Z tego, co wiem, to taki serwis trwa od 2 do 3 tygodni. Natomiast raz na jaki\u015b czas ten \u015bmig\u0142owiec musi i\u015b\u0107 do generalnego serwisu.<\/p>\n\n\n\n<p class=\"wp-block-paragraph\"><strong>P. Cz.: Rozumiem, \u017ce w momencie, kiedy nie ma \u015bmig\u0142owca, to musicie pozyska\u0107 \u015bmig\u0142owiec od innych s\u0142u\u017cb?<\/strong><\/p>\n\n\n\n<p class=\"wp-block-paragraph\"><strong>T. K.:<\/strong> W skrajnych sytuacjach tak. Wtedy wi\u0119kszo\u015b\u0107 wypadk\u00f3w obs\u0142ugiwana jest bez \u015bmig\u0142owca. Nie bez znaczenia jest to, \u017ce okres serwisu \u015bmig\u0142owca przypada na okres jesienny, gdzie tych wypadk\u00f3w jest bardzo ma\u0142o\u2026<\/p>\n\n\n\n<p class=\"wp-block-paragraph\"><\/p>\n\n\n\n<figure class=\"wp-block-image\"><img loading=\"lazy\" decoding=\"async\" width=\"1000\" height=\"650\" src=\"https:\/\/8a.pl\/8academy\/wp-content\/uploads\/2020\/01\/5-TOPR.jpg\" alt=\"W\u0119dr\u00f3wki po Tatrach\" class=\"wp-image-34447\" srcset=\"https:\/\/8a.pl\/8academy\/wp-content\/uploads\/2020\/01\/5-TOPR.jpg 1000w, https:\/\/8a.pl\/8academy\/wp-content\/uploads\/2020\/01\/5-TOPR-300x195.jpg 300w, https:\/\/8a.pl\/8academy\/wp-content\/uploads\/2020\/01\/5-TOPR-768x499.jpg 768w\" sizes=\"(max-width: 1000px) 100vw, 1000px\" \/><figcaption class=\"wp-element-caption\">Podczas dzia\u0142alno\u015bci g\u00f3rskiej nie mo\u017cna wykluczy\u0107 zdarze\u0144 losowych. Wypadkom ulegaj\u0105 nawet doskonale przygotowani tury\u015bci i wspinacze. (fot. 8academy) <\/figcaption><\/figure>\n\n\n\n<p class=\"wp-block-paragraph\"><strong>P. Cz.:<\/strong> <strong>A rozmawiamy w po\u0142owie listopada\u2026 Powiedz mi: co ratownik\u00f3w TOPR denerwuje u turyst\u00f3w?<\/strong><\/p>\n\n\n\n<p class=\"wp-block-paragraph\"><strong>T. K.:<\/strong> Mo\u017cna powiedzie\u0107, \u017ce taka niefrasobliwo\u015b\u0107, nie\u015bwiadomo\u015b\u0107 zagro\u017ce\u0144, kt\u00f3re mo\u017ce przynie\u015b\u0107 dzia\u0142alno\u015b\u0107 g\u00f3rska. Zdarza si\u0119 wiele wypadk\u00f3w, kt\u00f3re s\u0105 jakby niezale\u017cne od wspinaczy czy turyst\u00f3w: za\u0142amanie pogody, wypadek jaki\u015b, w kt\u00f3rym jest uraz. To s\u0105 rzeczy, kt\u00f3rych ci\u0119\u017cko jest unikn\u0105\u0107. Po prostu s\u0105 to zdarzenia losowe\u2026 Zdarzaj\u0105 si\u0119 i wtedy tym ludziom trzeba pom\u00f3c i pomagamy. Natomiast takie niefrasobliwe wyj\u015bcia w g\u00f3ry bez zbadania, gdzie si\u0119 idzie, bez podstawowej topografii, bez zabrania ze sob\u0105 dodatkowego \u017ar\u00f3d\u0142a \u015bwiat\u0142a&#8230; Jak wiadomo, w smartfonie jest latarka czy tam \u015bwiate\u0142ko, ale one nie starcz\u0105 na d\u0142ugo. Wi\u0119c mo\u017cna by unikn\u0105\u0107 tych rzeczy. Przez to zostajemy zaanga\u017cowani, gdy mogliby\u015bmy by\u0107 u\u017cyci w innym miejscu, bo czasami wypadki zdarzaj\u0105 si\u0119 jednocze\u015bnie. I wtedy kierownik dy\u017curu musi zdecydowa\u0107 ilu ludzi wys\u0142a\u0107 w dane miejsce.<\/p>\n\n\n\n<p class=\"wp-block-paragraph\"><strong>P. Cz.:<\/strong> <strong>Wydaje si\u0119, \u017ce dost\u0119pno\u015b\u0107 sprz\u0119tu ro\u015bnie. Zasobno\u015b\u0107 spo\u0142ecze\u0144stwa te\u017c. Mamy internet, za spraw\u0105 kt\u00f3rego mo\u017cna si\u0119 edukowa\u0107 na r\u00f3\u017cne sposoby: czyta\u0107 dobre i z\u0142e rzeczy. Ro\u015bnie te\u017c ilo\u015b\u0107 uczestnik\u00f3w r\u00f3\u017cnego rodzaju kurs\u00f3w \u2013 na przyk\u0142ad turystyki zimowej. Wydaje si\u0119 wi\u0119c, \u017ce ta \u015bwiadomo\u015b\u0107 ro\u015bnie. Czy tak jest w rzeczywisto\u015bci?<\/strong><\/p>\n\n\n\n<p class=\"wp-block-paragraph\"><strong>T. K.: <\/strong>(&#8230;) Uwa\u017cam, \u017ce na 100% ta \u015bwiadomo\u015b\u0107 wzros\u0142a. Pomimo tego, \u017ce liczba turyst\u00f3w i wspinaczy z ka\u017cdym rokiem diametralnie ro\u015bnie, to jednak przyrost wypadk\u00f3w nie jest a\u017c tak du\u017cy. Na pewno wp\u0142yw na to ma mo\u017cliwo\u015b\u0107 zakupu sprz\u0119tu, w przyst\u0119pnych cenach\u2026 Bo kiedy\u015b, jak <a rel=\"noreferrer noopener\" aria-label=\"sprz\u0119t turystyczny (opens in a new tab)\" href=\"https:\/\/8a.pl\/turystyka\" target=\"_blank\">sprz\u0119t turystyczny<\/a> czy <a href=\"https:\/\/8a.pl\/sprzet-wspinaczkowy\" target=\"_blank\" rel=\"noreferrer noopener\">wspinaczkowy<\/a> wchodzi\u0142 na rynek, to trzeba by\u0142o wyda\u0107 straszne pieni\u0105dze. Nie ka\u017cdy m\u00f3g\u0142 sobie na to pozwoli\u0107. (&#8230;) W tej chwili wida\u0107, \u017ce ludzie coraz lepiej s\u0105 przygotowani.<\/p>\n\n\n\n<p class=\"wp-block-paragraph\"><strong>P. Cz.: Por\u00f3wnuj\u0105c turystyk\u0119, <a rel=\"noreferrer noopener\" aria-label=\"trekking (opens in a new tab)\" href=\"https:\/\/8a.pl\/8academy\/co-to-jest-trekking\/\" target=\"_blank\">trekking<\/a> czy wspinanie do innych innych aktywno\u015bci, dojdziemy do wniosku, \u017ce s\u0105 one sportami dosy\u0107 tanimi. Wystarczy spojrze\u0107 na jazd\u0119 na rowerze g\u00f3rskim czy <a rel=\"noreferrer noopener\" aria-label=\"skituring (opens in a new tab)\" href=\"https:\/\/8a.pl\/skitouring\" target=\"_blank\">skituring<\/a> \u2013 tam zupe\u0142nie inne kwoty wchodz\u0105 w gr\u0119. Tu mo\u017cna kupi\u0107 sprz\u0119t w dobrych cenach i o dobrej jako\u015bci. Jednak ca\u0142y czas s\u0142yszymy historie, \u017ce ludzie wychodz\u0105 w g\u00f3ry bez sprz\u0119tu, albo bez wiedzy. Dajmy na to pogoda jest z\u0142a, ale kto\u015b przyjecha\u0142 na wymarzony urlop tygodniowy i oboj\u0119tnie jakie s\u0105 warunki, realizuje sw\u00f3j plan. Nie patrzy na ostrze\u017cenia czy na prognozy, bo musi tam wej\u015b\u0107.<\/strong><\/p>\n\n\n\n<p class=\"wp-block-paragraph\"><strong>T. K.:<\/strong> Zgadza si\u0119! Ludzie chodz\u0105 w g\u00f3ry, nie maj\u0105c \u015bwiadomo\u015bci tego, \u017ce pogoda mo\u017ce si\u0119 szybko zmieni\u0107. A jak wiemy, w g\u00f3rach pogoda zmienia si\u0119 radykalnie i to bardzo szybko. W lecie mo\u017cemy mie\u0107 bardzo wysokie temperatury, a tu nagle przychodzi burze z opadami i przenikliwy ch\u0142\u00f3d.<\/p>\n\n\n\n<p class=\"wp-block-paragraph\"><strong>P. Cz.: W wielu tekstach na 8academy przewija si\u0119 opinia o tym, \u017ce jeste\u015bmy krajem nizinnym i \u015bwiadomo\u015b\u0107 spo\u0142eczna o chodzeniu po g\u00f3rach czy o niebezpiecze\u0144stwach nie jest du\u017ca. Sam pami\u0119tam takie sytuacje, \u017ce w lipcu przy Morskim Oku tury\u015bci nie wierz\u0105, \u017ce tam u g\u00f3ry jest \u015bnieg. Wydaje im si\u0119, \u017ce jak jest na dole 30 stopni, tam u g\u00f3ry tego \u015bniegu po prostu by\u0107 nie mo\u017ce. (&#8230;) Czy ratownicy prowadz\u0105 te\u017c jakie\u015b akcje edukacyjne w tym kierunku?<\/strong><\/p>\n\n\n\n<p class=\"wp-block-paragraph\"><strong>T. K.: <\/strong>Tak, TOPR przygotowuje i opracowuje dost\u0119pne on-line materia\u0142y informacyjne i szkoleniowe, a opr\u00f3cz tego wielu ratownik\u00f3w pracuje i szkoli w zewn\u0119trznych firmach.<\/p>\n\n\n\n<p class=\"wp-block-paragraph\"><\/p>\n\n\n\n<figure class=\"wp-block-image\"><img loading=\"lazy\" decoding=\"async\" width=\"1000\" height=\"650\" src=\"https:\/\/8a.pl\/8academy\/wp-content\/uploads\/2020\/01\/10-TOPR.jpg\" alt=\"Co zabra\u0107 w Tatry\" class=\"wp-image-34449\" srcset=\"https:\/\/8a.pl\/8academy\/wp-content\/uploads\/2020\/01\/10-TOPR.jpg 1000w, https:\/\/8a.pl\/8academy\/wp-content\/uploads\/2020\/01\/10-TOPR-300x195.jpg 300w, https:\/\/8a.pl\/8academy\/wp-content\/uploads\/2020\/01\/10-TOPR-768x499.jpg 768w\" sizes=\"(max-width: 1000px) 100vw, 1000px\" \/><figcaption class=\"wp-element-caption\">\u015awiadomo\u015b\u0107 i poziom przygotowania polskich turyst\u00f3w powoli, ale systematycznie ro\u015bnie. (fot. 8academy) <\/figcaption><\/figure>\n\n\n\n<p class=\"wp-block-paragraph\"><strong>P. Cz.: W\u0142a\u015bnie tych kurs\u00f3w zrobi\u0142o si\u0119 ostatnio dosy\u0107 sporo. I to dobrze, bo ta wiedza, kt\u00f3r\u0105 musz\u0119 znale\u017a\u0107 w internecie, jest czasem bardzo z\u0142ej jako\u015bci. Na pewno nikt tam za darmo nie przeka\u017ce jej fachowo. By\u0142em ju\u017c na r\u00f3\u017cnego rodzaju kursach oraz szkoleniach i wiem, \u017ce wiedza  przekazywana przez ratownik\u00f3w TOPR \u2013 aktualna i z pierwszej r\u0119ki<\/strong> \u2013<strong>  jest wysokiej jako\u015bci.<\/strong><\/p>\n\n\n\n<p class=\"wp-block-paragraph\"><strong>T. K.:<\/strong> Tak, zgadza si\u0119! Ratownicy s\u0105 znakomicie wyszkoleni i szkol\u0105 si\u0119 ca\u0142y czas. Dzi\u0119ki wymianie do\u015bwiadcze\u0144 z innymi s\u0142u\u017cbami ratowniczymi z ca\u0142ego \u015bwiata, s\u0105 te\u017c na bie\u017c\u0105co z aktualnymi technikami i rodzajami sprz\u0119tu u\u017cywanego w g\u00f3rach.<\/p>\n\n\n\n<p class=\"wp-block-paragraph\"><strong>P. Cz.:<\/strong> <strong>Dzi\u0119kujemy Ci za przybli\u017cenie pracy ratownika TOPR. Mam nadziej\u0119, \u017ce b\u0119dziecie mieli mniej \u2013 w cudzys\u0142owie m\u00f3wi\u0105c \u2013 \u201cklient\u00f3w\u201d. \u017be edukacja b\u0119dzie ros\u0142a. Temu te\u017c maj\u0105 s\u0142u\u017cy\u0107 nasze podcasty, kolejne r\u00f3wnie\u017c z ratownikami TOPR-u. Mam nadziej\u0119, \u017ce w przysz\u0142o\u015bci b\u0119dziemy mogli si\u0119 spotka\u0107 i jeszcze co\u015b nagra\u0107.<\/strong><\/p>\n\n\n\n<p class=\"wp-block-paragraph\"><strong>T. K.:<\/strong> Bardzo dzi\u0119kuj\u0119!<\/p>\n\n\n\n<p class=\"wp-block-paragraph\"><strong>Pe\u0142nej wersji podcastu g\u00f3rskiego pos\u0142ucha\u0107 mo\u017cna za po\u015brednictwem serwis\u00f3w:<\/strong><\/p>\n\n\n\n<ul class=\"wp-block-list\">\n<li><a aria-label=\"YouTube (opens in a new tab)\" rel=\"noreferrer noopener\" href=\"https:\/\/www.youtube.com\/watch?v=A2X8ZplujvE\" target=\"_blank\">YouTube<\/a><\/li>\n\n\n\n<li> <a aria-label=\"Spotify (opens in a new tab)\" rel=\"noreferrer noopener\" href=\"https:\/\/open.spotify.com\/show\/2lzFzZVx62lxJ9QDuUm6HV\" target=\"_blank\">Spotify<\/a><\/li>\n\n\n\n<li> <a aria-label=\"Apple Podcasts (opens in a new tab)\" rel=\"noreferrer noopener\" href=\"https:\/\/podcasts.apple.com\/pl\/podcast\/g%C3%B3rski-podcast-8a-pl\/id1488526154\" target=\"_blank\">Apple Podcasts<\/a><\/li>\n\n\n\n<li> <a aria-label=\"Google Podcasts (opens in a new tab)\" rel=\"noreferrer noopener\" href=\"https:\/\/podcasts.google.com\/?feed=aHR0cHM6Ly93d3cuc3ByZWFrZXIuY29tL3Nob3cvNDEzOTg3MC9lcGlzb2Rlcy9mZWVk\" target=\"_blank\">Google Podcasts<\/a><\/li>\n\n\n\n<li> <a aria-label=\"Spreaker (opens in a new tab)\" rel=\"noreferrer noopener\" href=\"https:\/\/www.spreaker.com\/show\/gorski-podcast-8a-pl\" target=\"_blank\">Spreaker<\/a><\/li>\n<\/ul>\n\n\n\n<p><iframe src=\"\/\/www.youtube.com\/embed\/A2X8ZplujvE\" width=\"850\" height=\"477\" allowfullscreen=\"allowfullscreen\"><\/iframe><\/p>\n\n\n\n<p class=\"wp-block-paragraph\">#robimywg\u00f3rach  <br>#robimywpodcastach<\/p>\n","protected":false},"excerpt":{"rendered":"<p>To funkcja ciesz\u0105ca si\u0119 szacunkiem i zaufaniem. W ko\u0144cu dzi\u0119ki osobom pe\u0142ni\u0105cym tak\u0105 w\u0142a\u015bnie s\u0142u\u017cb\u0119, mo\u017cemy by\u0107 pewni, \u017ce w razie sytuacji kryzysowej kto\u015b ruszy nam z pomoc\u0105. <\/p>\n","protected":false},"author":5,"featured_media":34546,"comment_status":"open","ping_status":"closed","sticky":false,"template":"","format":"standard","meta":{"_acf_changed":false,"_uf_show_specific_survey":0,"_uf_disable_surveys":false,"footnotes":""},"categories":[19856],"tags":[26085,26079],"class_list":["post-34432","post","type-post","status-publish","format-standard","has-post-thumbnail","hentry","category-podcast-gorski","tag-trekking","tag-wywiad"],"acf":[],"yoast_head":"<!-- This site is optimized with the Yoast SEO Premium plugin v23.4 (Yoast SEO v25.5) - https:\/\/yoast.com\/wordpress\/plugins\/seo\/ -->\n<title>Ratownik TOPR \u2013 jak nim zosta\u0107? Zapis podcastu. | 8academy<\/title>\n<meta name=\"description\" content=\"W kolejnym odcinku G\u00f3rskiego Podcastu 8a.pl ratownik TOPR \u2013 Tomasz Kami\u0144ski \u2013 zdradza, jak dosta\u0107 si\u0119 do tej organizacji oraz opowiada o realiach s\u0142u\u017cby.\" \/>\n<meta name=\"robots\" content=\"index, follow, max-snippet:-1, max-image-preview:large, max-video-preview:-1\" \/>\n<link rel=\"canonical\" href=\"https:\/\/8a.pl\/8academy\/ratownik-topr-jak-nim-zostac\/\" \/>\n<meta property=\"og:locale\" content=\"pl_PL\" \/>\n<meta property=\"og:type\" content=\"article\" \/>\n<meta property=\"og:title\" content=\"Ratownik TOPR \u2013 jak nim zosta\u0107? Zapis podcastu z Tomaszem Kami\u0144skim.\" \/>\n<meta property=\"og:description\" content=\"W kolejnym odcinku G\u00f3rskiego Podcastu 8a.pl ratownik TOPR \u2013 Tomasz Kami\u0144ski \u2013 zdradza, jak dosta\u0107 si\u0119 do tej organizacji oraz opowiada o realiach s\u0142u\u017cby.\" \/>\n<meta property=\"og:url\" content=\"https:\/\/8a.pl\/8academy\/ratownik-topr-jak-nim-zostac\/\" \/>\n<meta property=\"og:site_name\" content=\"8academy.pl - portal g\u00f3rski i wspinaczkowy dla aktywnych\" \/>\n<meta property=\"article:publisher\" content=\"https:\/\/pl-pl.facebook.com\/sklep8apl\/\" \/>\n<meta property=\"article:published_time\" content=\"2020-01-05T09:45:53+00:00\" \/>\n<meta property=\"article:modified_time\" content=\"2024-05-20T06:10:08+00:00\" \/>\n<meta property=\"og:image\" content=\"http:\/\/8a.pl\/8academy\/wp-content\/uploads\/2020\/01\/tomasz1.jpg\" \/>\n\t<meta property=\"og:image:width\" content=\"1100\" \/>\n\t<meta property=\"og:image:height\" content=\"715\" \/>\n\t<meta property=\"og:image:type\" content=\"image\/jpeg\" \/>\n<meta name=\"author\" content=\"Piotr Czmoch\" \/>\n<meta name=\"twitter:card\" content=\"summary_large_image\" \/>\n<meta name=\"twitter:label1\" content=\"Napisane przez\" \/>\n\t<meta name=\"twitter:data1\" content=\"Piotr Czmoch\" \/>\n\t<meta name=\"twitter:label2\" content=\"Szacowany czas czytania\" \/>\n\t<meta name=\"twitter:data2\" content=\"16 minut\" \/>\n<!-- \/ Yoast SEO Premium plugin. -->","yoast_head_json":{"title":"Ratownik TOPR \u2013 jak nim zosta\u0107? Zapis podcastu. | 8academy","description":"W kolejnym odcinku G\u00f3rskiego Podcastu 8a.pl ratownik TOPR \u2013 Tomasz Kami\u0144ski \u2013 zdradza, jak dosta\u0107 si\u0119 do tej organizacji oraz opowiada o realiach s\u0142u\u017cby.","robots":{"index":"index","follow":"follow","max-snippet":"max-snippet:-1","max-image-preview":"max-image-preview:large","max-video-preview":"max-video-preview:-1"},"canonical":"https:\/\/8a.pl\/8academy\/ratownik-topr-jak-nim-zostac\/","og_locale":"pl_PL","og_type":"article","og_title":"Ratownik TOPR \u2013 jak nim zosta\u0107? Zapis podcastu z Tomaszem Kami\u0144skim.","og_description":"W kolejnym odcinku G\u00f3rskiego Podcastu 8a.pl ratownik TOPR \u2013 Tomasz Kami\u0144ski \u2013 zdradza, jak dosta\u0107 si\u0119 do tej organizacji oraz opowiada o realiach s\u0142u\u017cby.","og_url":"https:\/\/8a.pl\/8academy\/ratownik-topr-jak-nim-zostac\/","og_site_name":"8academy.pl - portal g\u00f3rski i wspinaczkowy dla aktywnych","article_publisher":"https:\/\/pl-pl.facebook.com\/sklep8apl\/","article_published_time":"2020-01-05T09:45:53+00:00","article_modified_time":"2024-05-20T06:10:08+00:00","og_image":[{"width":1100,"height":715,"url":"http:\/\/8a.pl\/8academy\/wp-content\/uploads\/2020\/01\/tomasz1.jpg","type":"image\/jpeg"}],"author":"Piotr Czmoch","twitter_card":"summary_large_image","twitter_misc":{"Napisane przez":"Piotr Czmoch","Szacowany czas czytania":"16 minut"},"schema":{"@context":"https:\/\/schema.org","@graph":[{"@type":"Article","@id":"https:\/\/8a.pl\/8academy\/ratownik-topr-jak-nim-zostac\/#article","isPartOf":{"@id":"https:\/\/8a.pl\/8academy\/ratownik-topr-jak-nim-zostac\/"},"author":{"name":"Piotr Czmoch","@id":"https:\/\/8a.pl\/8academy\/#\/schema\/person\/7963bacbad50d0e35a6efb0fee6d4c3d"},"headline":"Ratownik TOPR \u2013 jak nim zosta\u0107? Zapis podcastu z Tomaszem Kami\u0144skim.","datePublished":"2020-01-05T09:45:53+00:00","dateModified":"2024-05-20T06:10:08+00:00","mainEntityOfPage":{"@id":"https:\/\/8a.pl\/8academy\/ratownik-topr-jak-nim-zostac\/"},"wordCount":2868,"commentCount":0,"publisher":{"@id":"https:\/\/8a.pl\/8academy\/#organization"},"image":{"@id":"https:\/\/8a.pl\/8academy\/ratownik-topr-jak-nim-zostac\/#primaryimage"},"thumbnailUrl":"https:\/\/8a.pl\/8academy\/wp-content\/uploads\/2020\/01\/tomasz1.jpg","keywords":["Trekking","Wywiad"],"articleSection":["Podcast g\u00f3rski"],"inLanguage":"pl-PL","potentialAction":[{"@type":"CommentAction","name":"Comment","target":["https:\/\/8a.pl\/8academy\/ratownik-topr-jak-nim-zostac\/#respond"]}]},{"@type":"WebPage","@id":"https:\/\/8a.pl\/8academy\/ratownik-topr-jak-nim-zostac\/","url":"https:\/\/8a.pl\/8academy\/ratownik-topr-jak-nim-zostac\/","name":"Ratownik TOPR \u2013 jak nim zosta\u0107? Zapis podcastu. | 8academy","isPartOf":{"@id":"https:\/\/8a.pl\/8academy\/#website"},"primaryImageOfPage":{"@id":"https:\/\/8a.pl\/8academy\/ratownik-topr-jak-nim-zostac\/#primaryimage"},"image":{"@id":"https:\/\/8a.pl\/8academy\/ratownik-topr-jak-nim-zostac\/#primaryimage"},"thumbnailUrl":"https:\/\/8a.pl\/8academy\/wp-content\/uploads\/2020\/01\/tomasz1.jpg","datePublished":"2020-01-05T09:45:53+00:00","dateModified":"2024-05-20T06:10:08+00:00","description":"W kolejnym odcinku G\u00f3rskiego Podcastu 8a.pl ratownik TOPR \u2013 Tomasz Kami\u0144ski \u2013 zdradza, jak dosta\u0107 si\u0119 do tej organizacji oraz opowiada o realiach s\u0142u\u017cby.","breadcrumb":{"@id":"https:\/\/8a.pl\/8academy\/ratownik-topr-jak-nim-zostac\/#breadcrumb"},"inLanguage":"pl-PL","potentialAction":[{"@type":"ReadAction","target":["https:\/\/8a.pl\/8academy\/ratownik-topr-jak-nim-zostac\/"]}]},{"@type":"ImageObject","inLanguage":"pl-PL","@id":"https:\/\/8a.pl\/8academy\/ratownik-topr-jak-nim-zostac\/#primaryimage","url":"https:\/\/8a.pl\/8academy\/wp-content\/uploads\/2020\/01\/tomasz1.jpg","contentUrl":"https:\/\/8a.pl\/8academy\/wp-content\/uploads\/2020\/01\/tomasz1.jpg","width":1100,"height":715,"caption":"podcast g\u00f3rski topr"},{"@type":"BreadcrumbList","@id":"https:\/\/8a.pl\/8academy\/ratownik-topr-jak-nim-zostac\/#breadcrumb","itemListElement":[{"@type":"ListItem","position":1,"name":"Strona g\u0142\u00f3wna","item":"https:\/\/8a.pl\/8academy\/"},{"@type":"ListItem","position":2,"name":"Ratownik TOPR \u2013 jak nim zosta\u0107? Zapis podcastu z Tomaszem Kami\u0144skim."}]},{"@type":"WebSite","@id":"https:\/\/8a.pl\/8academy\/#website","url":"https:\/\/8a.pl\/8academy\/","name":"8academy.pl - portal g\u00f3rski i wspinaczkowy dla aktywnych","description":"8academy to portal g\u00f3rski o wspinaczce, trekkingu i skiturach. Znajdziesz tu porady, testy sprz\u0119tu i opisy najlepszych rejon\u00f3w. Inspirujemy zdobywc\u00f3w!","publisher":{"@id":"https:\/\/8a.pl\/8academy\/#organization"},"potentialAction":[{"@type":"SearchAction","target":{"@type":"EntryPoint","urlTemplate":"https:\/\/8a.pl\/8academy\/?s={search_term_string}"},"query-input":{"@type":"PropertyValueSpecification","valueRequired":true,"valueName":"search_term_string"}}],"inLanguage":"pl-PL"},{"@type":"Organization","@id":"https:\/\/8a.pl\/8academy\/#organization","name":"8academy.pl - portal g\u00f3rski i wspinaczkowy dla aktywnych","url":"https:\/\/8a.pl\/8academy\/","logo":{"@type":"ImageObject","inLanguage":"pl-PL","@id":"https:\/\/8a.pl\/8academy\/#\/schema\/logo\/image\/","url":"https:\/\/8a.pl\/8academy\/wp-content\/uploads\/2015\/11\/logo.png","contentUrl":"https:\/\/8a.pl\/8academy\/wp-content\/uploads\/2015\/11\/logo.png","width":438,"height":315,"caption":"8academy.pl - portal g\u00f3rski i wspinaczkowy dla aktywnych"},"image":{"@id":"https:\/\/8a.pl\/8academy\/#\/schema\/logo\/image\/"},"sameAs":["https:\/\/pl-pl.facebook.com\/sklep8apl\/","https:\/\/www.instagram.com\/8apl\/"]},{"@type":"Person","@id":"https:\/\/8a.pl\/8academy\/#\/schema\/person\/7963bacbad50d0e35a6efb0fee6d4c3d","name":"Piotr Czmoch","image":{"@type":"ImageObject","inLanguage":"pl-PL","@id":"https:\/\/8a.pl\/8academy\/#\/schema\/person\/image\/","url":"https:\/\/8a.pl\/8academy\/wp-content\/uploads\/2017\/10\/piotr_czmoch2-min.jpg","contentUrl":"https:\/\/8a.pl\/8academy\/wp-content\/uploads\/2017\/10\/piotr_czmoch2-min.jpg","caption":"Piotr Czmoch"},"description":"Wspina si\u0119 ponad dwadzie\u015bcia lat po\u015bwi\u0119caj\u0105c na to ca\u0142y wolny czas, i nie tylko wolny. Dodatkowo biega i chodzi na skitury. Nie wzgardzi r\u00f3wnie\u017c freeridem. W mi\u0119dzyczasie wymy\u015bli\u0142 i za\u0142o\u017cy\u0142 G\u00f3rski Sklep Internetowy 8a.pl.","url":"https:\/\/8a.pl\/8academy\/author\/czmoch\/"}]}},"_links":{"self":[{"href":"https:\/\/8a.pl\/8academy\/wp-json\/wp\/v2\/posts\/34432","targetHints":{"allow":["GET"]}}],"collection":[{"href":"https:\/\/8a.pl\/8academy\/wp-json\/wp\/v2\/posts"}],"about":[{"href":"https:\/\/8a.pl\/8academy\/wp-json\/wp\/v2\/types\/post"}],"author":[{"embeddable":true,"href":"https:\/\/8a.pl\/8academy\/wp-json\/wp\/v2\/users\/5"}],"replies":[{"embeddable":true,"href":"https:\/\/8a.pl\/8academy\/wp-json\/wp\/v2\/comments?post=34432"}],"version-history":[{"count":1,"href":"https:\/\/8a.pl\/8academy\/wp-json\/wp\/v2\/posts\/34432\/revisions"}],"predecessor-version":[{"id":64505,"href":"https:\/\/8a.pl\/8academy\/wp-json\/wp\/v2\/posts\/34432\/revisions\/64505"}],"wp:featuredmedia":[{"embeddable":true,"href":"https:\/\/8a.pl\/8academy\/wp-json\/wp\/v2\/media\/34546"}],"wp:attachment":[{"href":"https:\/\/8a.pl\/8academy\/wp-json\/wp\/v2\/media?parent=34432"}],"wp:term":[{"taxonomy":"category","embeddable":true,"href":"https:\/\/8a.pl\/8academy\/wp-json\/wp\/v2\/categories?post=34432"},{"taxonomy":"post_tag","embeddable":true,"href":"https:\/\/8a.pl\/8academy\/wp-json\/wp\/v2\/tags?post=34432"}],"curies":[{"name":"wp","href":"https:\/\/api.w.org\/{rel}","templated":true}]}}