{"id":28266,"date":"2019-04-26T12:02:45","date_gmt":"2019-04-26T10:02:45","guid":{"rendered":"https:\/\/8a.pl\/8academy\/?p=28266"},"modified":"2024-05-19T20:04:07","modified_gmt":"2024-05-19T18:04:07","slug":"duze-plecaki-jaki-plecak-na-wakacje","status":"publish","type":"post","link":"https:\/\/8a.pl\/8academy\/duze-plecaki-jaki-plecak-na-wakacje\/","title":{"rendered":"Sprawdzamy \u015brednie i du\u017ce plecaki. Jaki plecak na d\u0142ugi weekend? Jaki plecak na wakacje?"},"content":{"rendered":"\n<p class=\"wp-block-paragraph\">Nie ka\u017cdy s\u0142owo \u201codpoczynek\u201d definiuje jako le\u017cenie plackiem na pla\u017cy. Te aktywniejsze formy sp\u0119dzania czasu wolnego, w kt\u00f3rych istotn\u0105 rol\u0119 odgrywa przemieszczanie si\u0119 z miejsca na miejsce, wymagaj\u0105 odpowiedniego ekwipunku oraz czego\u015b, w czym wyprawowy dobytek b\u0119dzie transportowany. W tym poradniku zajmiemy si\u0119 plecakami. Na &#8220;warsztat&#8221; we\u017amiemy sprz\u0119t, kt\u00f3ry jest wybierany, gdy do dyspozycji mamy nieco wi\u0119cej dni. Sprawdzamy co maj\u0105 do zaoferowania du\u017ce plecaki turystyczne oraz modele o \u015brednim litra\u017cu. A wi\u0119c jaki plecak na wakacje lub na d\u0142ugi weekend?<\/p>\n\n\n\n<figure class=\"wp-block-image alignnone kt\u00f3ry plecak an wakacje wp-image-28337 size-full\"><img fetchpriority=\"high\" decoding=\"async\" width=\"1000\" height=\"650\" src=\"https:\/\/8a.pl\/8academy\/wp-content\/uploads\/2019\/04\/3-plecak-na-wakacje.jpg\" alt=\"Jaki plecak na wakacje lub d\u0142ugi weekend\" class=\"wp-image-28337\" srcset=\"https:\/\/8a.pl\/8academy\/wp-content\/uploads\/2019\/04\/3-plecak-na-wakacje.jpg 1000w, https:\/\/8a.pl\/8academy\/wp-content\/uploads\/2019\/04\/3-plecak-na-wakacje-300x195.jpg 300w, https:\/\/8a.pl\/8academy\/wp-content\/uploads\/2019\/04\/3-plecak-na-wakacje-768x499.jpg 768w\" sizes=\"(max-width: 1000px) 100vw, 1000px\" \/><figcaption class=\"wp-element-caption\">Je\u015bli przed tob\u0105 wakacyjne lub d\u0142ugoweekendowe woja\u017ce, w kr\u0119gu twoich zainteresowa\u0144 znajd\u0105 si\u0119 \u015brednie i du\u017ce plecaki. (fot. Gregory)<\/figcaption><\/figure>\n\n\n\n<h2 class=\"wp-block-heading\" id=\"h-kiedy-przydaje-sie-plecak\">Kiedy przydaje si\u0119 plecak?<\/h2>\n\n\n\n<p class=\"wp-block-paragraph\"><a href=\"https:\/\/8a.pl\/plecaki-turystyczne\" target=\"_blank\" rel=\"noopener noreferrer\">Plecak turystyczny<\/a> nierozerwalnie kojarzy si\u0119 z g\u00f3rami, gdzie na dobr\u0105 spraw\u0119 nie ma konkurencji. \u017badne inne rozwi\u0105zanie nie jest w stanie zapewni\u0107 takiego komfortu podczas pokonywania d\u0142u\u017cszych dystans\u00f3w w trudniejszym terenie. Nie bez znaczenia jest tak\u017ce fakt, \u017ce plecak (w przeciwie\u0144stwie do cz\u0119sto pojawiaj\u0105cych si\u0119 w g\u00f3rskich memach, toreb i reklam\u00f3wek) nie anga\u017cuje r\u0105k. Mo\u017cemy dzi\u0119ki temu <a href=\"https:\/\/8a.pl\/8academy\/jak-chodzic-z-kijkami-trekkingowymi\/\" target=\"_blank\" rel=\"noopener noreferrer\">korzysta\u0107 z kijk\u00f3w trekkingowych<\/a> czy te\u017c trzyma\u0107 si\u0119 \u0142a\u0144cuch\u00f3w, pokonuj\u0105c odcinki z ekspozycjami.<\/p>\n\n\n\n<p class=\"wp-block-paragraph\">Plecaki turystyczne maj\u0105 jednak wzi\u0119cie nie tylko w\u015br\u00f3d fan\u00f3w g\u00f3r. Wybieraj\u0105 je tak\u017ce osoby nazywaj\u0105ce siebie podr\u00f3\u017cnikami czy backpackerami. W zasadzie ka\u017cdy, kto daje si\u0119 ponie\u015b\u0107 fantazji i rezygnuje ze zorganizowanego wypoczynku w ekskluzywnym hotelu na rzecz spontanicznych wycieczek, powinien rozwa\u017cy\u0107 zakup w\u0142a\u015bnie takiego sprz\u0119tu.<\/p>\n\n\n\n<h2 class=\"wp-block-heading\" id=\"h-jaki-plecak-na-wakacje-lub-dlugi-weekend-na-co-zwracac-uwage\">Jaki plecak na wakacje lub d\u0142ugi weekend? Na co zwraca\u0107 uwag\u0119?<\/h2>\n\n\n\n<p class=\"wp-block-paragraph\">Zanim jeszcze spakujesz si\u0119 na wyczekiwany urlop lub d\u0142ugoweekendow\u0105 wycieczk\u0119, mog\u0105 pojawi\u0107 si\u0119&#8230; &#8220;schody&#8221;. Wyb\u00f3r plecaka to nie jest prosta sprawa, bo i oferta przygotowana przez producent\u00f3w bywa bardzo szeroka.<\/p>\n\n\n\n<h3 class=\"wp-block-heading\" id=\"h-plecak-na-wakacje-lub-dlugi-weekend-pojemnosc\">Plecak na wakacje lub d\u0142ugi weekend &#8211; pojemno\u015b\u0107<\/h3>\n\n\n\n<p class=\"wp-block-paragraph\">Najwi\u0119ksze emocje budz\u0105 zazwyczaj decyzje dotycz\u0105ce pojemno\u015bci plecaka, bo trzeba przewidzie\u0107 rozw\u00f3j wypadk\u00f3w i do tego precyzyjnie trafi\u0107 z litra\u017cem. Zbyt ma\u0142y plecak stanie si\u0119 bohaterem sennych koszmar\u00f3w, m\u0119cz\u0105cych osoby, kt\u00f3re lubi\u0105 mie\u0107 pod r\u0119k\u0105 rozwi\u0105zanie na ka\u017cdy, ewentualny problem. Zbyt du\u017ce plecaki to przemieszczaj\u0105cy si\u0119 ekwipunek, niebezpiecze\u0144stwo zaczepienia si\u0119 o ga\u0142\u0105\u017a i pokusa, by co\u015b jeszcze do\u0142o\u017cy\u0107 (co nie zawsze wychodzi na zdrowie).<\/p>\n\n\n\n<p class=\"wp-block-paragraph\">Pojemno\u015b\u0107 to pierwsza rzecz, o jak\u0105 zapyta ci\u0119 sprzedawca. \u017beby si\u0119 dobrze przygotowa\u0107 do takiej rozmowy, wcze\u015bniej zadaj sobie kilka pyta\u0144. Przemy\u015bl, gdzie konkretnie planujesz wykorzystywa\u0107 sw\u00f3j nowy sprz\u0119t i jak bardzo jeste\u015b sk\u0142onny (-a) uszczupli\u0107 sw\u00f3j ekwipunek. Inaczej b\u0119dzie wygl\u0105da\u0107 sprawa, gdy szykujesz si\u0119 na wycieczki miejskie, a inaczej gdy zamierzasz odwiedza\u0107 g\u00f3ry. Cel wycieczki, charakter aktywno\u015bci oraz twoje osobiste preferencje i przyzwyczajenia maj\u0105 kluczowe znaczenie przy doborze litra\u017cu. To co jest pretekstem wyjazdu, nie ma wi\u0119kszego znaczenia. Plecak na wakacje (ze wzgl\u0119du na d\u0142ugo\u015b\u0107 typowego urlopu, znany te\u017c jako &#8220;plecak na dwa tygodnie&#8221;) to zwykle ten sam model, do kt\u00f3rego pakujesz si\u0119 na d\u0142ugi weekend (no chyba, \u017ce w domu posiadasz wi\u0119ksz\u0105 kolekcj\u0119 plecak\u00f3w).<\/p>\n\n\n\n<figure class=\"wp-block-image alignnone plecak dla podr\u00f3\u017cnika wp-image-28339 size-full\"><img decoding=\"async\" width=\"1000\" height=\"650\" src=\"https:\/\/8a.pl\/8academy\/wp-content\/uploads\/2019\/04\/4-plecak-na-wakacje-stop.jpg\" alt=\"Jaki plecak do autostopu\" class=\"wp-image-28339\" srcset=\"https:\/\/8a.pl\/8academy\/wp-content\/uploads\/2019\/04\/4-plecak-na-wakacje-stop.jpg 1000w, https:\/\/8a.pl\/8academy\/wp-content\/uploads\/2019\/04\/4-plecak-na-wakacje-stop-300x195.jpg 300w, https:\/\/8a.pl\/8academy\/wp-content\/uploads\/2019\/04\/4-plecak-na-wakacje-stop-768x499.jpg 768w\" sizes=\"(max-width: 1000px) 100vw, 1000px\" \/><figcaption class=\"wp-element-caption\">Du\u017ce plecaki mog\u0105 nie by\u0107 konieczne, gdy zamiast w\u0119drowania po g\u00f3rach podr\u00f3\u017cuje si\u0119 autostopem. (fot. Gregory)<\/figcaption><\/figure>\n\n\n\n<h3 class=\"wp-block-heading\" id=\"h-plecak-do-miasta\"><strong>Plecak do miasta<\/strong><\/h3>\n\n\n\n<p class=\"wp-block-paragraph\">W\u015br\u00f3d zabudowa\u0144 \u0142atwiej znale\u017a\u0107 schronienie na wypadek ulewy, a w hostelach dost\u0119pne s\u0105 pralki. Je\u015bli jeste\u015b osob\u0105 ceni\u0105c\u0105 rozwi\u0105zania praktyczne, to na taki wyjazd nie b\u0119dziesz potrzebowa\u0107 wielu ubra\u0144. No i rzecz w tym kontek\u015bcie kluczowa: w mie\u015bcie nie ma konieczno\u015bci robienia zapas\u00f3w wody, czy \u017cywno\u015bci. Nie trzeba te\u017c zabiera\u0107 sprz\u0119tu u\u0142atwiaj\u0105cego poruszanie si\u0119 w trudniejszym terenie. W\u0119drowcom przemierzaj\u0105cym miejskie szlaki powinny wystarczy\u0107 modele \u015brednie. Takie o pojemno\u015bci 40-50 l. No chyba, \u017ce jeste\u015b mocno przywi\u0105zany (-a) do starego laptopa i w plecaku zamierzasz te\u017c nosi\u0107 spor\u0105 lustrzank\u0119 z zapasem obiektyw\u00f3w &#8211; wtedy du\u017ce plecaki mog\u0105 mie\u0107 uzasadnienie.<\/p>\n\n\n\n<h3 class=\"wp-block-heading\" id=\"h-plecak-na-wedrowke-od-schroniska-do-schroniska\"><strong>Plecak na w\u0119dr\u00f3wk\u0119 od schroniska do schroniska<\/strong><\/h3>\n\n\n\n<p class=\"wp-block-paragraph\">Wakacje to dobry moment na g\u00f3rskie wyzwania, mo\u017cna wtedy, na przyk\u0142ad, zmierzy\u0107 si\u0119 z kt\u00f3rym\u015b ze szlak\u00f3w \u015brednio lub d\u0142ugodystansowych. Najs\u0142ynniejsze z polskich tras: <a href=\"https:\/\/8a.pl\/8academy\/jak-przejsc-glowny-szlak-beskidzki\/\" target=\"_blank\" rel=\"noreferrer noopener\">G\u0142\u00f3wny Szlak Beskidzki<\/a> i <a href=\"https:\/\/8a.pl\/8academy\/jak-przejsc-glowny-szlak-sudecki\/\" target=\"_blank\" rel=\"noreferrer noopener\">G\u0142\u00f3wny Szlak Sudecki<\/a>, wymagaj\u0105 troch\u0119 czasu, ale nie potrzebuj\u0105 zaawansowanej logistyki. Je\u015bli tylko chcesz, jeste\u015b w stanie przej\u015b\u0107 oba trakty bez konieczno\u015bci biwakowania. Co to oznacza? Przede wszystkim mniej obszerny ekwipunek. Jak zdecydujesz si\u0119 na noclegi w schroniskach, odpadnie ci konieczno\u015b\u0107 d\u017awigania ze sob\u0105 <a href=\"https:\/\/8a.pl\/namioty-turystyczne\" target=\"_blank\" rel=\"noreferrer noopener\">namiotu<\/a> (lub tarpu), karimaty, a mo\u017ce i nawet <a href=\"https:\/\/8a.pl\/spiwory-turystyczne\" target=\"_blank\" rel=\"noreferrer noopener\">\u015bpiwora<\/a>. <\/p>\n\n\n\n<p class=\"wp-block-paragraph\">To du\u017ca ulga, nawet gdy posiadasz sprz\u0119t w wersji ultra light. Gdy jeszcze zamierzasz mo\u017cliwie cz\u0119sto jada\u0107 w schroniskowych bufetach, odpadnie ci noszenie kuchenki z kartuszem, naczy\u0144 i zapasu \u017cywno\u015bci.&nbsp;Wniosek? Na chodzenie od schroniska do schroniska mo\u017ce&nbsp;wystarczy\u0107 plecak o \u015bredniej wielko\u015bci &#8211; taki o pojemno\u015bci 40 &#8211; 50 l. Mo\u017ce, ale nie musi. Jedzenie w schroniskach do najta\u0144szych nie nale\u017cy, za noclegi te\u017c trzeba zap\u0142aci\u0107. Opisana powy\u017cej opcja wymaga\u0107 b\u0119dzie pewnych nak\u0142ad\u00f3w finansowych. Sporo os\u00f3b szuka wi\u0119c kompromisu i dla obci\u0119cia koszt\u00f3w wybiera spanie we w\u0142asnym \u015bpiworze lub na glebie, a w bufecie prosi jedynie o wrz\u0105tek. Taka strategia oznacza\u0107 te\u017c mo\u017ce konieczno\u015b\u0107 zabrania nieco wi\u0119kszego plecaka.<\/p>\n\n\n\n<h3 class=\"wp-block-heading\" id=\"h-plecak-na-biwak\"><strong>Plecak na biwak<\/strong><\/h3>\n\n\n\n<p class=\"wp-block-paragraph\">Za\u0142\u00f3\u017cmy, \u017ce szykujesz si\u0119 na w\u0119dr\u00f3wk\u0119 po\u0142\u0105czon\u0105 z biwakowaniem. Przygotowuj\u0105c ekwipunek musi wi\u0119c uwzgl\u0119dni\u0107 wiele dodatkowych pozycji, kt\u00f3re pozwol\u0105 ci &#8220;przetrwa\u0107&#8221; wystarczaj\u0105co d\u0142ugo na odludziu. Namiot, <a href=\"https:\/\/8a.pl\/8academy\/karimata-czy-mata-karimata-czy-materac\/\" target=\"_blank\" rel=\"noreferrer noopener\">mata<\/a>, \u015bpiw\u00f3r, <a href=\"https:\/\/8a.pl\/kuchenki-turystyczne\/\">kuchenka<\/a> z kartuszem, <a href=\"https:\/\/8a.pl\/8academy\/naczynia-turystyczne-ze-stali-nierdzewnej-plastikowe-aluminiowe-tytanowe\/\" target=\"_blank\" rel=\"noreferrer noopener\">naczynia<\/a> i sztu\u0107ce &#8211; to akcesoria obowi\u0105zkowe. Mo\u017cna te\u017c pomy\u015ble\u0107 o innych przydatnych dodatkach, kt\u00f3re mog\u0105 poprawi\u0107 komfort, ale z pewno\u015bci\u0105 podnios\u0105 te\u017c wag\u0119 i gabaryty takiego baga\u017cu. Do listy dopisa\u0107 nale\u017cy zapasy jedzenia (ich wielko\u015b\u0107 zale\u017cy od tego, jak cz\u0119sto odwiedza\u0107 b\u0119dziesz osady ludzkie), a czasem te\u017c wody (gdyby po drodze brakowa\u0142o \u017ar\u00f3de\u0142ek). Jak wida\u0107 zmiennych jest sporo i od nich w du\u017cej mierze zale\u017ce\u0107 b\u0119dzie tw\u00f3j wyb\u00f3r. Nie podlega jednak w\u0105tpliwo\u015bci, \u017ce odpowiednie na biwak b\u0119d\u0105 du\u017ce plecaki. Takie o pojemno\u015bci 65 &#8211; 70 litr\u00f3w, a nawet wi\u0119ksze.<\/p>\n\n\n\n<figure class=\"wp-block-image alignnone wygodny plecak w g\u00f3ry wp-image-28340 size-full\"><img decoding=\"async\" width=\"1000\" height=\"650\" src=\"https:\/\/8a.pl\/8academy\/wp-content\/uploads\/2019\/04\/5-system-nosny.jpg\" alt=\"Plecaki z zaawansowanym systemem no\u015bnym\" class=\"wp-image-28340\" srcset=\"https:\/\/8a.pl\/8academy\/wp-content\/uploads\/2019\/04\/5-system-nosny.jpg 1000w, https:\/\/8a.pl\/8academy\/wp-content\/uploads\/2019\/04\/5-system-nosny-300x195.jpg 300w, https:\/\/8a.pl\/8academy\/wp-content\/uploads\/2019\/04\/5-system-nosny-768x499.jpg 768w\" sizes=\"(max-width: 1000px) 100vw, 1000px\" \/><figcaption class=\"wp-element-caption\">Du\u017ce plecaki powinny mie\u0107 niezawodny system no\u015bny. Na zdj\u0119ciu <a href=\"https:\/\/8a.pl\/8academy\/plecak-trekkingowy-gregory-deva-70-baltoro-75-test\/\">plecak trekkingowy Gregory Baltoro 75<\/a>. (fot. Gregory)<\/figcaption><\/figure>\n\n\n\n<h2 class=\"wp-block-heading\" id=\"h-system-nosny\">System no\u015bny<\/h2>\n\n\n\n<p class=\"wp-block-paragraph\">W przypadku modeli z kategorii \u015brednie i du\u017ce plecaki, rola systemu no\u015bnego jest jeszcze wi\u0119ksza ni\u017c w modelach skonstruowanych <a href=\"https:\/\/8a.pl\/8academy\/jaki-plecak-na-wycieczki-jednodniowe\/\" target=\"_blank\" rel=\"noopener noreferrer\">z my\u015bl\u0105 o wycieczkach jednodniowych<\/a>. Od tego, jak zosta\u0142 on zaprojektowany i z jak\u0105 staranno\u015bci\u0105 wykonany w du\u017cej mierze zale\u017cy komfort twoich plec\u00f3w. Wi\u0119kszy ekwipunek wymaga przemy\u015blanego roz\u0142o\u017cenia ci\u0119\u017caru i odpowiedniego &#8220;zamocowania&#8221;, tak aby dodatkowe kilogramy nie uprzykrza\u0142y ci w\u0119dr\u00f3wki, a koszulka nie nasi\u0105ka\u0142a zbyt szybko potem. W sk\u0142ad systemu no\u015bnego wchodz\u0105:<\/p>\n\n\n\n<h3 class=\"wp-block-heading\" id=\"h-stelaz\"><strong>Stela\u017c<\/strong><\/h3>\n\n\n\n<p class=\"wp-block-paragraph\">specjalne usztywnienie stosowane w niekt\u00f3rych plecakach, maj\u0105ce poprawi\u0107 komfort u\u017cytkowania. Dawniej w tej roli wyst\u0119powa\u0142y aluminiowe rurki, pozwalaj\u0105ce na odpowiednie u\u0142o\u017cenie materia\u0142u (stela\u017c zewn\u0119trzny). Dzi\u015b zast\u0105pi\u0142y je p\u0142askowniki z lekkich materia\u0142\u00f3w, kt\u00f3re wsuwane s\u0105 w specjalne kieszonki (stela\u017c wewn\u0119trzny), by nada\u0107 tej cz\u0119\u015bci profil odpowiednio wsp\u00f3\u0142graj\u0105cy z sylwetk\u0105 u\u017cytkownika.<\/p>\n\n\n\n<h3 class=\"wp-block-heading\" id=\"h-szelki\"><strong>Szelki<\/strong><\/h3>\n\n\n\n<p class=\"wp-block-paragraph\">&#8211; to jeden z element\u00f3w definiuj\u0105cych plecak. W przypadku wi\u0119kszych modeli, kt\u00f3re zamierzamy obci\u0105\u017ca\u0107 powa\u017cniejszym ekwipunkiem, warto starannie przyjrze\u0107 si\u0119 detalom wp\u0142ywaj\u0105cym na jako\u015b\u0107 wykonania szelek. By zapobiec obtarciom ramion, wy\u015bciela si\u0119 je przyjemn\u0105 g\u0105bk\u0105. Wydawa\u0107 by si\u0119 mog\u0142o, \u017ce w projektowaniu szelek nie ma wi\u0119kszej filozofii, tymczasem niekt\u00f3rzy producenci w trosce o wygod\u0119 u\u017cytkownik\u00f3w stosuj\u0105 ciekawe patenty. Przyk\u0142adem mo\u017ce by\u0107 Response A3 Suspension &#8211; system&nbsp;mocowania pas\u00f3w ramiennych stosowany przez mark\u0119 <a href=\"https:\/\/8a.pl\/gregory\" target=\"_blank\" rel=\"noreferrer noopener\">Gregory<\/a>, kt\u00f3ry sprawia, \u017ce ich u\u0142o\u017cenie dostosowuje si\u0119 do sylwetki u\u017cytkownika.<\/p>\n\n\n\n<h3 class=\"wp-block-heading\" id=\"h-pas-biodrowy\"><strong>Pas biodrowy<\/strong><\/h3>\n\n\n\n<p class=\"wp-block-paragraph\">&#8211; w mniejszych modelach, gdy liczy si\u0119 waga, producenci potrafi\u0105 z niego zrezygnowa\u0107. Je\u015bli jednak interesuj\u0105 ci\u0119 \u015brednie b\u0105d\u017a du\u017ce plecaki, nie mo\u017ce go zabrakn\u0105\u0107. Rachunek jest prosty: to w\u0142a\u015bnie pas biodrowy (a nie szelki!) przenosi nawet 70% obci\u0105\u017cenia, daj\u0105c ulg\u0119 twoim plecom.<\/p>\n\n\n\n<h3 class=\"wp-block-heading\" id=\"h-pas-piersiowy\"><strong>Pas piersiowy<\/strong><\/h3>\n\n\n\n<p class=\"wp-block-paragraph\">&#8211; ma\u0142y, dodatkowy pasek, znajduj\u0105cy si\u0119 na wysoko\u015bci piersi i spinaj\u0105cy ze sob\u0105 szelki. Dzi\u0119ki niemu system no\u015bny jest bardziej stabilny. Gdy go zapniesz, ul\u017cysz nieco swoim plecom.<\/p>\n\n\n\n<h3 class=\"wp-block-heading\" id=\"h-uklad-wentylacyjny\"><strong>Uk\u0142ad wentylacyjny<\/strong><\/h3>\n\n\n\n<p class=\"wp-block-paragraph\">ma zatroszczy\u0107 si\u0119 o komfort termiczny plec\u00f3w. Idea jest prosta: plecak trzeba nieco odsun\u0105\u0107 od cia\u0142a, by umo\u017cliwi\u0107 odpowiedni\u0105 cyrkulacj\u0119 powietrza. Sposoby mog\u0105 by\u0107 r\u00f3\u017cne. Du\u017ce plecaki najcz\u0119\u015bciej wyposa\u017cone s\u0105 w specjalne g\u0105bki, pomi\u0119dzy kt\u00f3rymi tworz\u0105 si\u0119 wolne przestrzenie. Dzi\u0119ki temu para wodna, kt\u00f3ra powstaje przy okazji zwi\u0119kszonego wysi\u0142ku, znajduje uj\u015bcie. Rozwi\u0105zanie alternatywne, (kt\u00f3re jednak zdecydowanie cz\u0119\u015bciej spotkamy w wersjach o ma\u0142ym litra\u017cu), polega na u\u017cyciu siateczki dystansuj\u0105cej.<\/p>\n\n\n\n<figure class=\"wp-block-image alignnone praktyczny plecak wp-image-28341 size-full\"><img loading=\"lazy\" decoding=\"async\" width=\"1000\" height=\"650\" src=\"https:\/\/8a.pl\/8academy\/wp-content\/uploads\/2019\/04\/6-boczna-kieszen.jpg\" alt=\"\" class=\"wp-image-28341\" srcset=\"https:\/\/8a.pl\/8academy\/wp-content\/uploads\/2019\/04\/6-boczna-kieszen.jpg 1000w, https:\/\/8a.pl\/8academy\/wp-content\/uploads\/2019\/04\/6-boczna-kieszen-300x195.jpg 300w, https:\/\/8a.pl\/8academy\/wp-content\/uploads\/2019\/04\/6-boczna-kieszen-768x499.jpg 768w\" sizes=\"(max-width: 1000px) 100vw, 1000px\" \/><figcaption class=\"wp-element-caption\">Boczna kiesze\u0144 z siateczki to idealne miejsce na butelk\u0119 z wod\u0105. Na zdj\u0119ciu plecak Gregory Jade 53. (fot. Gregory)<\/figcaption><\/figure>\n\n\n\n<h3 class=\"wp-block-heading\" id=\"h-ilosc-komor\">Ilo\u015b\u0107 kom\u00f3r<\/h3>\n\n\n\n<p class=\"wp-block-paragraph\">System no\u015bmy, w jaki wyposa\u017cony b\u0119dzie tw\u00f3j plecak na wakacje, musi by\u0107 gotowy na nieco wi\u0119ksze obci\u0105\u017cenia. Najwi\u0119ksze i najci\u0119\u017csze rzeczy zwykle l\u0105duj\u0105 w komorze lub komorach plecaka. No w\u0142a\u015bnie! Kt\u00f3ra opcja jest lepsza?<\/p>\n\n\n\n<p class=\"wp-block-paragraph\">Plecaki z jedn\u0105 niepodzieln\u0105 komor\u0105 chwalone s\u0105 przez osoby, kt\u00f3rym bardzo zale\u017cy na ograniczeniu wagi (w ko\u0144cu materia\u0142, kt\u00f3ry przedziela wn\u0119trze na dwie cz\u0119\u015bci, musi par\u0119 gram\u00f3w wa\u017cy\u0107). Modele wyposa\u017cone w dwie niezale\u017cne komory to raczej propozycja dla turyst\u00f3w pragn\u0105cych lepiej zapanowa\u0107 nad swoim baga\u017cem. Jest jeszcze rozwi\u0105zanie dla niezdecydowanych, a mianowicie plecak z odpinan\u0105 przegrod\u0105.<\/p>\n\n\n\n<h3 class=\"wp-block-heading\" id=\"h-ilosc-kieszeni\">Ilo\u015b\u0107 kieszeni<\/h3>\n\n\n\n<p class=\"wp-block-paragraph\">Wszelkiego rodzaju drobiazgi (takie, jak: <a href=\"https:\/\/8a.pl\/czolowki-i-latarki\" target=\"_blank\" rel=\"noopener noreferrer\">czo\u0142\u00f3wka<\/a>, scyzoryk czy krem z filtrem UV) najlepiej trzyma\u0107 w mniejszych kieszeniach. Dzi\u0119ki temu, \u0142atwiej b\u0119dzie je zlokalizowa\u0107, gdy stan\u0105 si\u0119 potrzebne. Du\u017ca ilo\u015b\u0107 kieszeni i przegr\u00f3dek pomaga w organizacji, ale te\u017c podnosi wag\u0119 plecaka, dlatego minimali\u015bci nierzadko wol\u0105 wi\u0119cej czasu po\u015bwi\u0119ci\u0107 na szukanie drobiazg\u00f3w wrzuconych do g\u0142\u00f3wnej komory, ni\u017c d\u017awiga\u0107 nieco wi\u0119ksze ci\u0119\u017cary. Praktycznym dodatkiem s\u0105 zewn\u0119trzne kieszenie z siateczki &#8211; idealnie nadaj\u0105 si\u0119 do tego, by schowa\u0107 rzeczy, kt\u00f3re chcemy mie\u0107 pod r\u0119k\u0105.<\/p>\n\n\n\n<h3 class=\"wp-block-heading\" id=\"h-dostep-do-zawartosci\">Dost\u0119p do zawarto\u015bci<\/h3>\n\n\n\n<p class=\"wp-block-paragraph\"><a href=\"https:\/\/8a.pl\/8academy\/jak-spakowac-plecak\/\" target=\"_blank\" rel=\"noopener noreferrer\">Pakowanie plecaka<\/a> to zaj\u0119cie podczas kt\u00f3rego liczy si\u0119 dobra strategia. Niestety, nawet najbardziej do\u015bwiadczeni w\u0119drowcy nie s\u0105 w stanie wszystkiego przewidzie\u0107. Niewykluczone, \u017ce na trasie pilnie potrzebowa\u0107 b\u0119dziesz rzeczy, kt\u00f3ra spoczywa sobie gdzie\u015b na samym dnie. Czy wtedy trzeba wysypywa\u0107 ca\u0142\u0105 zawarto\u015b\u0107, by szybko dotrze\u0107 do tego, co jest niezb\u0119dne? Niekoniecznie! Czasami mo\u017cna skorzysta\u0107 z pewnego &#8220;skr\u00f3tu&#8221; &#8211; wystarczy, \u017ce plecak posiada dodatkowy zamek, kt\u00f3ry pozwoli dosta\u0107 si\u0119 do \u015brodkowych lub dolnych zakamark\u00f3w, bez konieczno\u015bci robienia w baga\u017cu niepotrzebnej rewolucji.<\/p>\n\n\n\n<figure class=\"wp-block-image alignnone plecak na w\u0119dr\u00f3wki wp-image-28335 size-full\"><img loading=\"lazy\" decoding=\"async\" width=\"1000\" height=\"650\" src=\"https:\/\/8a.pl\/8academy\/wp-content\/uploads\/2019\/04\/2-plecak-na-wakcje-troczenie.jpg\" alt=\"Jaki plecak na wyjazd w g\u00f3ry\" class=\"wp-image-28335\" srcset=\"https:\/\/8a.pl\/8academy\/wp-content\/uploads\/2019\/04\/2-plecak-na-wakcje-troczenie.jpg 1000w, https:\/\/8a.pl\/8academy\/wp-content\/uploads\/2019\/04\/2-plecak-na-wakcje-troczenie-300x195.jpg 300w, https:\/\/8a.pl\/8academy\/wp-content\/uploads\/2019\/04\/2-plecak-na-wakcje-troczenie-768x499.jpg 768w\" sizes=\"(max-width: 1000px) 100vw, 1000px\" \/><figcaption class=\"wp-element-caption\">Nawet te du\u017ce plecaki, mog\u0105 w \u015brodku nie pomie\u015bci\u0107 wszystkiego. Je\u015bli chcesz mie\u0107 wi\u0119ksze pole manewru, wybierz model, w kt\u00f3rym mo\u017cna co\u015b przytroczy\u0107 na zewn\u0105trz. (fot. Deuter)<\/figcaption><\/figure>\n\n\n\n<h3 class=\"wp-block-heading\" id=\"h-troki-i-petelki\">Troki i p\u0119telki<\/h3>\n\n\n\n<p class=\"wp-block-paragraph\">Nawet te du\u017ce plecaki mog\u0105 w \u015brodku nie pomie\u015bci\u0107 wszystkiego, co chcesz zabra\u0107. Na szcz\u0119\u015bcie wi\u0119kszo\u015b\u0107 modeli umo\u017cliwia przenoszenie sprz\u0119tu przytwierdzonego na zewn\u0105trz. W taki spos\u00f3b nosi\u0107 mo\u017cna wiele akcesori\u00f3w: od <a href=\"https:\/\/8a.pl\/butelki-turystyczne\" target=\"_blank\" rel=\"noopener noreferrer\">butelki na wod\u0119<\/a> po mat\u0119. Liczne troki i p\u0119telki zwi\u0119kszaj\u0105 pole manewru, bo dzi\u0119ki nim plecak o \u015bredniej wielko\u015bci nierzadko daje te\u017c rad\u0119 podczas d\u0142u\u017cszej i bardziej wymagaj\u0105cej wycieczki. Nale\u017cy jednak pami\u0119ta\u0107, \u017ce wszystko ma swoje granice. Je\u015bli przesadzisz z troczeniem, tw\u00f3j plecak zacznie przypomina\u0107 pokraczn\u0105 choink\u0119. Co gorsza: stanie si\u0119 mniej wygodny, a przypadkowe zahaczenie o ga\u0142\u0105\u017a czy sztuczne u\u0142atwienia, mo\u017ce by\u0107 przyczyn\u0105 wypadku.<\/p>\n\n\n\n<h3 class=\"wp-block-heading\" id=\"h-paski-kompresyjne\">Paski kompresyjne<\/h3>\n\n\n\n<p class=\"wp-block-paragraph\">O ile paski opisywane powy\u017cej pozwalaj\u0105 zabra\u0107 wi\u0119cej, te sprawdz\u0105 si\u0119 gdy chcesz mie\u0107 przy sobie nieco mniej. Je\u015bli w obszernej komorze chowasz niedu\u017c\u0105 ilo\u015b\u0107 sprz\u0119tu, istnieje ryzyko, \u017ce b\u0119dzie si\u0119 on wewn\u0105trz przemieszcza\u0142. Nie jest to sytuacja komfortowa. Do redukcji pojemno\u015bci wykorzysta\u0107 mo\u017cna w\u0142a\u015bnie paski kompresyjne.<\/p>\n\n\n\n<h3 class=\"wp-block-heading\" id=\"h-komin\">Komin<\/h3>\n\n\n\n<p class=\"wp-block-paragraph\">Je\u015bli zale\u017cy ci na plecaku uniwersalnym, kt\u00f3ry w \u0142atwy spos\u00f3b dostosujesz do aktualnych potrzeb, pomy\u015bl o modelu z kominem. Pod tym s\u0142owem kryje si\u0119 dodatkowy kawa\u0142ek materia\u0142u, kt\u00f3ry po roz\u0142o\u017ceniu, wyd\u0142u\u017ca komor\u0119 plecaka. Wersje wyposa\u017cone w taki dodatek zwykle mo\u017cna pozna\u0107 po specyficznym zapisie litra\u017cu, w kt\u00f3rym dwie warto\u015bci &#8211; obj\u0119to\u015b\u0107 podstawow\u0105 oraz obj\u0119to\u015b\u0107 samego komina &#8211; rozdziela znak plus (np. 75 + 10).<\/p>\n\n\n\n<figure class=\"wp-block-image alignnone plecak z mocnego materia\u0142u wp-image-28343 size-full\"><img loading=\"lazy\" decoding=\"async\" width=\"1000\" height=\"650\" src=\"https:\/\/8a.pl\/8academy\/wp-content\/uploads\/2019\/04\/7-materia\u0142.jpg\" alt=\"Wytrzyma\u0142e plecaki\" class=\"wp-image-28343\" srcset=\"https:\/\/8a.pl\/8academy\/wp-content\/uploads\/2019\/04\/7-materia\u0142.jpg 1000w, https:\/\/8a.pl\/8academy\/wp-content\/uploads\/2019\/04\/7-materia\u0142-300x195.jpg 300w, https:\/\/8a.pl\/8academy\/wp-content\/uploads\/2019\/04\/7-materia\u0142-768x499.jpg 768w\" sizes=\"(max-width: 1000px) 100vw, 1000px\" \/><figcaption class=\"wp-element-caption\">Jaki plecak na wakacje? Na pewno wytrzyma\u0142y, bo z wyprawowym ekwipunkiem nie zawsze obchodzimy si\u0119 delikatnie. (fot. Gregory)<\/figcaption><\/figure>\n\n\n\n<h3 class=\"wp-block-heading\" id=\"h-material\">Materia\u0142<\/h3>\n\n\n\n<p class=\"wp-block-paragraph\">Jaki plecak na wakacje? Na pewno solidny, bo tylko taki jest w stanie pom\u00f3c ci w realizacji ambitnych plan\u00f3w. Solidny, czyli uszyty z wytrzyma\u0142ych materia\u0142\u00f3w. Nowoczesne tkaniny, kt\u00f3re stawi\u0105 czo\u0142a wymagaj\u0105cym, outdoorowym warunkom, a przy tym s\u0105 dosy\u0107 lekkie, musz\u0105 te\u017c nieco wi\u0119cej kosztowa\u0107. Je\u015bli wi\u0119c widzisz plecak, kt\u00f3ry jest wyj\u0105tkowo tani, lepiej podchod\u017a do takich &#8220;okazji&#8221; sceptycznie. Producent, by zaoferowa\u0107 wyj\u0105tkowo korzystn\u0105 cen\u0119, na czym\u015b musia\u0142 zaoszcz\u0119dzi\u0107, a skoro nie wida\u0107 innych oznak ci\u0119\u0107 finansowych, to bardzo prawdopodobne, i\u017c u\u017cy\u0142 lichych materia\u0142\u00f3w.<\/p>\n\n\n\n<p class=\"wp-block-paragraph\">W sektorze plecak\u00f3w outdoorowych kr\u00f3luj\u0105 dzi\u015b r\u00f3\u017cnego rodzaju nylony i poliestry. Rzadziej spotykana jest super wytrzyma\u0142a&nbsp;CORDURA\u00ae, kt\u00f3ra charakteryzuje si\u0119 nieco wy\u017csz\u0105 wag\u0105. Zdarza si\u0119, \u017ce producenci id\u0105 na kompromis, u\u017cywaj\u0105c r\u00f3\u017cnych materia\u0142\u00f3w. Te mocniejsze chroni\u0105 miejsca najbardziej nara\u017cone na przetarcia.<\/p>\n\n\n\n<h3 class=\"wp-block-heading\" id=\"h-zamki\">Zamki<\/h3>\n\n\n\n<p class=\"wp-block-paragraph\">Wydawa\u0107 si\u0119 mo\u017ce, i\u017c to tylko szczeg\u00f3\u0142. Owszem, ale szczeg\u00f3\u0142 bardzo istotny. Zepsuty zamek w plecaku potrafi uprzykrzy\u0107 ka\u017cdy wyjazd. Je\u015bli taka awaria zdarzy si\u0119 gdzie\u015b z dala od cywilizacji, mo\u017cesz mie\u0107 spory problem. Dlatego lepiej dmucha\u0107 na zimne i szerokim \u0142ukiem omija\u0107 producent\u00f3w niegwarantuj\u0105cych najwy\u017cszej jako\u015bci. W tej bran\u017cy hierarchia od lat jest taka sama, a najwi\u0119ksz\u0105 renom\u0119 maj\u0105 wyroby japo\u0144skiej firmy YKK. Kupuj\u0105c plecak, warto wi\u0119c sprawdzi\u0107, czy te trzy literki widniej\u0105 na suwakach.<\/p>\n\n\n\n<figure class=\"wp-block-image alignnone plecaki na buk\u0142ak wp-image-28345 size-full\"><img loading=\"lazy\" decoding=\"async\" width=\"1000\" height=\"650\" src=\"https:\/\/8a.pl\/8academy\/wp-content\/uploads\/2019\/04\/8-system-nawadniania.jpg\" alt=\"Plecaki z buk\u0142akiem\" class=\"wp-image-28345\" srcset=\"https:\/\/8a.pl\/8academy\/wp-content\/uploads\/2019\/04\/8-system-nawadniania.jpg 1000w, https:\/\/8a.pl\/8academy\/wp-content\/uploads\/2019\/04\/8-system-nawadniania-300x195.jpg 300w, https:\/\/8a.pl\/8academy\/wp-content\/uploads\/2019\/04\/8-system-nawadniania-768x499.jpg 768w\" sizes=\"(max-width: 1000px) 100vw, 1000px\" \/><figcaption class=\"wp-element-caption\">Jaki plecak na wakacje? Mo\u017ce taki z systemem nawadniania? (fot Deuter)<\/figcaption><\/figure>\n\n\n\n<h2 class=\"wp-block-heading\" id=\"h-plecak-na-wakacje-praktyczne-dodatki\">Plecak na wakacje &#8211; praktyczne dodatki<\/h2>\n\n\n\n<p class=\"wp-block-paragraph\">Producenci plecak\u00f3w nie poprzestaj\u0105 na rozwi\u0105zaniach standardowych, proponuj\u0105c u\u017cytkownikom systemy, kt\u00f3re mog\u0105 poprawi\u0107 komfort u\u017cytkowania. Poni\u017cej przedstawiamy najpopularniejsze z dodatk\u00f3w, w jakie wyposa\u017cone mog\u0105 by\u0107 wsp\u00f3\u0142czesne plecaki.<\/p>\n\n\n\n<h3 class=\"wp-block-heading\" id=\"h-system-nawadniania\">System nawadniania<\/h3>\n\n\n\n<p class=\"wp-block-paragraph\">Podczas wzmo\u017conego wysi\u0142ku bardzo wa\u017cn\u0105 rzecz\u0105 jest regularne przyjmowanie p\u0142yn\u00f3w. Przerwy na \u0142yk wody, podczas kt\u00f3rych trzeba zrzuci\u0107 plecak i znale\u017a\u0107 butelk\u0119, to uciekaj\u0105ce minuty &#8211; cz\u0119sto bardzo cenne. Ale jest metoda, dzi\u0119ki kt\u00f3rej ograniczysz ilo\u015b\u0107 postoj\u00f3w i &#8211; co wa\u017cne &#8211; nie odbije si\u0119 to na gospodarce wodnej twojego organizmu. Wystarczy, \u017ce posiadasz plecak kompatybilny z systemem nawadniania (czyli taki, w kt\u00f3rym mo\u017cliwe jest zamontowanie <a href=\"https:\/\/8a.pl\/buklaki-na-wode\" target=\"_blank\" rel=\"noopener noreferrer\">buk\u0142aka<\/a>), a uzupe\u0142nianie p\u0142yn\u00f3w b\u0119dzie mog\u0142o odbywa\u0107 si\u0119&#8230; w drodze. Co wi\u0119cej, w takiej sytuacji po wod\u0119 mo\u017cesz si\u0119ga\u0107 cz\u0119\u015bciej, co b\u0119dzie z korzy\u015bci\u0105 dla organizmu.<\/p>\n\n\n\n<p class=\"wp-block-paragraph\"><em>[<a href=\"https:\/\/8a.pl\/8academy\/buklak-do-plecaka\/\" target=\"_blank\" rel=\"noopener noreferrer\">O buk\u0142akach<\/a> przeczytasz te\u017c w naszym wcze\u015bniejszym artykule]<\/em><\/p>\n\n\n\n<h3 class=\"wp-block-heading\" id=\"h-pokrowiec-przeciwdeszczowy\">Pokrowiec przeciwdeszczowy<\/h3>\n\n\n\n<p class=\"wp-block-paragraph\">Im d\u0142u\u017csza w\u0119dr\u00f3wka, tym wi\u0119ksza szansa, \u017ce po drodze spotka ci\u0119 deszcz. Chyba ka\u017cdy, kto planuje kilkudniowe woja\u017ce, zabiera w tras\u0119&nbsp;<a href=\"https:\/\/8a.pl\/8academy\/jaka-kurtka-przeciwdeszczowa\/\" target=\"_blank\" rel=\"noopener noreferrer\">kurtk\u0119 przeciwdeszczow\u0105<\/a>, najlepiej wyposa\u017con\u0105 w dobr\u0105 <a href=\"https:\/\/8a.pl\/8academy\/jaka-membrana-w-gory\/\" target=\"_blank\" rel=\"noopener noreferrer\">membran\u0119<\/a>. O ochronie &#8220;w\u0142asnej sk\u00f3ry&#8221; pami\u0119tamy niemal zawsze. Warto r\u00f3wnie dobrze zadba\u0107 o wyprawowy ekwipunek. Pomagaj\u0105 w tym producenci plecak\u00f3w, kt\u00f3rzy wyposa\u017caj\u0105 swoje wyroby w zintegrowane pokrowce przeciwdeszczowe. Taki sprz\u0119t wa\u017cy troch\u0119 wi\u0119cej, ale zyskujemy za to pewno\u015b\u0107, \u017ce nie zapomnimy ani nie zgubimy wodoodpornej &#8220;narzutki&#8221;. Taki dodatek czeka gotowy do u\u017cycia, w specjalnej kieszonce.<\/p>\n\n\n\n<figure class=\"wp-block-image alignnone pokrowce na plecak wp-image-28349 size-full\"><img loading=\"lazy\" decoding=\"async\" width=\"1000\" height=\"650\" src=\"https:\/\/8a.pl\/8academy\/wp-content\/uploads\/2019\/04\/9-pokrowiec.jpg\" alt=\"Pokrowce przeciwdeszczowe\" class=\"wp-image-28349\" srcset=\"https:\/\/8a.pl\/8academy\/wp-content\/uploads\/2019\/04\/9-pokrowiec.jpg 1000w, https:\/\/8a.pl\/8academy\/wp-content\/uploads\/2019\/04\/9-pokrowiec-300x195.jpg 300w, https:\/\/8a.pl\/8academy\/wp-content\/uploads\/2019\/04\/9-pokrowiec-768x499.jpg 768w\" sizes=\"(max-width: 1000px) 100vw, 1000px\" \/><figcaption class=\"wp-element-caption\">\u015arednie i du\u017ce plecaki kryj\u0105 wewn\u0105trz nasz ca\u0142y wyprawowy ekwipunek. Dobrze wi\u0119c zadba\u0107 o skuteczn\u0105 ochron\u0119 przed deszczem. (fot. Gregory)<\/figcaption><\/figure>\n\n\n\n<p class=\"wp-block-paragraph\">A co je\u015bli plecak, kt\u00f3ry wpad\u0142 ci w oko, takiego udogodnienia nie posiada? Brak zintegrowanego <a href=\"https:\/\/8a.pl\/pokrowce-na-plecak\">pokrowca przeciwdeszczowego<\/a> nie skazuje twojego baga\u017cu na przemoczenie. Mo\u017cna go, bowiem, dokupi\u0107. Je\u015bli zale\u017cy ci na jeszcze szerszej ochronie ekwipunku, mo\u017cesz te\u017c zainwestowa\u0107 w specjalne worki transportowe, kt\u00f3re zagrodz\u0105 drog\u0119 wodzie, nawet w przypadku wi\u0119kszej k\u0105pieli.<\/p>\n\n\n\n<p class=\"wp-block-paragraph\"><em>[Wi\u0119cej informacji o tych patentach znajdziesz w artykule &#8220;<a href=\"https:\/\/8a.pl\/8academy\/pokrowce-na-plecak-i-worki-wodoszczelne\/\" target=\"_blank\" rel=\"noopener noreferrer\">Pokrowce na plecak i worki wodoszczelne<\/a>&#8220;]<\/em><\/p>\n\n\n\n<h3 class=\"wp-block-heading\" id=\"h-dodatkowy-plecaczek\">Dodatkowy plecaczek<\/h3>\n\n\n\n<p class=\"wp-block-paragraph\">To idealna opcja dla os\u00f3b, kt\u00f3re po dotarciu do ciekawego miejsca, zatrzymuj\u0105 si\u0119 w nim na d\u0142u\u017cej. Du\u017cy plecak wyprawowy pozwoli na wygodny transport ca\u0142ego wycieczkowego ekwipunku, ma\u0142y &#8211; kt\u00f3ry wchodzi w jego sk\u0142ad &#8211; idealnie sprawdzi si\u0119 podczas mniejszych akcji: spaceru po lesie, wyj\u015bcia na pla\u017ce czy do sklepu. Przyk\u0142ad: plecak&nbsp;<a href=\"https:\/\/8a.pl\/plecak-damski-deuter-traveller-60-10-sl-black-turquoise\" target=\"_blank\" rel=\"noopener noreferrer\">Deuter Traveller 60 + 10<\/a>.<\/p>\n\n\n\n<h2 class=\"wp-block-heading\" id=\"h-jak-dopasowac-plecak\">Jak dopasowa\u0107 plecak?<\/h2>\n\n\n\n<p class=\"wp-block-paragraph\">Wszystkie, wymienione powy\u017cej detale, s\u0105 wa\u017cne i powinny mie\u0107 wp\u0142yw na ostateczny wyb\u00f3r. R\u00f3wnie istotn\u0105 kwesti\u0105 jest odpowiednie dopasowanie plecaka. Z modelu, kt\u00f3ry nie pasuje do twojej fizjonomii nie b\u0119dziesz w pe\u0142ni zadowolony (-a), nawet je\u015bli fabryka wyposa\u017cy\u0142a go w szereg ciekawych rozwi\u0105za\u0144.<\/p>\n\n\n\n<p class=\"wp-block-paragraph\">W dobie wszechobecnej specjalizacji producenci plecak\u00f3w coraz cz\u0119\u015bciej, obok wersji unisex, oferuj\u0105 modele zaprojektowane z my\u015bl\u0105 o paniach. Wyr\u00f3\u017cniaj\u0105 si\u0119 one kobiecym designem i odpowiednio dobran\u0105 kolorystyk\u0105, ale nie to jest najwa\u017cniejsze. Plecaki damskie projektowane s\u0105 z uwzgl\u0119dnieniem specyfiki kobiecej sylwetki, s\u0105 wi\u0119c lepiej dopasowane do cia\u0142a, dlatego bardziej wygodne.<\/p>\n\n\n\n<figure class=\"wp-block-image alignnone szukamy plecaka na wakacje wp-image-28333 size-full\"><img loading=\"lazy\" decoding=\"async\" width=\"1000\" height=\"650\" src=\"https:\/\/8a.pl\/8academy\/wp-content\/uploads\/2019\/04\/1-plecak-na-wakacje-damski.jpg\" alt=\"Jaki plecak na wakacje?\" class=\"wp-image-28333\" srcset=\"https:\/\/8a.pl\/8academy\/wp-content\/uploads\/2019\/04\/1-plecak-na-wakacje-damski.jpg 1000w, https:\/\/8a.pl\/8academy\/wp-content\/uploads\/2019\/04\/1-plecak-na-wakacje-damski-300x195.jpg 300w, https:\/\/8a.pl\/8academy\/wp-content\/uploads\/2019\/04\/1-plecak-na-wakacje-damski-768x499.jpg 768w\" sizes=\"(max-width: 1000px) 100vw, 1000px\" \/><figcaption class=\"wp-element-caption\">\u015arednie i du\u017ce plecaki wyst\u0119puj\u0105 tak\u017ce w wersjach dedykowanych paniom. (fot. Deuter)<\/figcaption><\/figure>\n\n\n\n<p class=\"wp-block-paragraph\">Producenci plecak\u00f3w bior\u0105 te\u017c pod uwag\u0119 r\u00f3\u017cnice wzrostu. \u015awiadczy o tym obecno\u015b\u0107 oznacze\u0144 literowych po\u017cyczonych od bran\u017cy odzie\u017cowej (chocia\u017c nie wyst\u0119puj\u0105 one zawsze). Je\u015bli wi\u0119c jeste\u015b osob\u0105 ni\u017csz\u0105, mo\u017cesz z baczniejsz\u0105 uwag\u0105 przygl\u0105da\u0107 si\u0119 plecakom, przy kt\u00f3rych widniej\u0105 znaki: S i M. Gdy nale\u017cysz do os\u00f3b s\u0142usznego wzrostu, mog\u0105 ci\u0119 zainteresowa\u0107 wszelkiego rodzaju L-ki i XL-ki.<\/p>\n\n\n\n<p class=\"wp-block-paragraph\">Niezale\u017cnie od tego, czy do nowego plecaka przymierzasz si\u0119 w sklepie stacjonarnym, czy w domu, pami\u0119taj, i\u017c taki test wykonuje si\u0119 pod obci\u0105\u017ceniem (pracownicy sklepu wykorzystuj\u0105 do tego celu specjalne ci\u0119\u017carki, w domu przygotuj sobie przyk\u0142adowy ekwipunek). I jeszcze jedna istotna rzecz &#8211; wszechobecne sprz\u0105czki i paski. Nie s\u0105 one ozdob\u0105, ale s\u0142u\u017c\u0105 do regulacji, dzi\u0119ki kt\u00f3rej tw\u00f3j plecak w optymalny spos\u00f3b b\u0119dzie przylega\u0142 do cia\u0142a.<\/p>\n\n\n\n<p class=\"wp-block-paragraph\"><em>[Je\u015bli chcesz si\u0119 dowiedzie\u0107, <a href=\"https:\/\/8a.pl\/8academy\/jak-dopasowac-plecak\/\" target=\"_blank\" rel=\"noopener noreferrer\">w jaki spos\u00f3b wyregulowa\u0107 plecak<\/a>, polecamy artyku\u0142 \u0141ukasza Czubaka]<\/em><\/p>\n\n\n\n<figure class=\"wp-block-image alignnone wp-image-28365 size-full\"><img loading=\"lazy\" decoding=\"async\" width=\"1000\" height=\"650\" src=\"https:\/\/8a.pl\/8academy\/wp-content\/uploads\/2019\/04\/10-pojemnosc.jpg\" alt=\"\" class=\"wp-image-28365\" srcset=\"https:\/\/8a.pl\/8academy\/wp-content\/uploads\/2019\/04\/10-pojemnosc.jpg 1000w, https:\/\/8a.pl\/8academy\/wp-content\/uploads\/2019\/04\/10-pojemnosc-300x195.jpg 300w, https:\/\/8a.pl\/8academy\/wp-content\/uploads\/2019\/04\/10-pojemnosc-768x499.jpg 768w\" sizes=\"(max-width: 1000px) 100vw, 1000px\" \/><figcaption class=\"wp-element-caption\">Jaki plecak na wakacje lub d\u0142ugi weekend? Firmy produkuj\u0105ce \u015brednie i du\u017ce plecaki turystyczne zadba\u0142y, by by\u0142o w czym wybiera\u0107! (fot. Gregory)<\/figcaption><\/figure>\n\n\n\n<h2 class=\"wp-block-heading\" id=\"h-jaki-plecak-na-wakacje-lub-dlugi-weekend-duze-plecaki-i-srednie-plecaki-przykladowe-modele\">Jaki plecak na wakacje lub d\u0142ugi weekend? Du\u017ce plecaki i \u015brednie plecaki &#8211; przyk\u0142adowe modele.<\/h2>\n\n\n\n<p class=\"wp-block-paragraph\">A wi\u0119c jaki plecak na wakacje lub d\u0142ugi weekend? Odpowied\u017a na to pytanie zale\u017cy od wielu czynnik\u00f3w. Je\u015bli chcesz by\u0107 maksymalnie zadowolony (-a) z zakupu, musisz zastanowi\u0107 si\u0119 do czego tak naprawd\u0119 wspomniany plecak jest ci potrzebny oraz co jest dla ciebie wa\u017cne. Dopiero po takich przemy\u015bleniach warto wybra\u0107 si\u0119 na zakupy. By u\u0142atwi\u0107 ci zadanie, prezentujemy list\u0119 ciekawych &#8211; naszym zdaniem &#8211; modeli o r\u00f3\u017cnej pojemno\u015bci (znalaz\u0142y si\u0119 tu \u015brednie plecaki oraz du\u017ce plecaki) a tak\u017ce odmiennych funkcjonalno\u015bciach. Producenci zadbali ju\u017c o to, by by\u0142o w czym wybiera\u0107!<\/p>\n\n\n\n<figure class=\"wp-block-table\"><table><tbody><tr><td>MODEL<\/td><td>DOPASOWANIE<\/td><td>POJEMNO\u015a\u0106<\/td><td>DOST\u0118P<\/td><td>ILO\u015a\u0106 KIESZENI<\/td><td>ILO\u015a\u0106 KOM\u00d3R<\/td><td>WAGA<\/td><td>MATERIA\u0141<\/td><td>TYP\/MATERIA\u0141 STELA\u017bA<\/td><td>REGULACJA SYSTEMU<\/td><\/tr><tr><td><a href=\"https:\/\/8a.pl\/plecak-trekkingowy-osprey-kyte-46-damski-purple\" target=\"_blank\" rel=\"noopener noreferrer\">Osprey Kyte 46 <\/a><\/td><td>Damskie<\/td><td>46 l<\/td><td>Od g\u00f3ry, z boku, od do\u0142u<\/td><td>7<\/td><td>2<\/td><td>&#8212;<\/td><td>210D Nylon Double Diamond Ripstop<\/td><td>&#8212;<\/td><td>S\/M<\/td><\/tr><tr><td>Deuter Aircontact Lite 40 + 10<\/td><td>Unisex<\/td><td>40 + 10 l<\/td><td>Od g\u00f3ry i od do\u0142u<\/td><td>6<\/td><td>2<\/td><td>ok. 1714 g<\/td><td>Duratex, 330D Micro Rip Pro 6.6<\/td><td>Aluminium<\/td><td>&nbsp;v<\/td><\/tr><tr><td>The North Face Banchee 50<\/td><td>Unisex<\/td><td>50 l<\/td><td>Od g\u00f3ry<\/td><td>8<\/td><td>1<\/td><td>ok. 1383 g (roz. S\/M), ok. 1441 g (roz. L\/XL)<\/td><td>210D IronLite\u2122nylon<\/td><td>T 6 \/&nbsp;Aluminium<\/td><td>S\/M, L\/XL<\/td><\/tr><tr><td><a href=\"https:\/\/8a.pl\/plecak-turystyczny-gregory-jade-53-damski-ethereal-grey\" target=\"_blank\" rel=\"noopener noreferrer\">Gregory Jade 53<\/a><\/td><td>Damskie<\/td><td>53 l<\/td><td>Od g\u00f3ry, z przodu, od do\u0142u<\/td><td>8<\/td><td>1<\/td><td>&#8212;<\/td><td>Nylon 210D\/420D\/530D, poliester 135D, pianka EVA<\/td><td>Stal spr\u0119\u017cynowa<\/td><td>XS\/SM, SM\/MD<\/td><\/tr><tr><td><a href=\"https:\/\/8a.pl\/plecak-trekkingowy-the-north-face-terra-55-black\" target=\"_blank\" rel=\"noopener noreferrer\">The North Face Terra 55<\/a><\/td><td>Unisex<\/td><td>55 l<\/td><td>Od g\u00f3ry i od przodu<\/td><td>5<\/td><td>1<\/td><td>ok. 1607 g (roz. S\/M), ok. 1700 g (roz. L\/XL)<\/td><td>210D nylon, 600D poliester<\/td><td>&#8212;<\/td><td>OptiFit\u2122<\/td><\/tr><tr><td>Osprey Ariel AG 55<\/td><td>Damskie<\/td><td>55 l<\/td><td>Od g\u00f3ry, od przodu<\/td><td>7<\/td><td>2<\/td><td>ok. 2235 g (rozm. M)<\/td><td>210D Nylon Dobby, 210D Nylon Shadow Box, 500D Nylon Packloth<\/td><td>&#8212;<\/td><td>S, M<\/td><\/tr><tr><td>Gregory Deva 60<\/td><td>Damskie<\/td><td>60 l (S)<\/td><td>Od g\u00f3ry, z przodu i od do\u0142u<\/td><td>12<\/td><td>1\/2<\/td><td>ok. 2297 g (rozm. S), ok. 2406 g (rozm. M)<\/td><td>210D honeycomb cryptorip HD nylon, 210D high-tenacity nylon, 630D high density nylon, 135D HD poliester, pianka EVA<\/td><td>Aluminium 7001, HDPE<\/td><td>skokowa<\/td><\/tr><tr><td>Berghaus Trailhead 65<\/td><td>Damskie<\/td><td>65 l<\/td><td>Od g\u00f3ry, od do\u0142u<\/td><td>4<\/td><td>1<\/td><td>&#8212;<\/td><td>Poliester 400D Grid; Poliester 600D<\/td><td>&#8212;<\/td><td>&#8212;<\/td><\/tr><tr><td>Gregory Zulu 65<\/td><td>Unisex<\/td><td>65 l<\/td><td>Od g\u00f3ry, z przodu i od do\u0142u<\/td><td>9<\/td><td>1<\/td><td>ok. 2014 g (roz. M), ok. 2104 g (roz. L)<\/td><td>210D nylon, 100D nylon, 200D embossed poliester, pianka EVA<\/td><td>X-Frame \/&nbsp;Stal spr\u0119\u017cynowa (5 mm)<\/td><td>&#8212;<\/td><\/tr><tr><td>Berghaus GR70<\/td><td>Unisex<\/td><td>70 l<\/td><td>Od g\u00f3ry<\/td><td>&#8212;<\/td><td>&#8212;<\/td><td>&#8212;<\/td><td>Nylon Robic Honeycomb 210D<\/td><td>&#8212;<\/td><td>&#8212;<\/td><\/tr><tr><td>Osprey Aether AG 70<\/td><td>Unisex<\/td><td>70 l<\/td><td>Od g\u00f3ry, od przodu<\/td><td>7<\/td><td>2<\/td><td>ok. 2421 g (rozm. L)<\/td><td>210D Nylon Dobby<\/td><td>&#8212;<\/td><td>M, L<\/td><\/tr><tr><td>Gregory Baltoro 75<\/td><td>Unisex<\/td><td>75 l<\/td><td>Od g\u00f3ry, z przodu i od do\u0142u<\/td><td>12<\/td><td>1\/2<\/td><td>ok. 2526 g (rozm. M), ok. 2608 g (rozm. L)<\/td><td>210D honeycomb cryptorip HD nylon, 210D high-tenacity nylon, 630D high density nylon, 135D HD poliester, pianka EVA<\/td><td>Aluminium 7001, HDPE<\/td><td>Skokowa<\/td><\/tr><tr><td>Deuter Quantum 70 + 10<\/td><td>Unisex<\/td><td>70 + 10 l (du\u017cy), 18 l (ma\u0142y)<\/td><td>Od g\u00f3ry, od frontu, od do\u0142u<\/td><td>6 (du\u017cy)\/ 3 (ma\u0142y)<\/td><td>2 (du\u017cy)\/ 1 (ma\u0142y)<\/td><td>ok. 3105 g<\/td><td>Duratex \/ 330D pocket rip<\/td><td>Aluminium<\/td><td>Vari-Quick<\/td><\/tr><\/tbody><\/table><\/figure>\n","protected":false},"excerpt":{"rendered":"<p>Przed nami maj\u00f3wka, a i sezon wakacyjno-urlopowy te\u017c zbli\u017ca si\u0119 wielkimi krokami. Skoro tak, to czas pomy\u015ble\u0107 o skompletowaniu sprz\u0119tu. Je\u015bli planujesz jak\u0105\u015b d\u0142u\u017csz\u0105 w\u0119dr\u00f3wk\u0119, z pewno\u015bci\u0105 przyda ci si\u0119 dobry plecak.<\/p>\n","protected":false},"author":7,"featured_media":28387,"comment_status":"open","ping_status":"closed","sticky":false,"template":"","format":"standard","meta":{"_acf_changed":false,"_uf_show_specific_survey":0,"_uf_disable_surveys":false,"footnotes":""},"categories":[26070],"tags":[26104,26069,26085],"class_list":["post-28266","post","type-post","status-publish","format-standard","has-post-thumbnail","hentry","category-turystyka-trekking","tag-caloroczne","tag-poradnik","tag-trekking"],"acf":[],"yoast_head":"<!-- This site is optimized with the Yoast SEO Premium plugin v23.4 (Yoast SEO v25.5) - https:\/\/yoast.com\/wordpress\/plugins\/seo\/ -->\n<title>Jaki plecak na wakacje? Sprawdzamy \u015brednie i du\u017ce plecaki. | 8academy<\/title>\n<meta name=\"description\" content=\"Jaki plecak na wakacje? Jaki na wycieczki wielodniowe? Sprawdzamy co maj\u0105 do zaoferowania du\u017ce plecaki turystyczne oraz modele o \u015brednim litra\u017cu.\" \/>\n<meta name=\"robots\" content=\"index, follow, max-snippet:-1, max-image-preview:large, max-video-preview:-1\" \/>\n<link rel=\"canonical\" href=\"https:\/\/8a.pl\/8academy\/duze-plecaki-jaki-plecak-na-wakacje\/\" \/>\n<meta property=\"og:locale\" content=\"pl_PL\" \/>\n<meta property=\"og:type\" content=\"article\" \/>\n<meta property=\"og:title\" content=\"Jaki plecak na d\u0142ugi weekend lub na wakacje? Dowiedz si\u0119, co wybra\u0107! | 8academy\" \/>\n<meta property=\"og:description\" content=\"Jaki plecak na wakacje? Jaki na wycieczki wielodniowe? Sprawdzamy co maj\u0105 do zaoferowania du\u017ce plecaki turystyczne oraz modele o \u015brednim litra\u017cu.\" \/>\n<meta property=\"og:url\" content=\"https:\/\/8a.pl\/8academy\/duze-plecaki-jaki-plecak-na-wakacje\/\" \/>\n<meta property=\"og:site_name\" content=\"8academy.pl - portal g\u00f3rski i wspinaczkowy dla aktywnych\" \/>\n<meta property=\"article:publisher\" content=\"https:\/\/pl-pl.facebook.com\/sklep8apl\/\" \/>\n<meta property=\"article:published_time\" content=\"2019-04-26T10:02:45+00:00\" \/>\n<meta property=\"article:modified_time\" content=\"2024-05-19T18:04:07+00:00\" \/>\n<meta property=\"og:image\" content=\"http:\/\/8a.pl\/8academy\/wp-content\/uploads\/2019\/04\/8academy_FB-8.jpg\" \/>\n\t<meta property=\"og:image:width\" content=\"1200\" \/>\n\t<meta property=\"og:image:height\" content=\"628\" \/>\n\t<meta property=\"og:image:type\" content=\"image\/jpeg\" \/>\n<meta name=\"author\" content=\"Redakcja 8Academy\" \/>\n<meta name=\"twitter:card\" content=\"summary_large_image\" \/>\n<meta name=\"twitter:title\" content=\"Sprawdzamy \u015brednie i du\u017ce plecaki. Jaki plecak na d\u0142ugi weekend? Jaki plecak na wakacje?\" \/>\n<meta name=\"twitter:label1\" content=\"Napisane przez\" \/>\n\t<meta name=\"twitter:data1\" content=\"Redakcja 8Academy\" \/>\n\t<meta name=\"twitter:label2\" content=\"Szacowany czas czytania\" \/>\n\t<meta name=\"twitter:data2\" content=\"21 minut\" \/>\n<!-- \/ Yoast SEO Premium plugin. -->","yoast_head_json":{"title":"Jaki plecak na wakacje? Sprawdzamy \u015brednie i du\u017ce plecaki. | 8academy","description":"Jaki plecak na wakacje? Jaki na wycieczki wielodniowe? Sprawdzamy co maj\u0105 do zaoferowania du\u017ce plecaki turystyczne oraz modele o \u015brednim litra\u017cu.","robots":{"index":"index","follow":"follow","max-snippet":"max-snippet:-1","max-image-preview":"max-image-preview:large","max-video-preview":"max-video-preview:-1"},"canonical":"https:\/\/8a.pl\/8academy\/duze-plecaki-jaki-plecak-na-wakacje\/","og_locale":"pl_PL","og_type":"article","og_title":"Jaki plecak na d\u0142ugi weekend lub na wakacje? Dowiedz si\u0119, co wybra\u0107! | 8academy","og_description":"Jaki plecak na wakacje? Jaki na wycieczki wielodniowe? Sprawdzamy co maj\u0105 do zaoferowania du\u017ce plecaki turystyczne oraz modele o \u015brednim litra\u017cu.","og_url":"https:\/\/8a.pl\/8academy\/duze-plecaki-jaki-plecak-na-wakacje\/","og_site_name":"8academy.pl - portal g\u00f3rski i wspinaczkowy dla aktywnych","article_publisher":"https:\/\/pl-pl.facebook.com\/sklep8apl\/","article_published_time":"2019-04-26T10:02:45+00:00","article_modified_time":"2024-05-19T18:04:07+00:00","og_image":[{"width":1200,"height":628,"url":"http:\/\/8a.pl\/8academy\/wp-content\/uploads\/2019\/04\/8academy_FB-8.jpg","type":"image\/jpeg"}],"author":"Redakcja 8Academy","twitter_card":"summary_large_image","twitter_title":"Sprawdzamy \u015brednie i du\u017ce plecaki. Jaki plecak na d\u0142ugi weekend? Jaki plecak na wakacje?","twitter_misc":{"Napisane przez":"Redakcja 8Academy","Szacowany czas czytania":"21 minut"},"schema":{"@context":"https:\/\/schema.org","@graph":[{"@type":"Article","@id":"https:\/\/8a.pl\/8academy\/duze-plecaki-jaki-plecak-na-wakacje\/#article","isPartOf":{"@id":"https:\/\/8a.pl\/8academy\/duze-plecaki-jaki-plecak-na-wakacje\/"},"author":{"name":"Redakcja 8Academy","@id":"https:\/\/8a.pl\/8academy\/#\/schema\/person\/2e392153a51786e6c3d5ede231b5d2a4"},"headline":"Sprawdzamy \u015brednie i du\u017ce plecaki. Jaki plecak na d\u0142ugi weekend? Jaki plecak na wakacje?","datePublished":"2019-04-26T10:02:45+00:00","dateModified":"2024-05-19T18:04:07+00:00","mainEntityOfPage":{"@id":"https:\/\/8a.pl\/8academy\/duze-plecaki-jaki-plecak-na-wakacje\/"},"wordCount":3744,"commentCount":0,"publisher":{"@id":"https:\/\/8a.pl\/8academy\/#organization"},"image":{"@id":"https:\/\/8a.pl\/8academy\/duze-plecaki-jaki-plecak-na-wakacje\/#primaryimage"},"thumbnailUrl":"https:\/\/8a.pl\/8academy\/wp-content\/uploads\/2019\/04\/0-cover-a-plecaki.jpg","keywords":["Ca\u0142oroczne","Poradnik","Trekking"],"articleSection":["Turystyka \/ trekking"],"inLanguage":"pl-PL","potentialAction":[{"@type":"CommentAction","name":"Comment","target":["https:\/\/8a.pl\/8academy\/duze-plecaki-jaki-plecak-na-wakacje\/#respond"]}]},{"@type":"WebPage","@id":"https:\/\/8a.pl\/8academy\/duze-plecaki-jaki-plecak-na-wakacje\/","url":"https:\/\/8a.pl\/8academy\/duze-plecaki-jaki-plecak-na-wakacje\/","name":"Jaki plecak na wakacje? Sprawdzamy \u015brednie i du\u017ce plecaki. | 8academy","isPartOf":{"@id":"https:\/\/8a.pl\/8academy\/#website"},"primaryImageOfPage":{"@id":"https:\/\/8a.pl\/8academy\/duze-plecaki-jaki-plecak-na-wakacje\/#primaryimage"},"image":{"@id":"https:\/\/8a.pl\/8academy\/duze-plecaki-jaki-plecak-na-wakacje\/#primaryimage"},"thumbnailUrl":"https:\/\/8a.pl\/8academy\/wp-content\/uploads\/2019\/04\/0-cover-a-plecaki.jpg","datePublished":"2019-04-26T10:02:45+00:00","dateModified":"2024-05-19T18:04:07+00:00","description":"Jaki plecak na wakacje? Jaki na wycieczki wielodniowe? Sprawdzamy co maj\u0105 do zaoferowania du\u017ce plecaki turystyczne oraz modele o \u015brednim litra\u017cu.","breadcrumb":{"@id":"https:\/\/8a.pl\/8academy\/duze-plecaki-jaki-plecak-na-wakacje\/#breadcrumb"},"inLanguage":"pl-PL","potentialAction":[{"@type":"ReadAction","target":["https:\/\/8a.pl\/8academy\/duze-plecaki-jaki-plecak-na-wakacje\/"]}]},{"@type":"ImageObject","inLanguage":"pl-PL","@id":"https:\/\/8a.pl\/8academy\/duze-plecaki-jaki-plecak-na-wakacje\/#primaryimage","url":"https:\/\/8a.pl\/8academy\/wp-content\/uploads\/2019\/04\/0-cover-a-plecaki.jpg","contentUrl":"https:\/\/8a.pl\/8academy\/wp-content\/uploads\/2019\/04\/0-cover-a-plecaki.jpg","width":1100,"height":715},{"@type":"BreadcrumbList","@id":"https:\/\/8a.pl\/8academy\/duze-plecaki-jaki-plecak-na-wakacje\/#breadcrumb","itemListElement":[{"@type":"ListItem","position":1,"name":"Strona g\u0142\u00f3wna","item":"https:\/\/8a.pl\/8academy\/"},{"@type":"ListItem","position":2,"name":"Sprawdzamy \u015brednie i du\u017ce plecaki. Jaki plecak na d\u0142ugi weekend? Jaki plecak na wakacje?"}]},{"@type":"WebSite","@id":"https:\/\/8a.pl\/8academy\/#website","url":"https:\/\/8a.pl\/8academy\/","name":"8academy.pl - portal g\u00f3rski i wspinaczkowy dla aktywnych","description":"8academy to portal g\u00f3rski o wspinaczce, trekkingu i skiturach. Znajdziesz tu porady, testy sprz\u0119tu i opisy najlepszych rejon\u00f3w. Inspirujemy zdobywc\u00f3w!","publisher":{"@id":"https:\/\/8a.pl\/8academy\/#organization"},"potentialAction":[{"@type":"SearchAction","target":{"@type":"EntryPoint","urlTemplate":"https:\/\/8a.pl\/8academy\/?s={search_term_string}"},"query-input":{"@type":"PropertyValueSpecification","valueRequired":true,"valueName":"search_term_string"}}],"inLanguage":"pl-PL"},{"@type":"Organization","@id":"https:\/\/8a.pl\/8academy\/#organization","name":"8academy.pl - portal g\u00f3rski i wspinaczkowy dla aktywnych","url":"https:\/\/8a.pl\/8academy\/","logo":{"@type":"ImageObject","inLanguage":"pl-PL","@id":"https:\/\/8a.pl\/8academy\/#\/schema\/logo\/image\/","url":"https:\/\/8a.pl\/8academy\/wp-content\/uploads\/2015\/11\/logo.png","contentUrl":"https:\/\/8a.pl\/8academy\/wp-content\/uploads\/2015\/11\/logo.png","width":438,"height":315,"caption":"8academy.pl - portal g\u00f3rski i wspinaczkowy dla aktywnych"},"image":{"@id":"https:\/\/8a.pl\/8academy\/#\/schema\/logo\/image\/"},"sameAs":["https:\/\/pl-pl.facebook.com\/sklep8apl\/","https:\/\/www.instagram.com\/8apl\/"]},{"@type":"Person","@id":"https:\/\/8a.pl\/8academy\/#\/schema\/person\/2e392153a51786e6c3d5ede231b5d2a4","name":"Redakcja 8Academy","image":{"@type":"ImageObject","inLanguage":"pl-PL","@id":"https:\/\/8a.pl\/8academy\/#\/schema\/person\/image\/","url":"https:\/\/8a.pl\/8academy\/wp-content\/uploads\/2017\/10\/logo_obrobione_2_150_59ICJ.jpg","contentUrl":"https:\/\/8a.pl\/8academy\/wp-content\/uploads\/2017\/10\/logo_obrobione_2_150_59ICJ.jpg","caption":"Redakcja 8Academy"},"url":"https:\/\/8a.pl\/8academy\/author\/redakcja\/"}]}},"_links":{"self":[{"href":"https:\/\/8a.pl\/8academy\/wp-json\/wp\/v2\/posts\/28266","targetHints":{"allow":["GET"]}}],"collection":[{"href":"https:\/\/8a.pl\/8academy\/wp-json\/wp\/v2\/posts"}],"about":[{"href":"https:\/\/8a.pl\/8academy\/wp-json\/wp\/v2\/types\/post"}],"author":[{"embeddable":true,"href":"https:\/\/8a.pl\/8academy\/wp-json\/wp\/v2\/users\/7"}],"replies":[{"embeddable":true,"href":"https:\/\/8a.pl\/8academy\/wp-json\/wp\/v2\/comments?post=28266"}],"version-history":[{"count":2,"href":"https:\/\/8a.pl\/8academy\/wp-json\/wp\/v2\/posts\/28266\/revisions"}],"predecessor-version":[{"id":64998,"href":"https:\/\/8a.pl\/8academy\/wp-json\/wp\/v2\/posts\/28266\/revisions\/64998"}],"wp:featuredmedia":[{"embeddable":true,"href":"https:\/\/8a.pl\/8academy\/wp-json\/wp\/v2\/media\/28387"}],"wp:attachment":[{"href":"https:\/\/8a.pl\/8academy\/wp-json\/wp\/v2\/media?parent=28266"}],"wp:term":[{"taxonomy":"category","embeddable":true,"href":"https:\/\/8a.pl\/8academy\/wp-json\/wp\/v2\/categories?post=28266"},{"taxonomy":"post_tag","embeddable":true,"href":"https:\/\/8a.pl\/8academy\/wp-json\/wp\/v2\/tags?post=28266"}],"curies":[{"name":"wp","href":"https:\/\/api.w.org\/{rel}","templated":true}]}}