{"id":23256,"date":"2018-09-18T12:12:06","date_gmt":"2018-09-18T10:12:06","guid":{"rendered":"https:\/\/8a.pl\/8academy\/?p=23256"},"modified":"2024-05-20T08:28:51","modified_gmt":"2024-05-20T06:28:51","slug":"jaki-sprzet-do-wspinaczki-gorskiej","status":"publish","type":"post","link":"https:\/\/8a.pl\/8academy\/jaki-sprzet-do-wspinaczki-gorskiej\/","title":{"rendered":"Jaki sprz\u0119t do wspinaczki g\u00f3rskiej?"},"content":{"rendered":"<p>W niniejszym artykule zaprezentuj\u0119 sprz\u0119t do wspinaczki g\u00f3rskiej, jakiego od kilku lat u\u017cywam latem w Tatrach. Wydaje mi si\u0119, \u017ce poni\u017csza lista jest bardzo uniwersalna. W miar\u0119 zdobywania do\u015bwiadczenia, oraz kszta\u0142towania osobistych preferencji, taki zestaw mo\u017ce by\u0107 modyfikowany czy rozbudowywany. No to\u2026 pakujemy si\u0119 w g\u00f3ry!<\/p>\n<div id=\"attachment_23402\" style=\"width: 1010px\" class=\"wp-caption alignnone\"><img fetchpriority=\"high\" decoding=\"async\" aria-describedby=\"caption-attachment-23402\" class=\"jak si\u0119 wspina\u0107 w g\u00f3rach wp-image-23402 size-full\" title=\"gory wspinanie \" src=\"https:\/\/8a.pl\/8academy\/wp-content\/uploads\/2018\/09\/DSC1845-207.jpg\" alt=\"Jaki sprz\u0119t do wspinania w g\u00f3rach\" width=\"1000\" height=\"650\" srcset=\"https:\/\/8a.pl\/8academy\/wp-content\/uploads\/2018\/09\/DSC1845-207.jpg 1000w, https:\/\/8a.pl\/8academy\/wp-content\/uploads\/2018\/09\/DSC1845-207-300x195.jpg 300w, https:\/\/8a.pl\/8academy\/wp-content\/uploads\/2018\/09\/DSC1845-207-768x499.jpg 768w\" sizes=\"(max-width: 1000px) 100vw, 1000px\" \/><p id=\"caption-attachment-23402\" class=\"wp-caption-text\">Wspinaczka w g\u00f3rach wymaga zabrania odpowiedniego sprz\u0119tu. (fot. Kamila Gurzy\u0144ska)<\/p><\/div>\n<h2>Asekuracja (ko\u015bci, friendy)<\/h2>\n<p>Je\u015bli chodzi o asekuracj\u0119, na wi\u0119kszo\u015b\u0107 popularnych dr\u00f3g w Tatrach wystarczy nam tzw. <em>zestaw standardowy<\/em>, kt\u00f3ry\u00a0mo\u017ce si\u0119 sk\u0142ada\u0107 z:<\/p>\n<ul>\n<li>Ko\u015bci w rozmiarach od 4 do 10;<\/li>\n<li>Klucza do ko\u015bci;<\/li>\n<li>Friend\u00f3w w rozmiarach od 00 do 4.<\/li>\n<\/ul>\n<p>Taki zestaw powinien zapewni\u0107 nam bezpieczn\u0105 asekuracj\u0119 na ogromnej wi\u0119kszo\u015bci tatrza\u0144skich dr\u00f3g, cho\u0107 jest bardzo prawdopodobne, \u017ce z czasem dojdziemy do wniosku, i\u017c dobrze jest mie\u0107 zdublowane ko\u015bci w \u015brodkowych\u00a0rozmiarach (5-7). Informacj\u0119 o tym,\u00a0co dodatkowo warto ze sob\u0105 zabra\u0107, zazwyczaj znale\u017a\u0107 mo\u017cna w opisach dr\u00f3g.<\/p>\n<div id=\"attachment_23304\" style=\"width: 1010px\" class=\"wp-caption alignnone\"><img decoding=\"async\" aria-describedby=\"caption-attachment-23304\" class=\"szpej do wspinaczki g\u00f3rskiej wp-image-23304 size-full\" title=\"jaki szpej w gory\" src=\"https:\/\/8a.pl\/8academy\/wp-content\/uploads\/2018\/09\/MA_1362.jpg\" alt=\"Jaki sprz\u0119t do wspinaczki g\u00f3rskiej\" width=\"1000\" height=\"650\" srcset=\"https:\/\/8a.pl\/8academy\/wp-content\/uploads\/2018\/09\/MA_1362.jpg 1000w, https:\/\/8a.pl\/8academy\/wp-content\/uploads\/2018\/09\/MA_1362-300x195.jpg 300w, https:\/\/8a.pl\/8academy\/wp-content\/uploads\/2018\/09\/MA_1362-768x499.jpg 768w\" sizes=\"(max-width: 1000px) 100vw, 1000px\" \/><p id=\"caption-attachment-23304\" class=\"wp-caption-text\">&#8220;Zestaw standardowy&#8221; do asekuracji. Od lewej: friendy Metolius Ultralight Power Cam, ko\u015bci CT Carved Chocks, klucz do ko\u015bci CT Nut Tool. (fot. Piotr Deska)<\/p><\/div>\n<h2>Przyrz\u0105d asekuracyjno-zjazdowy<\/h2>\n<p>Na drogach wielowyci\u0105gowych powinni\u015bmy mie\u0107 ze sob\u0105 przyrz\u0105d, kt\u00f3ry pozwoli nam na asekurowanie partnera z dolnego, jak i z g\u00f3rnego stanowiska. Musi on, co oczywiste, umo\u017cliwia\u0107 r\u00f3wnie\u017c zjazdy na podw\u00f3jnej linie. Takie warunki spe\u0142niaj\u0105 m.in.:<\/p>\n<ul>\n<li>Black Diamond ATC Guide;<\/li>\n<li><a href=\"https:\/\/8a.pl\/przyrzad-asekuracyjny-climbing-technology-be-up-green\" target=\"_blank\" rel=\"noopener noreferrer\">Climbing Technology Be Up<\/a>;<\/li>\n<li><a href=\"https:\/\/8a.pl\/przyrzad-asekuracyjny-climbing-technology-alpine-up-green\" target=\"_blank\" rel=\"noopener noreferrer\">Climbing Technology Alpine Up<\/a>.<\/li>\n<\/ul>\n<p>Kt\u00f3ry przyrz\u0105d wybra\u0107? Moim zdaniem, szczeg\u00f3lnie wart polecenia, jest ostatni z wymienionych modeli. Wi\u0119cej informacji o przyrz\u0105dzie Climbing Technology Alpine Up znajdziecie <a href=\"https:\/\/8a.pl\/8academy\/alpine-up-test-przyrzadu-asekuracyjnego\/\" target=\"_blank\" rel=\"noopener noreferrer\">w artykule Karoliny O\u015bki<\/a>.<\/p>\n<div id=\"attachment_23305\" style=\"width: 1010px\" class=\"wp-caption alignnone\"><img decoding=\"async\" aria-describedby=\"caption-attachment-23305\" class=\"Jaki sprz\u0119t wspinaczkowy w g\u00f3ry wp-image-23305 size-full\" title=\"wspinaczka w gorach\" src=\"https:\/\/8a.pl\/8academy\/wp-content\/uploads\/2018\/09\/MA_1311.jpg\" alt=\"Przyrz\u0105d asekuracyjno-zjazdowy w g\u00f3ry\" width=\"1000\" height=\"650\" srcset=\"https:\/\/8a.pl\/8academy\/wp-content\/uploads\/2018\/09\/MA_1311.jpg 1000w, https:\/\/8a.pl\/8academy\/wp-content\/uploads\/2018\/09\/MA_1311-300x195.jpg 300w, https:\/\/8a.pl\/8academy\/wp-content\/uploads\/2018\/09\/MA_1311-768x499.jpg 768w\" sizes=\"(max-width: 1000px) 100vw, 1000px\" \/><p id=\"caption-attachment-23305\" class=\"wp-caption-text\">Jaki przyrz\u0105d asekuracyjno-zjazdowy wybra\u0107? Black Diamond ATC Guide, Climbing Technology Be Up, czy mo\u017ce Climbing Technology Alpine Up? (fot. Piotr Deska)<\/p><\/div>\n<h2>Ekspresy<\/h2>\n<p>W g\u00f3rach bardzo cz\u0119sto droga nie prowadzi idealnie w linii prostej i powinni\u015bmy unika\u0107 przesztywnienia liny. Na rynku mamy bardzo du\u017cy wyb\u00f3r <a href=\"https:\/\/8a.pl\/ekspresy-wspinaczkowe\" target=\"_blank\" rel=\"noopener noreferrer\">ekspres\u00f3w wspinaczkowych<\/a>. Od typowo sportowych, z wyprofilowanymi zamkami do \u0142atwiejszego wpinania liny, po g\u00f3rskie ekspresy z zamkami drucianymi. Zwykle w g\u00f3rach u\u017cywam takiego kompletu:<\/p>\n<ul>\n<li>6 ekspres\u00f3w g\u00f3rskich (karabinki Ocun Hawk + ta\u015bma\u00a0z Dyneemy &#8211; Ocun O-sling DYN 8 \u2013 60 cm, kt\u00f3r\u0105 mo\u017cna skr\u00f3ci\u0107 wed\u0142ug potrzeby)<\/li>\n<li>6 lekkich ekspres\u00f3w (np. Climbing Technology Fly-Weight Evo Set)<\/li>\n<\/ul>\n<div id=\"attachment_23306\" style=\"width: 1010px\" class=\"wp-caption alignnone\"><img loading=\"lazy\" decoding=\"async\" aria-describedby=\"caption-attachment-23306\" class=\"Co zabra\u0107 na wspinaczk\u0119 w g\u00f3rach wp-image-23306 size-full\" title=\"wspinanie w gorach sprzet\" src=\"https:\/\/8a.pl\/8academy\/wp-content\/uploads\/2018\/09\/MA_1315.jpg\" alt=\"Jaki sprz\u0119t dla wspinacza w g\u00f3ry\" width=\"1000\" height=\"650\" srcset=\"https:\/\/8a.pl\/8academy\/wp-content\/uploads\/2018\/09\/MA_1315.jpg 1000w, https:\/\/8a.pl\/8academy\/wp-content\/uploads\/2018\/09\/MA_1315-300x195.jpg 300w, https:\/\/8a.pl\/8academy\/wp-content\/uploads\/2018\/09\/MA_1315-768x499.jpg 768w\" sizes=\"(max-width: 1000px) 100vw, 1000px\" \/><p id=\"caption-attachment-23306\" class=\"wp-caption-text\">Jaki sprz\u0119t do wspinaczki g\u00f3rskiej? W\u015br\u00f3d szpeju nie mo\u017ce zabrakn\u0105\u0107 ekspres\u00f3w. (fot. Piotr Deska)<\/p><\/div>\n<h2>Lina<\/h2>\n<p>Wyb\u00f3r, jaki obecnie mamy, niejednego wspinacza przyprawi o zawr\u00f3t g\u0142owy. W sklepach znajdziemy dzi\u015b, bowiem, <a href=\"https:\/\/8a.pl\/liny-wspinaczkowe\" target=\"_blank\" rel=\"noopener noreferrer\">liny<\/a>: pojedyncze, po\u0142\u00f3wkowe i bli\u017aniacze o r\u00f3\u017cnych d\u0142ugo\u015bciach.\u00a0 Niekt\u00f3re (na co warto zwr\u00f3ci\u0107 uwag\u0119) poddane zosta\u0142y impregnacji.<\/p>\n<p>Kt\u00f3r\u0105 wybra\u0107? W ramach projektu \u201cAle Lufa!\u201d u\u017cywali\u015bmy lin po\u0142\u00f3wkowych Tendon Ambition 7.9 z pe\u0142n\u0105 impregnacj\u0105 &#8211; super lekkich, kt\u00f3re bardzo fajnie spisywa\u0142y si\u0119 w Tatrach. Je\u015bli chodzi o d\u0142ugo\u015b\u0107 liny &#8211; polecam 60 metr\u00f3w. Czasem si\u0119 przydaje. \ud83d\ude09<\/p>\n<div id=\"attachment_23307\" style=\"width: 1010px\" class=\"wp-caption alignnone\"><img loading=\"lazy\" decoding=\"async\" aria-describedby=\"caption-attachment-23307\" class=\"jak\u0105 lin\u0119 zabra\u0107 w g\u00f3ry wp-image-23307 size-full\" title=\"lina w gory\" src=\"https:\/\/8a.pl\/8academy\/wp-content\/uploads\/2018\/09\/MA_1344.jpg\" alt=\"Jaka lina na wspinaczk\u0119 g\u00f3rsk\u0105\" width=\"1000\" height=\"650\" srcset=\"https:\/\/8a.pl\/8academy\/wp-content\/uploads\/2018\/09\/MA_1344.jpg 1000w, https:\/\/8a.pl\/8academy\/wp-content\/uploads\/2018\/09\/MA_1344-300x195.jpg 300w, https:\/\/8a.pl\/8academy\/wp-content\/uploads\/2018\/09\/MA_1344-768x499.jpg 768w\" sizes=\"(max-width: 1000px) 100vw, 1000px\" \/><p id=\"caption-attachment-23307\" class=\"wp-caption-text\">Lina po\u0142\u00f3wkowa Beal Opera 8,5 mm 60m x2 Dry Cover Unicore. (fot. Piotr Deska)<\/p><\/div>\n<h2>Pozosta\u0142y sprz\u0119t\u00a0do wspinaczki g\u00f3rskiej<\/h2>\n<p>Jest jeszcze kilka rzeczy, kt\u00f3re z pewno\u015bci\u0105 nam si\u0119 przydadz\u0105, chocia\u017c nie za bardzo pasuj\u0105 do podpunkt\u00f3w zamieszczonych powy\u017cej. W umownej kategorii &#8220;pozosta\u0142y sprz\u0119t do wspinaczki g\u00f3rskiej&#8221; umie\u015bci\u0107 mo\u017cna:<\/p>\n<ul>\n<li><a href=\"https:\/\/8a.pl\/karabinki-wspinaczkowe\" target=\"_blank\" rel=\"noopener noreferrer\">Karabinki<\/a> HMS (2-3 sztuki);<\/li>\n<li>Karabinki do budowania stanowisk i innych zastosowa\u0144;<\/li>\n<li>P\u0119tle z ta\u015bmy wspinaczkowej (4 sztuki o d\u0142ugo\u015bci 120 cm z dyneemy &#8211; ka\u017cda z karabinkiem);<\/li>\n<li>Repy pomocnicze (do asekuracji podczas zjazdu i wzmacniania stanowisk zjazdowych);<\/li>\n<li><a href=\"https:\/\/8a.pl\/woreczki-na-magnezje\" target=\"_blank\" rel=\"noopener noreferrer\">Woreczek<\/a> z magnezj\u0105.<\/li>\n<\/ul>\n<p>Warto zaznaczy\u0107, \u017ce nie jest to zestaw obowi\u0105zkowy i mo\u017cna go dowolnie modyfikowa\u0107. Ja zmienia\u0142em go ju\u017c kilkakrotnie, dodaj\u0105c co\u015b do tej listy lub co\u015b z niej odejmuj\u0105c.<\/p>\n<div id=\"attachment_23308\" style=\"width: 1010px\" class=\"wp-caption alignnone\"><img loading=\"lazy\" decoding=\"async\" aria-describedby=\"caption-attachment-23308\" class=\"Jaki sprz\u0119t do wspinania w Tatrach wp-image-23308 size-full\" title=\"Sprzet wspinaczkowy w Tatry\" src=\"https:\/\/8a.pl\/8academy\/wp-content\/uploads\/2018\/09\/MA_1361.jpg\" alt=\"Sprz\u0119t do \u0142ojenia w g\u00f3rach\" width=\"1000\" height=\"650\" srcset=\"https:\/\/8a.pl\/8academy\/wp-content\/uploads\/2018\/09\/MA_1361.jpg 1000w, https:\/\/8a.pl\/8academy\/wp-content\/uploads\/2018\/09\/MA_1361-300x195.jpg 300w, https:\/\/8a.pl\/8academy\/wp-content\/uploads\/2018\/09\/MA_1361-768x499.jpg 768w\" sizes=\"(max-width: 1000px) 100vw, 1000px\" \/><p id=\"caption-attachment-23308\" class=\"wp-caption-text\">Jaki sprz\u0119t do wspinaczki g\u00f3rskiej jeszcze ze sob\u0105 zabra\u0107? Na pewno przydadz\u0105 si\u0119 karabinki, ta\u015bmy i repy oraz woreczek z magnezj\u0105. (fot. Piotr Deska)<\/p><\/div>\n<h2>Kask<\/h2>\n<p>Podczas wspinania w g\u00f3rach <a href=\"https:\/\/8a.pl\/kaski-wspinaczkowe\" target=\"_blank\" rel=\"noopener noreferrer\">kask<\/a> to absolutna podstawa! W trakcie mojej kr\u00f3tkiej kariery wspinaczkowej ju\u017c nieraz uratowa\u0142 mi g\u0142ow\u0119. Przed podj\u0119ciem decyzji zakupowej, dobrze jest zmierzy\u0107 kilka modeli, bo nie ka\u017cdy b\u0119dzie dobrze le\u017ca\u0142 na naszej g\u0142owie. Ponadto warto zwr\u00f3ci\u0107 uwag\u0119 na to, w jaki spos\u00f3b taki sprz\u0119t zosta\u0142 wykonany. Czym jeszcze kierowa\u0107 si\u0119 przy zakupie? Po wi\u0119cej informacji na ten temat odsy\u0142am do artyku\u0142u <a href=\"https:\/\/8a.pl\/8academy\/jaki-kask-wspinaczkowy-wybrac\/\" target=\"_blank\" rel=\"noopener noreferrer\">&#8220;Jaki kask wspinaczkowy wybra\u0107 w g\u00f3ry i ska\u0142ki?&#8221;<\/a><\/p>\n<h2>Uprz\u0105\u017c<\/h2>\n<p>Zgodnie z zasadami \u201eobowi\u0105zuj\u0105cymi\u201d przy wyborze uprz\u0119\u017cy w g\u00f3ry, powinni\u015bmy postawi\u0107 na model o szerokich ta\u015bmach, kt\u00f3ry zapewni maksymaln\u0105 wygod\u0119 w czasie wiszenia na stanowisku. W rzeczywisto\u015bci okazuje si\u0119, \u017ce wcale tak cz\u0119sto nie wisimy w uprz\u0119\u017cy, jak sugeruj\u0105 to zdj\u0119cia w gazetach wspinaczkowych. Ponadto mia\u0142aby to by\u0107 wersja z regulacj\u0105 nogawek, pozwalaj\u0105ca na ubieranie pod sp\u00f3d wi\u0119kszej ilo\u015bci odzie\u017cy. Jednak cz\u0119sto okazuje si\u0119, \u017ce przez ca\u0142y okres u\u017cytkowania takiej uprz\u0119\u017cy, nawet nie dotkniemy klamer udowych.<\/p>\n<p>A jak to wygl\u0105da w praktyce? Na pocz\u0105tek zupe\u0142nie wystarczy nam <a href=\"https:\/\/8a.pl\/uprzeze-wspinaczkowe\" target=\"_blank\" rel=\"noopener noreferrer\">uprz\u0105\u017c<\/a>, kt\u00f3r\u0105 ju\u017c mamy, chocia\u017c je\u015bli czujemy tak\u0105 potrzeb\u0119, mo\u017cna te\u017c zakupi\u0107 model nieco \u015bci\u015blej dostosowany do naszych preferencji.<\/p>\n<div id=\"attachment_23309\" style=\"width: 1010px\" class=\"wp-caption alignnone\"><img loading=\"lazy\" decoding=\"async\" aria-describedby=\"caption-attachment-23309\" class=\"Jakie buty wspinaczkowe w g\u00f3ry wp-image-23309 size-full\" title=\"Jaki kask wspinaczkowy w Tatry\" src=\"https:\/\/8a.pl\/8academy\/wp-content\/uploads\/2018\/09\/MA_1357.jpg\" alt=\"Jaka uprz\u0105\u017c w g\u00f3ry\" width=\"1000\" height=\"650\" srcset=\"https:\/\/8a.pl\/8academy\/wp-content\/uploads\/2018\/09\/MA_1357.jpg 1000w, https:\/\/8a.pl\/8academy\/wp-content\/uploads\/2018\/09\/MA_1357-300x195.jpg 300w, https:\/\/8a.pl\/8academy\/wp-content\/uploads\/2018\/09\/MA_1357-768x499.jpg 768w\" sizes=\"(max-width: 1000px) 100vw, 1000px\" \/><p id=\"caption-attachment-23309\" class=\"wp-caption-text\">Kask wspinaczkowy CT Venus Plus, Uprz\u0105\u017c Ocun WeBee 3, Ocun Oxi QC. (fot. Piotr Deska)<\/p><\/div>\n<h2>Buty wspinaczkowe<\/h2>\n<p><a href=\"https:\/\/8a.pl\/buty-wspinaczkowe\" target=\"_blank\" rel=\"noopener noreferrer\">Buty wspinaczkowe<\/a>, kt\u00f3re zabierzemy ze sob\u0105 w g\u00f3ry, to prawdopodobnie te, w kt\u00f3rych ju\u017c wspinamy si\u0119 na panelu czy w ska\u0142ach. R\u00f3\u017cnica jest taka, \u017ce w g\u00f3rach bardzo du\u017co czasu sp\u0119dza\u0107 b\u0119dziemy w obuwiu i warto czasem da\u0107 stopom troch\u0119 wi\u0119cej odpoczynku. W tym kontek\u015bcie lepiej sprawdz\u0105 si\u0119 buty wyposa\u017cone w rzepy. Ten system pozwala na szybkie \u015bci\u0105gni\u0119cie ich na stanowisku. Z sznurowanymi jest odrobin\u0119 gorzej.<\/p>\n<p>Modele z najwy\u017cszej p\u00f3\u0142ki, kt\u00f3re s\u0105 mocno asymetryczne, wcale nie sprawdz\u0105 si\u0119 lepiej na prostych drogach. Mog\u0105 za to by\u0107 \u017ar\u00f3d\u0142em dyskomfortu, kt\u00f3ry nie pozwoli na czerpanie wi\u0119kszej przyjemno\u015b\u0107 podczas aktywno\u015bci\u00a0w \u015bcianie.<\/p>\n<h2>Plecak<\/h2>\n<p>Samo podej\u015bcie pod \u015bcian\u0119 zajmuje cz\u0119sto ok. 2-3 godzin, a nasz szpej troch\u0119 jednak wa\u017cy. Niesienie wszystkiego w niebieskiej reklam\u00f3wce od znanego producenta mebli mo\u017ce by\u0107 troch\u0119 uci\u0105\u017cliwe, chocia\u017c nie jest niemo\u017cliwe do wykonania. \ud83d\ude09<\/p>\n<p>Praktyczniejszym rozwi\u0105zaniem b\u0119dzie jednak zabranie <a href=\"https:\/\/8a.pl\/plecaki\" target=\"_blank\" rel=\"noopener noreferrer\">plecaka<\/a>. Taki o pojemno\u015bci 35-45 litr\u00f3w wystarczy nam w zupe\u0142no\u015bci, by zmie\u015bci\u0107 w nim ca\u0142y szpej (i to bez potrzeby obwieszania si\u0119 jak choinka). Je\u017celi zdecydujemy si\u0119 na wspinanie z plecakiem, to warto wybra\u0107 model mo\u017cliwie w\u0105ski i przystosowany do tego typu aktywno\u015bci (atutami b\u0119d\u0105 np.: wyjmowany pas biodrowy, odpinana klapa, \u0142atwy dost\u0119p do zawarto\u015bci).<\/p>\n<div id=\"attachment_23310\" style=\"width: 1010px\" class=\"wp-caption alignnone\"><img loading=\"lazy\" decoding=\"async\" aria-describedby=\"caption-attachment-23310\" class=\"sprz\u0119t do wspinania w g\u00f3rach wp-image-23310 size-full\" title=\"jaki plecak wspinaczkowy\" src=\"https:\/\/8a.pl\/8academy\/wp-content\/uploads\/2018\/09\/MA_1369.jpg\" alt=\"Co zabra\u0107 na wspinaczk\u0119 g\u00f3rsk\u0105\" width=\"1000\" height=\"650\" srcset=\"https:\/\/8a.pl\/8academy\/wp-content\/uploads\/2018\/09\/MA_1369.jpg 1000w, https:\/\/8a.pl\/8academy\/wp-content\/uploads\/2018\/09\/MA_1369-300x195.jpg 300w, https:\/\/8a.pl\/8academy\/wp-content\/uploads\/2018\/09\/MA_1369-768x499.jpg 768w\" sizes=\"(max-width: 1000px) 100vw, 1000px\" \/><p id=\"caption-attachment-23310\" class=\"wp-caption-text\">Szpej gotowy? Jeszcze tylko odpowiedni plecak i mo\u017cna wspina\u0107 si\u0119 w g\u00f3rach. Na zdj\u0119ciu plecak Gregory Alpinisto 35. (fot. Wojtek Wojciechowski)<\/p><\/div>\n<h2>&#8220;Fast and Light&#8221;<\/h2>\n<p>Powy\u017csze has\u0142o bardzo cz\u0119sto wywo\u0142uje skojarzenia z rzeczami, za kt\u00f3re trzeba s\u0142ono zap\u0142aci. Czy s\u0142usznie? Wbrew pozorom &#8220;urwanie kilku gram\u00f3w&#8221; na karabinkach czy ta\u015bmach wcale nie wi\u0105\u017ce si\u0119 z wydaniem wi\u0119kszych pieni\u0119dzy. Wr\u0119cz przeciwnie! Niekt\u00f3re karabinki z drucianym zamkiem s\u0105 ta\u0144sze, a do tego prawie dwa razy l\u017cejsze. Po\u015bwi\u0119caj\u0105c troch\u0119 czasu na poszukiwania &#8220;odchudzonych&#8221; wariant\u00f3w, mo\u017cna tak skonfigurowa\u0107 sw\u00f3j szpej, \u017ce jego waga zmniejszy si\u0119 nawet o 2 kg! Mo\u017ce nie jest to bardzo du\u017co, ale r\u00f3\u017cnic\u0119 da si\u0119 odczu\u0107. Ca\u0142\u0105 sytuacj\u0119 mo\u017cemy zobrazowa\u0107 konkretnym przyk\u0142adem &#8211; wygl\u0105da to tak, jakby\u015bmy przez ca\u0142y dzie\u0144 nosili ze sob\u0105 du\u017c\u0105 butelk\u0119 wody, z kt\u00f3rej i tak nie mogliby\u015bmy si\u0119 napi\u0107.<\/p>\n<h2>Sprz\u0119t do wspinaczki g\u00f3rskiej \u2013 ile to wszystko kosztuje?<\/h2>\n<p>Przedstawiony wcze\u015bniej zestaw to wydatek kszta\u0142tuj\u0105cy si\u0119 w przedziale od 4800 do 5700 z\u0142 (w zale\u017cno\u015bci od tego, czy nab\u0119dziemy sprz\u0119t po cenach regularnych, czy korzystamy z cen promocyjnych). Na pierwszy rzut oka taka kwota mo\u017ce u niejednego wspinacza spowodowa\u0107 drobne zawroty g\u0142owy. Jednak po kr\u00f3tkim przeanalizowaniu sytuacji dojdziemy do wniosku, \u017ce nie jest a\u017c tak \u017ale.<\/p>\n<p>Najcz\u0119\u015bciej droga w g\u00f3ry prowadzi przez wspinanie w ska\u0142ach, wi\u0119c na tym etapie cz\u0119\u015b\u0107 sprz\u0119tu ju\u017c posiadamy. Do tego zakupy mo\u017cna zrobi\u0107 wsp\u00f3lnie z partnerem, co si\u0142\u0105 rzeczy sprawi, \u017ce wydatki da si\u0119 podzieli\u0107 przez dwa&#8230; No mo\u017ce nie wszystkie, bo np. zakup jednego kasku na dwie osoby nie b\u0119dzie zbyt dobrym pomys\u0142em. \ud83d\ude09<\/p>\n<div id=\"attachment_23396\" style=\"width: 1010px\" class=\"wp-caption alignnone\"><img loading=\"lazy\" decoding=\"async\" aria-describedby=\"caption-attachment-23396\" class=\"\u0142ojenie w g\u00f3rach wp-image-23396 size-full\" title=\"wspinaczka w gorach\" src=\"https:\/\/8a.pl\/8academy\/wp-content\/uploads\/2018\/09\/Birkenmajer-10.jpg\" alt=\"Jaki sprz\u0119t wspinaczkowy zabra\u0107 w g\u00f3ry\" width=\"1000\" height=\"650\" srcset=\"https:\/\/8a.pl\/8academy\/wp-content\/uploads\/2018\/09\/Birkenmajer-10.jpg 1000w, https:\/\/8a.pl\/8academy\/wp-content\/uploads\/2018\/09\/Birkenmajer-10-300x195.jpg 300w, https:\/\/8a.pl\/8academy\/wp-content\/uploads\/2018\/09\/Birkenmajer-10-768x499.jpg 768w\" sizes=\"(max-width: 1000px) 100vw, 1000px\" \/><p id=\"caption-attachment-23396\" class=\"wp-caption-text\">Autor podczas wspinaczki w g\u00f3rach. (fot. archiwum autora)<\/p><\/div>\n<p>Pocieszeniem niech b\u0119dzie fakt, i\u017c wspinanie i tak nale\u017cy do sport\u00f3w dosy\u0107 tanich. By si\u0119 o tym przekona\u0107, wystarczy&#8230; wizyta w sklepie ze sprz\u0119tem skiturowym lub MTB\u00a0(je\u017celi mamy ju\u017c zosta\u0107 przy g\u00f3rach).<\/p>\n<p><em>Sprz\u0119t, kt\u00f3ry pos\u0142u\u017cy\u0142 do zilustrowania niniejszego artyku\u0142u, znale\u017a\u0107 mo\u017cna <a href=\"https:\/\/8a.pl\/sprzet-wspinaczkowy\" target=\"_blank\" rel=\"noopener noreferrer\">TUTAJ<\/a>.<\/em><\/p>\n<p><em><strong>Autor: Miko\u0142aj Lau<\/strong><\/em><\/p>\n","protected":false},"excerpt":{"rendered":"<p>Cz\u0119sto spotykam si\u0119 z pytaniem o sprz\u0119t, kt\u00f3ry jest potrzebny do wspinania w g\u00f3rach, przy czym zapytania dotycz\u0105 wspinaczki skalnej na w\u0142asnej protekcji. W g\u00f3rach s\u0105 oczywi\u015bcie drogi o pe\u0142nej asekuracji, do pokonania kt\u00f3rych wystarczy zestaw niewiele bardziej rozbudowany, od zestawu potrzebnego w ska\u0142kach. Jednak przy wspinaczce wymagaj\u0105cej zak\u0142adania w\u0142asnej asekuracji, sprawa jest ju\u017c nieco bardziej z\u0142o\u017cona. <\/p>\n","protected":false},"author":73,"featured_media":23401,"comment_status":"open","ping_status":"open","sticky":false,"template":"","format":"standard","meta":{"_acf_changed":false,"_uf_show_specific_survey":0,"_uf_disable_surveys":false,"footnotes":""},"categories":[11],"tags":[26086,26104,26069,26088],"class_list":["post-23256","post","type-post","status-publish","format-standard","has-post-thumbnail","hentry","category-wspinaczka","tag-alpinizm","tag-caloroczne","tag-poradnik","tag-wspinaczka_skalkowa"],"acf":[],"yoast_head":"<!-- This site is optimized with the Yoast SEO Premium plugin v23.4 (Yoast SEO v25.5) - https:\/\/yoast.com\/wordpress\/plugins\/seo\/ -->\n<title>Jaki sprz\u0119t do wspinaczki g\u00f3rskiej? Podpowiadamy | 8academy<\/title>\n<meta name=\"description\" content=\"W niniejszym artykule zaprezentuj\u0119 sprz\u0119t do wspinaczki g\u00f3rskiej, jakiego od kilku lat u\u017cywam w Tatrach. Zamieszczona tu lista jest bardzo uniwersalna\" \/>\n<meta name=\"robots\" content=\"index, follow, max-snippet:-1, max-image-preview:large, max-video-preview:-1\" \/>\n<link rel=\"canonical\" href=\"https:\/\/8a.pl\/8academy\/jaki-sprzet-do-wspinaczki-gorskiej\/\" \/>\n<meta property=\"og:locale\" content=\"pl_PL\" \/>\n<meta property=\"og:type\" content=\"article\" \/>\n<meta property=\"og:title\" content=\"Lista sprz\u0119tu do wspinaczki g\u00f3rskiej. Sprawd\u017a, czego potrzebujesz! | 8academy\" \/>\n<meta property=\"og:description\" content=\"My\u015blisz o tym, by zacz\u0105\u0107 wspina\u0107 si\u0119 w g\u00f3rach? Skorzystaj z podpowiedzi i zbierz niezb\u0119dny szpej!\" \/>\n<meta property=\"og:url\" content=\"https:\/\/8a.pl\/8academy\/jaki-sprzet-do-wspinaczki-gorskiej\/\" \/>\n<meta property=\"og:site_name\" content=\"8academy.pl - portal g\u00f3rski i wspinaczkowy dla aktywnych\" \/>\n<meta property=\"article:publisher\" content=\"https:\/\/pl-pl.facebook.com\/sklep8apl\/\" \/>\n<meta property=\"article:published_time\" content=\"2018-09-18T10:12:06+00:00\" \/>\n<meta property=\"article:modified_time\" content=\"2024-05-20T06:28:51+00:00\" \/>\n<meta property=\"og:image\" content=\"http:\/\/8a.pl\/8academy\/wp-content\/uploads\/2018\/09\/DSC1845-207_cover_fb.jpg\" \/>\n\t<meta property=\"og:image:width\" content=\"1200\" \/>\n\t<meta property=\"og:image:height\" content=\"628\" \/>\n\t<meta property=\"og:image:type\" content=\"image\/jpeg\" \/>\n<meta name=\"author\" content=\"Miko\u0142aj Lau\" \/>\n<meta name=\"twitter:card\" content=\"summary_large_image\" \/>\n<meta name=\"twitter:title\" content=\"Jaki sprz\u0119t do wspinaczki g\u00f3rskiej?\" \/>\n<meta name=\"twitter:label1\" content=\"Napisane przez\" \/>\n\t<meta name=\"twitter:data1\" content=\"Miko\u0142aj Lau\" \/>\n\t<meta name=\"twitter:label2\" content=\"Szacowany czas czytania\" \/>\n\t<meta name=\"twitter:data2\" content=\"10 minut\" \/>\n<!-- \/ Yoast SEO Premium plugin. -->","yoast_head_json":{"title":"Jaki sprz\u0119t do wspinaczki g\u00f3rskiej? Podpowiadamy | 8academy","description":"W niniejszym artykule zaprezentuj\u0119 sprz\u0119t do wspinaczki g\u00f3rskiej, jakiego od kilku lat u\u017cywam w Tatrach. Zamieszczona tu lista jest bardzo uniwersalna","robots":{"index":"index","follow":"follow","max-snippet":"max-snippet:-1","max-image-preview":"max-image-preview:large","max-video-preview":"max-video-preview:-1"},"canonical":"https:\/\/8a.pl\/8academy\/jaki-sprzet-do-wspinaczki-gorskiej\/","og_locale":"pl_PL","og_type":"article","og_title":"Lista sprz\u0119tu do wspinaczki g\u00f3rskiej. Sprawd\u017a, czego potrzebujesz! | 8academy","og_description":"My\u015blisz o tym, by zacz\u0105\u0107 wspina\u0107 si\u0119 w g\u00f3rach? Skorzystaj z podpowiedzi i zbierz niezb\u0119dny szpej!","og_url":"https:\/\/8a.pl\/8academy\/jaki-sprzet-do-wspinaczki-gorskiej\/","og_site_name":"8academy.pl - portal g\u00f3rski i wspinaczkowy dla aktywnych","article_publisher":"https:\/\/pl-pl.facebook.com\/sklep8apl\/","article_published_time":"2018-09-18T10:12:06+00:00","article_modified_time":"2024-05-20T06:28:51+00:00","og_image":[{"width":1200,"height":628,"url":"http:\/\/8a.pl\/8academy\/wp-content\/uploads\/2018\/09\/DSC1845-207_cover_fb.jpg","type":"image\/jpeg"}],"author":"Miko\u0142aj Lau","twitter_card":"summary_large_image","twitter_title":"Jaki sprz\u0119t do wspinaczki g\u00f3rskiej?","twitter_misc":{"Napisane przez":"Miko\u0142aj Lau","Szacowany czas czytania":"10 minut"},"schema":{"@context":"https:\/\/schema.org","@graph":[{"@type":"Article","@id":"https:\/\/8a.pl\/8academy\/jaki-sprzet-do-wspinaczki-gorskiej\/#article","isPartOf":{"@id":"https:\/\/8a.pl\/8academy\/jaki-sprzet-do-wspinaczki-gorskiej\/"},"author":{"name":"Miko\u0142aj Lau","@id":"https:\/\/8a.pl\/8academy\/#\/schema\/person\/094ccc0b478dc4d9c15fb2e99817898c"},"headline":"Jaki sprz\u0119t do wspinaczki g\u00f3rskiej?","datePublished":"2018-09-18T10:12:06+00:00","dateModified":"2024-05-20T06:28:51+00:00","mainEntityOfPage":{"@id":"https:\/\/8a.pl\/8academy\/jaki-sprzet-do-wspinaczki-gorskiej\/"},"wordCount":1592,"commentCount":0,"publisher":{"@id":"https:\/\/8a.pl\/8academy\/#organization"},"image":{"@id":"https:\/\/8a.pl\/8academy\/jaki-sprzet-do-wspinaczki-gorskiej\/#primaryimage"},"thumbnailUrl":"https:\/\/8a.pl\/8academy\/wp-content\/uploads\/2018\/09\/DSC1845-207_cover.jpg","keywords":["Alpinizm","Ca\u0142oroczne","Poradnik","Wspinaczka ska\u0142kowa"],"articleSection":["Wspinaczka"],"inLanguage":"pl-PL","potentialAction":[{"@type":"CommentAction","name":"Comment","target":["https:\/\/8a.pl\/8academy\/jaki-sprzet-do-wspinaczki-gorskiej\/#respond"]}]},{"@type":"WebPage","@id":"https:\/\/8a.pl\/8academy\/jaki-sprzet-do-wspinaczki-gorskiej\/","url":"https:\/\/8a.pl\/8academy\/jaki-sprzet-do-wspinaczki-gorskiej\/","name":"Jaki sprz\u0119t do wspinaczki g\u00f3rskiej? Podpowiadamy | 8academy","isPartOf":{"@id":"https:\/\/8a.pl\/8academy\/#website"},"primaryImageOfPage":{"@id":"https:\/\/8a.pl\/8academy\/jaki-sprzet-do-wspinaczki-gorskiej\/#primaryimage"},"image":{"@id":"https:\/\/8a.pl\/8academy\/jaki-sprzet-do-wspinaczki-gorskiej\/#primaryimage"},"thumbnailUrl":"https:\/\/8a.pl\/8academy\/wp-content\/uploads\/2018\/09\/DSC1845-207_cover.jpg","datePublished":"2018-09-18T10:12:06+00:00","dateModified":"2024-05-20T06:28:51+00:00","description":"W niniejszym artykule zaprezentuj\u0119 sprz\u0119t do wspinaczki g\u00f3rskiej, jakiego od kilku lat u\u017cywam w Tatrach. Zamieszczona tu lista jest bardzo uniwersalna","breadcrumb":{"@id":"https:\/\/8a.pl\/8academy\/jaki-sprzet-do-wspinaczki-gorskiej\/#breadcrumb"},"inLanguage":"pl-PL","potentialAction":[{"@type":"ReadAction","target":["https:\/\/8a.pl\/8academy\/jaki-sprzet-do-wspinaczki-gorskiej\/"]}]},{"@type":"ImageObject","inLanguage":"pl-PL","@id":"https:\/\/8a.pl\/8academy\/jaki-sprzet-do-wspinaczki-gorskiej\/#primaryimage","url":"https:\/\/8a.pl\/8academy\/wp-content\/uploads\/2018\/09\/DSC1845-207_cover.jpg","contentUrl":"https:\/\/8a.pl\/8academy\/wp-content\/uploads\/2018\/09\/DSC1845-207_cover.jpg","width":1100,"height":715,"caption":"wspinanie si\u0119 w g\u00f3rach"},{"@type":"BreadcrumbList","@id":"https:\/\/8a.pl\/8academy\/jaki-sprzet-do-wspinaczki-gorskiej\/#breadcrumb","itemListElement":[{"@type":"ListItem","position":1,"name":"Strona g\u0142\u00f3wna","item":"https:\/\/8a.pl\/8academy\/"},{"@type":"ListItem","position":2,"name":"Jaki sprz\u0119t do wspinaczki g\u00f3rskiej?"}]},{"@type":"WebSite","@id":"https:\/\/8a.pl\/8academy\/#website","url":"https:\/\/8a.pl\/8academy\/","name":"8academy.pl - portal g\u00f3rski i wspinaczkowy dla aktywnych","description":"8academy to portal g\u00f3rski o wspinaczce, trekkingu i skiturach. Znajdziesz tu porady, testy sprz\u0119tu i opisy najlepszych rejon\u00f3w. Inspirujemy zdobywc\u00f3w!","publisher":{"@id":"https:\/\/8a.pl\/8academy\/#organization"},"potentialAction":[{"@type":"SearchAction","target":{"@type":"EntryPoint","urlTemplate":"https:\/\/8a.pl\/8academy\/?s={search_term_string}"},"query-input":{"@type":"PropertyValueSpecification","valueRequired":true,"valueName":"search_term_string"}}],"inLanguage":"pl-PL"},{"@type":"Organization","@id":"https:\/\/8a.pl\/8academy\/#organization","name":"8academy.pl - portal g\u00f3rski i wspinaczkowy dla aktywnych","url":"https:\/\/8a.pl\/8academy\/","logo":{"@type":"ImageObject","inLanguage":"pl-PL","@id":"https:\/\/8a.pl\/8academy\/#\/schema\/logo\/image\/","url":"https:\/\/8a.pl\/8academy\/wp-content\/uploads\/2015\/11\/logo.png","contentUrl":"https:\/\/8a.pl\/8academy\/wp-content\/uploads\/2015\/11\/logo.png","width":438,"height":315,"caption":"8academy.pl - portal g\u00f3rski i wspinaczkowy dla aktywnych"},"image":{"@id":"https:\/\/8a.pl\/8academy\/#\/schema\/logo\/image\/"},"sameAs":["https:\/\/pl-pl.facebook.com\/sklep8apl\/","https:\/\/www.instagram.com\/8apl\/"]},{"@type":"Person","@id":"https:\/\/8a.pl\/8academy\/#\/schema\/person\/094ccc0b478dc4d9c15fb2e99817898c","name":"Miko\u0142aj Lau","image":{"@type":"ImageObject","inLanguage":"pl-PL","@id":"https:\/\/8a.pl\/8academy\/#\/schema\/person\/image\/","url":"https:\/\/8a.pl\/8academy\/wp-content\/uploads\/2022\/01\/team1-150x150.jpg","contentUrl":"https:\/\/8a.pl\/8academy\/wp-content\/uploads\/2022\/01\/team1-150x150.jpg","caption":"Miko\u0142aj Lau"},"url":"https:\/\/8a.pl\/8academy\/author\/mikolaj-lau\/"}]}},"_links":{"self":[{"href":"https:\/\/8a.pl\/8academy\/wp-json\/wp\/v2\/posts\/23256","targetHints":{"allow":["GET"]}}],"collection":[{"href":"https:\/\/8a.pl\/8academy\/wp-json\/wp\/v2\/posts"}],"about":[{"href":"https:\/\/8a.pl\/8academy\/wp-json\/wp\/v2\/types\/post"}],"author":[{"embeddable":true,"href":"https:\/\/8a.pl\/8academy\/wp-json\/wp\/v2\/users\/73"}],"replies":[{"embeddable":true,"href":"https:\/\/8a.pl\/8academy\/wp-json\/wp\/v2\/comments?post=23256"}],"version-history":[{"count":1,"href":"https:\/\/8a.pl\/8academy\/wp-json\/wp\/v2\/posts\/23256\/revisions"}],"predecessor-version":[{"id":65214,"href":"https:\/\/8a.pl\/8academy\/wp-json\/wp\/v2\/posts\/23256\/revisions\/65214"}],"wp:featuredmedia":[{"embeddable":true,"href":"https:\/\/8a.pl\/8academy\/wp-json\/wp\/v2\/media\/23401"}],"wp:attachment":[{"href":"https:\/\/8a.pl\/8academy\/wp-json\/wp\/v2\/media?parent=23256"}],"wp:term":[{"taxonomy":"category","embeddable":true,"href":"https:\/\/8a.pl\/8academy\/wp-json\/wp\/v2\/categories?post=23256"},{"taxonomy":"post_tag","embeddable":true,"href":"https:\/\/8a.pl\/8academy\/wp-json\/wp\/v2\/tags?post=23256"}],"curies":[{"name":"wp","href":"https:\/\/api.w.org\/{rel}","templated":true}]}}