{"id":23114,"date":"2018-09-08T04:58:45","date_gmt":"2018-09-08T02:58:45","guid":{"rendered":"https:\/\/8a.pl\/8academy\/?p=23114"},"modified":"2024-05-19T21:20:16","modified_gmt":"2024-05-19T19:20:16","slug":"szlaki-w-tatrach-dla-zaawansowanych","status":"publish","type":"post","link":"https:\/\/8a.pl\/8academy\/szlaki-w-tatrach-dla-zaawansowanych\/","title":{"rendered":"Szlaki w Polskich Tatrach &#8211; propozycje tras dla zaawansowanych"},"content":{"rendered":"\n<p class=\"wp-block-paragraph\">Nie ma co ukrywa\u0107, po polskiej stronie Tatr nie znajdziemy miejsc odludnych. No chyba, \u017ce jeste\u015bmy pracownikami naukowymi i posiadamy odpowiednie zezwolenia, z kt\u00f3rym mo\u017cemy swobodnie porusza\u0107 si\u0119 po mateczniku. Nie znaczy to jednak, \u017ce nie zaznamy przyrody, krajobrazu i ducha g\u00f3r! Dzi\u015b przedstawi\u0119 Wam szlaki w Tatrach polskich &#8211; zar\u00f3wno Zachodnich jak i Wysokich, kt\u00f3re warto cho\u0107 raz w \u017cyciu zaliczy\u0107. Wymagaj\u0105 kondycji oraz uprzedniego przygotowania, to jest oswojenia z przestrzeni\u0105 i wysoko\u015bci\u0105. Nie s\u0105 to trasy, kt\u00f3re mo\u017cna poleci\u0107 tym, co dopiero stawiaj\u0105 swoje pierwsze kroki w najwy\u017cszych polskich g\u00f3rach. Opisywane poni\u017cej szlaki w Tatrach przypadn\u0105 za to do gustu tym nieco bardziej zaawansowanym turystom.<\/p>\n\n\n\n<figure class=\"wp-block-image alignnone Gdzie chodzi\u0107 w Tatrach wp-image-23115 size-full\"><img fetchpriority=\"high\" decoding=\"async\" width=\"1000\" height=\"650\" src=\"https:\/\/8a.pl\/8academy\/wp-content\/uploads\/2018\/09\/1.jpg\" alt=\"Tatry dla zaawansowanych\" class=\"wp-image-23115\" srcset=\"https:\/\/8a.pl\/8academy\/wp-content\/uploads\/2018\/09\/1.jpg 1000w, https:\/\/8a.pl\/8academy\/wp-content\/uploads\/2018\/09\/1-300x195.jpg 300w, https:\/\/8a.pl\/8academy\/wp-content\/uploads\/2018\/09\/1-768x499.jpg 768w\" sizes=\"(max-width: 1000px) 100vw, 1000px\" \/><figcaption>Szpiglasowy Wierch (fot. Paulina Wierzbicka)<\/figcaption><\/figure>\n\n\n\n<h2 class=\"wp-block-heading\" id=\"h-z-morskiego-oka-przez-szpiglasowa-przelecz-do-doliny-pieciu-stawow-polskich\">Z Morskiego Oka przez Szpiglasow\u0105 Prze\u0142\u0119cz do Doliny Pi\u0119ciu Staw\u00f3w Polskich<\/h2>\n\n\n\n<p class=\"wp-block-paragraph\">Szlak ten polecam zar\u00f3wno ze wzgl\u0119du na walory estetyczne, jak i solidn\u0105 porcj\u0119 chodzenia. Bior\u0105c pod uwag\u0119 wariant max &#8211; to znaczy p\u0119tl\u0119 od i do parkingu na Palenicy Bia\u0142cza\u0144skiej &#8211; ca\u0142o\u015b\u0107 <a href=\"https:\/\/8a.pl\/8academy\/co-to-jest-trekking\/\" target=\"_blank\" rel=\"noopener noreferrer\">trekkingu<\/a> zajmie nam oko\u0142o 9 godzin. Warto zatem zastanowi\u0107 si\u0119 nad noclegiem w jednym z dw\u00f3ch mijanych po drodze schronisk. Sama asfaltowa trasa prowadz\u0105ca przez 9 kilometr\u00f3w do Morskiego Oka nie jest nadzwyczaj atrakcyjna, zw\u0142aszcza dla kogo\u015b, kto pokonywa\u0142 ju\u017c j\u0105 kilkana\u015bcie lub kilkadziesi\u0105t razy w \u017cyciu. Natomiast sam widok, kt\u00f3ry uchyla nam si\u0119 za prze\u0142amaniem asfaltu tu\u017c przy schronisku, zaiste zachwyca. <\/p>\n\n\n\n<p class=\"wp-block-paragraph\">Zawsze tak samo, zawsze mocno, bez wzgl\u0119du na ilo\u015b\u0107 godzin sp\u0119dzonych na wpatrywaniu si\u0119 w kocio\u0142 Morskiego Oka. Tutaj po noclegu lub kr\u00f3tkiej przerwie ruszamy dalej \u017c\u00f3\u0142tym szlakiem w stron\u0119 Szpiglasowej Prze\u0142\u0119czy. Szlak wije si\u0119 zakosami i towarzysz\u0105 mu pi\u0119kne widoki mi\u0119dzy innymi na <a href=\"https:\/\/8a.pl\/8academy\/wejscie-na-rysy\/\" target=\"_blank\" rel=\"noopener noreferrer\">Rysy<\/a>, Czarny Staw pod Rysami oraz dolink\u0119 za Mnichem, gdzie znajduje si\u0119 najwy\u017cej po\u0142o\u017cone w polskich Tatrach jezioro &#8211; Zadni Mnichowy Stawek (2070 m n.p.m.)<\/p>\n\n\n\n<figure class=\"wp-block-image alignnone Szlaki w polskich g\u00f3rach wp-image-23116 size-full\"><img decoding=\"async\" width=\"1000\" height=\"650\" src=\"https:\/\/8a.pl\/8academy\/wp-content\/uploads\/2018\/09\/2.jpg\" alt=\"Szlak na Szpiglasowy Wierch\" class=\"wp-image-23116\" srcset=\"https:\/\/8a.pl\/8academy\/wp-content\/uploads\/2018\/09\/2.jpg 1000w, https:\/\/8a.pl\/8academy\/wp-content\/uploads\/2018\/09\/2-300x195.jpg 300w, https:\/\/8a.pl\/8academy\/wp-content\/uploads\/2018\/09\/2-768x499.jpg 768w\" sizes=\"(max-width: 1000px) 100vw, 1000px\" \/><figcaption>Szlaki w Tatrach: rozga\u0142\u0119zienie na prze\u0142\u0119czy. (fot. Paulina Wierzbicka)<\/figcaption><\/figure>\n\n\n\n<h3 class=\"wp-block-heading\" id=\"h-zejscie-z-przeleczy\">Zej\u015bcie z prze\u0142\u0119czy<\/h3>\n\n\n\n<p class=\"wp-block-paragraph\">Podej\u015bcie na Szpiglasow\u0105 Prze\u0142\u0119cz od strony Morskiego Oka nie stanowi trudno\u015bci. Tych nale\u017cy spodziewa\u0107 si\u0119 za prze\u0142amaniem, gdzie stroma \u015bcie\u017cka p\u00f3\u0142kami skalnymi opada w stron\u0119 Doliny Pi\u0119ciu Staw\u00f3w Polskich. Tutaj w zacienionym \u017clebie nawet pe\u0142ni\u0105 lata mo\u017cemy spodziewa\u0107 si\u0119 zalegaj\u0105cego \u015bniegu. Na szcz\u0119\u015bcie zamontowano sztuczne u\u0142atwienie w postaci \u0142a\u0144cucha.<\/p>\n\n\n\n<p class=\"wp-block-paragraph\">Po tak forsownym spacerze ulg\u0119 cia\u0142u przyniesie odpoczynek przed najwy\u017cej po\u0142o\u017conym w Polsce schroniskiem &#8211; W Dolinie Pi\u0119ciu Staw\u00f3w Polskich (1670 m n.p.m.). Ulg\u0119 duszy, natomiast, przyniesie pyszna szarlotka, kt\u00f3ra zosta\u0142a okrzykni\u0119ta najlepsz\u0105 po tej stronie Tatr. Pytanie: czy tak jest rzeczywi\u015bcie, czy decyzja dyktowana jest uprzednim wysi\u0142kiem i zwi\u0105zanym z nim spadkiem cukru? W drodze powrotnej ze schroniska do parkingu na Palenicy Bia\u0142cza\u0144skiej mijamy mi\u0119dzy innymi najwi\u0119kszy wodospad w Polsce \u2013 Siklaw\u0119, nieco na uboczu &#8211; w Dolinie Roztoki &#8211; jedno z najbardziej klimatycznych tatrza\u0144skich schronisk, gdzie mo\u017cemy rozwa\u017cy\u0107 opcj\u0119 drugiego noclegu.<\/p>\n\n\n\n<figure class=\"wp-block-image alignnone w\u0119drowanie po Tatrach wp-image-23117 size-full\"><img decoding=\"async\" width=\"1000\" height=\"650\" src=\"https:\/\/8a.pl\/8academy\/wp-content\/uploads\/2018\/09\/3.jpg\" alt=\"Gdzie na wycieczk\u0119 w Tatrach\" class=\"wp-image-23117\" srcset=\"https:\/\/8a.pl\/8academy\/wp-content\/uploads\/2018\/09\/3.jpg 1000w, https:\/\/8a.pl\/8academy\/wp-content\/uploads\/2018\/09\/3-300x195.jpg 300w, https:\/\/8a.pl\/8academy\/wp-content\/uploads\/2018\/09\/3-768x499.jpg 768w\" sizes=\"(max-width: 1000px) 100vw, 1000px\" \/><figcaption>Stawki Staszica o ob\u0142\u0119dnych kolorach. Niezwyk\u0142y spektakl barw to mocny argument za tym, by odwiedza\u0107 szlaki w Tatrach. (fot. Paulina Wierzbicka)<\/figcaption><\/figure>\n\n\n\n<h2 class=\"wp-block-heading\" id=\"h-wrota-chalubinskiego\">Wrota Cha\u0142ubi\u0144skiego<\/h2>\n\n\n\n<p class=\"wp-block-paragraph\">Je\u015bli pozostaniemy w obszarze Doliny Rybiego Potoku, to inn\u0105 tras\u0105 godn\u0105 zainteresowania mo\u017ce by\u0107 eskapada na Wrota Cha\u0142ubi\u0144skiego. Zaczynamy &#8211; tak jak w przypadku wycieczki na Szpiglasow\u0105 Prze\u0142\u0119cz &#8211; \u017c\u00f3\u0142tym szlakiem. Na wysoko\u015bci Mnichowych Plec\u00f3w szlak rozga\u0142\u0119zia si\u0119. Znakowana na czerwono \u015bcie\u017cka prowadzi bajkowo przez Dolin\u0119 za Mnichem, trawersuj\u0105c Stawki Staszica &#8211; na wiosn\u0119 wyst\u0119puj\u0105ce z brzeg\u00f3w. Nasza Prze\u0142\u0119cz znajduje si\u0119 na wysoko\u015bci 2022 m n.p.m. &#8211; mi\u0119dzy Kop\u0105 nad Wrotami a Szpiglasowym Wierchem. To miejsce upami\u0119tnia posta\u0107, zas\u0142u\u017conego dla rozwoju Zakopanego i popularyzacji Tatr, Tytusa Cha\u0142ubi\u0144skiego. Widok st\u0105d jest zachwycaj\u0105cy: przed sob\u0105 mamy s\u0142owack\u0105 Dolin\u0119 Ciemnosmreczy\u0144sk\u0105, za nami natomiast Dolin\u0119 Rybiego Potoku. Niegdy\u015b, podobnie jak na Prze\u0142\u0119czy pod Ch\u0142opkiem, szlak prowadzi\u0142 dalej do naszych po\u0142udniowych s\u0105siad\u00f3w. Teraz, niestety, musimy obej\u015b\u0107 si\u0119 smakiem. Usi\u0105\u015b\u0107 na prze\u0142\u0119czy, napi\u0107 si\u0119 ciep\u0142ej herbaty, pokontemplowa\u0107 widoki i obracaj\u0105c si\u0119 na pi\u0119cie ruszy\u0107 w drog\u0119 powrotn\u0105. Niew\u0105tpliwym atutem tego miejsca jest znikomy ruch turystyczny.<\/p>\n\n\n\n<figure class=\"wp-block-image alignnone Tatry polskie szlaki trudniejsze wp-image-23118 size-full\"><img loading=\"lazy\" decoding=\"async\" width=\"1000\" height=\"650\" src=\"https:\/\/8a.pl\/8academy\/wp-content\/uploads\/2018\/09\/4.jpg\" alt=\"Jakie szlaki w Tatrach polecacie\" class=\"wp-image-23118\" srcset=\"https:\/\/8a.pl\/8academy\/wp-content\/uploads\/2018\/09\/4.jpg 1000w, https:\/\/8a.pl\/8academy\/wp-content\/uploads\/2018\/09\/4-300x195.jpg 300w, https:\/\/8a.pl\/8academy\/wp-content\/uploads\/2018\/09\/4-768x499.jpg 768w\" sizes=\"(max-width: 1000px) 100vw, 1000px\" \/><figcaption>Widok na Dolin\u0119 Rybiego Potoku z prze\u0142\u0119czy. (fot. Paulina Wierzbicka)<\/figcaption><\/figure>\n\n\n\n<h2 class=\"wp-block-heading\" id=\"h-kobylarzowy-zleb-w-tatrach-zachodnich\">Kobylarzowy \u017bleb w Tatrach Zachodnich<\/h2>\n\n\n\n<p class=\"wp-block-paragraph\">Kobylarzowy \u017bleb &#8211; zwany potocznie Kobylarzem &#8211; to miejsce na my\u015bl o kt\u00f3rym ka\u017cdemu groto\u0142azowi mi\u0119kn\u0105 nogi. Dlaczego? T\u0119dy bowiem wiedzie jeden ze szlak\u00f3w do krainy jaski\u0144 tatrza\u0144skich &#8211; mi\u0119dzy innymi do najwi\u0119kszego w Polsce systemu jaskiniowego &#8211; Wielkiej \u015anie\u017cnej. Ci\u0119\u017ckie plecaki ze sprz\u0119tem i linami w starciu z &#8211; b\u0105d\u017a, co b\u0105d\u017a &#8211; wymagaj\u0105cym Kobylarzem, s\u0105 zmor\u0105 zar\u00f3wno pocz\u0105tkuj\u0105cych jak i zaawansowanych taternik\u00f3w jaskiniowych. Ale nie palmy od razu proponowanej wycieczki. Naszym celem s\u0105 Czerwone Wierchy!<\/p>\n\n\n\n<figure class=\"wp-block-image alignnone Tatry Zachodnie propozycje wycieczek wp-image-23119 size-full\"><img loading=\"lazy\" decoding=\"async\" width=\"1000\" height=\"650\" src=\"https:\/\/8a.pl\/8academy\/wp-content\/uploads\/2018\/09\/5.jpg\" alt=\"Szlaki w Tatrach Zachodnich\" class=\"wp-image-23119\" srcset=\"https:\/\/8a.pl\/8academy\/wp-content\/uploads\/2018\/09\/5.jpg 1000w, https:\/\/8a.pl\/8academy\/wp-content\/uploads\/2018\/09\/5-300x195.jpg 300w, https:\/\/8a.pl\/8academy\/wp-content\/uploads\/2018\/09\/5-768x499.jpg 768w\" sizes=\"(max-width: 1000px) 100vw, 1000px\" \/><figcaption>Zej\u015bcie do w\u0105skiego gard\u0142a Kobylarzowego \u017blebu. (fot. Paulina Wierzbicka)<\/figcaption><\/figure>\n\n\n\n<p class=\"wp-block-paragraph\">W drog\u0119 wyruszamy z Doliny Ko\u015bcieliskiej, gdzie po chwili zbaczamy na czarny szlak &#8211; Drog\u0119 nad Reglami. Ta doprowadzi nas do urokliwej polanki &#8211; Przys\u0142opu Mi\u0119tusiego. St\u0105d odbijamy na znakowany na niebiesko szlak prowadz\u0105cy nas przez wspomniany Kobylarzowy \u017bleb na Ma\u0142o\u0142\u0105czniak. Sam widok skalnej bariery, utworzonej z wapiennego muru Litworowego Grzbietu i Kobylarzowej Turni, robi wra\u017cenie. \u017bleb wyposa\u017cony w liczne sztuczne u\u0142atwienia w postaci klamer i \u0142a\u0144cuch\u00f3w, bezpiecznie wyprowadza nas na trawiaste partie powy\u017cej bariery skalnej. <\/p>\n\n\n\n<p class=\"wp-block-paragraph\">St\u0105d spacer ku Czerwonym Wierchom jest ju\u017c zdecydowanie bardziej przyjemny i mniej forsowny. Mimo to, miejmy na uwadze fakt, \u017ce na 5-kilometrowy trekking sk\u0142ada si\u0119 prawie kilometr podej\u015bcia w g\u00f3r\u0119. Z Ma\u0142o\u0142\u0105czniaka mo\u017cemy uda\u0107 si\u0119 grani\u0105, znakowanym granicznym, czerwonym szlakiem, b\u0105d\u017a na Kop\u0119 Kondrack\u0105, b\u0105d\u017a na Ciemniaka. Za Ciemniakiem przemawia fakt, \u017ce powrotny szlak, prowadz\u0105cy przez urokliw\u0105 Polan\u0119 Up\u0142az oraz widokowy Piec, zaprowadzi nas ku wylotowi Doliny Ko\u015bcieliskiej, dok\u0142adnie w tym samym miejscu, gdzie zaczynali\u015bmy swoj\u0105 w\u0119dr\u00f3wk\u0119.<\/p>\n\n\n\n<figure class=\"wp-block-image alignnone Gdzie warto i\u015b\u0107 w Tatrach wp-image-23120 size-full\"><img loading=\"lazy\" decoding=\"async\" width=\"1000\" height=\"650\" src=\"https:\/\/8a.pl\/8academy\/wp-content\/uploads\/2018\/09\/6.jpg\" alt=\"Co warto zobaczy\u0107 w Tatrach\" class=\"wp-image-23120\" srcset=\"https:\/\/8a.pl\/8academy\/wp-content\/uploads\/2018\/09\/6.jpg 1000w, https:\/\/8a.pl\/8academy\/wp-content\/uploads\/2018\/09\/6-300x195.jpg 300w, https:\/\/8a.pl\/8academy\/wp-content\/uploads\/2018\/09\/6-768x499.jpg 768w\" sizes=\"(max-width: 1000px) 100vw, 1000px\" \/><figcaption>Wapienny mur skalny. (fot. Paulina Wierzbicka)<\/figcaption><\/figure>\n\n\n\n<h2 class=\"wp-block-heading\" id=\"h-mieguszowiecka-przelecz-pod-chlopkiem\">Mi\u0119guszowiecka Prze\u0142\u0119cz pod Ch\u0142opkiem<\/h2>\n\n\n\n<p class=\"wp-block-paragraph\">Znajduje si\u0119 w g\u0142\u00f3wnej grani Tatr, pomi\u0119dzy dwoma z trzech Mi\u0119guszowieckich Szczyt\u00f3w, a mianowicie Czarnym (orograficznie po prawej stronie) oraz Po\u015brednim (po lewej). Jest to najwy\u017cej po\u0142o\u017cona po polskiej stronie Tatr (2307 m n.p.m.), dost\u0119pna turystycznie prze\u0142\u0119cz. Do lat 80. ubieg\u0142ego stulecia by\u0142 to szlak \u0142\u0105cz\u0105cy polsk\u0105 Dolin\u0119 Rybiego Potoku ze s\u0142owack\u0105 Dolin\u0105 Hi\u0144czow\u0105. Swoj\u0105 nazw\u0119 prze\u0142\u0119cz zawdzi\u0119cza charakterystycznej turniczce skalnej. W gwarze podhala\u0144skiej \u201cch\u0142opkiem\u201d nazywane s\u0105 turniczki na graniach, kt\u00f3re z daleka przybieraj\u0105 posta\u0107 ludzk\u0105. Co ciekawe, turnia ta &#8211; zwana Ch\u0142opkiem &#8211; jest jednym z trzech najcz\u0119\u015bciej przez turyst\u00f3w wymienianych, charakterystycznych punkt\u00f3w w krajobrazie Morskiego Oka &#8211; zaraz za Mnichem oraz \u017babi\u0105 Lalk\u0105.<\/p>\n\n\n\n<p class=\"wp-block-paragraph\">W 1976 roku szlak na Prze\u0142\u0119cz pod Ch\u0142opkiem zamkni\u0119to z obu stron &#8211; od Staw\u00f3w Hi\u0144czowych i od Czarnego Stawu. Po 10 latach dla ruchu turystycznego ponownie udost\u0119pniono fragment biegn\u0105cy po polskiej stronie. W por\u00f3wnaniu z innymi, ch\u0119tniej ucz\u0119szczanymi szlakami, ten na Prze\u0142\u0119cz pod Ch\u0142opkiem zdaje si\u0119 by\u0107 zapomnianym, a na pewno ju\u017c pomini\u0119tym przy planowaniu prac renowacyjnych. Na S\u0142owacji, natomiast, uchowa\u0142y si\u0119 do dzi\u015b stare oznaczenia szlaku. Oficjalnie jest on jednak zamkni\u0119ty.<\/p>\n\n\n\n<figure class=\"wp-block-image alignnone tatrza\u0144skie szlaki wp-image-23121 size-full\"><img loading=\"lazy\" decoding=\"async\" width=\"1000\" height=\"650\" src=\"https:\/\/8a.pl\/8academy\/wp-content\/uploads\/2018\/09\/7.jpg\" alt=\"Szlak do Prze\u0142\u0119czy Mi\u0119guszowickiej\" class=\"wp-image-23121\" srcset=\"https:\/\/8a.pl\/8academy\/wp-content\/uploads\/2018\/09\/7.jpg 1000w, https:\/\/8a.pl\/8academy\/wp-content\/uploads\/2018\/09\/7-300x195.jpg 300w, https:\/\/8a.pl\/8academy\/wp-content\/uploads\/2018\/09\/7-768x499.jpg 768w\" sizes=\"(max-width: 1000px) 100vw, 1000px\" \/><figcaption>Szlaki w Tatrach pozwalaj\u0105 cieszy\u0107 oczy tak ob\u0142\u0119dnymi widokami, jak ten z Mi\u0119guszowieckiej&nbsp;Prze\u0142\u0119czy pod Ch\u0142opkiem na Czarny Staw pod Rysami oraz Morskie Oko. (fot. Paulina Wierzbicka)<\/figcaption><\/figure>\n\n\n\n<h3 class=\"wp-block-heading\" id=\"h-od-czarnego-stawu\">Od Czarnego stawu<\/h3>\n\n\n\n<p class=\"wp-block-paragraph\">Z pocz\u0105tku szlak na Prze\u0142\u0119cz pod Ch\u0142opkiem \u0142\u0105czy si\u0119 z popularn\u0105 tras\u0105 z Morskiego Oka na Czarny Staw oraz Rysy. Na wysoko\u015bci krzy\u017ca zielony szlak odbija, prowadz\u0105c pomi\u0119dzy kosodrzewin\u0105. Krok po kroku oddalamy si\u0119 od t\u0142um\u00f3w &#8211; \u015bcie\u017cka ta jest, bowiem, stosunkowo rzadko ucz\u0119szczana. Musimy by\u0107 przygotowani, \u017ce na odcinku 3,5 kilometra pokonamy a\u017c 1000 metr\u00f3w przewy\u017cszenia! Podej\u015bcie od Morskiego Oka do Prze\u0142\u0119czy powinno zaj\u0105\u0107 nam oko\u0142o 4 godzin. Statystyki bezwzgl\u0119dnie wskazuj\u0105, i\u017c \u0142atwo nie b\u0119dzie!<\/p>\n\n\n\n<p class=\"wp-block-paragraph\">Szlak jest stosunkowo ci\u0119\u017cki, sporo tu miejsc eksponowanych oraz barier skalnych, na kt\u00f3rych nie znajdziemy wielu sztucznych u\u0142atwie\u0144 w postaci \u0142a\u0144cuch\u00f3w czy metalowych stopni. Przy \u0142adnej pogodzie poradzimy sobie, stawiaj\u0105c nogi na tarcie i podpieraj\u0105c si\u0119 r\u0119koma. Problem mo\u017ce pojawi\u0107 si\u0119 w przypadku deszczu lub zalegaj\u0105cego \u015bniegu. A ten potrafi si\u0119 utrzymywa\u0107 stosunkowo d\u0142ugo &#8211; mamy tu w ko\u0144cu do czynienia z p\u00f3\u0142nocn\u0105 ekspozycj\u0105.<\/p>\n\n\n\n<h3 class=\"wp-block-heading\" id=\"h-kociol-mieguszowiecki\">Kocio\u0142 Mi\u0119guszowiecki<\/h3>\n\n\n\n<p class=\"wp-block-paragraph\">Po kilku zakosach w kosodrzewinie, rumowiskach skalnych oraz progu granicz\u0105cym z Mi\u0119guszowieckim Kot\u0142em &#8211; &#8220;Ba\u0144dziochem&#8221;, dochodzimy do jednego z trzech najpi\u0119kniejszych miejsc na szlaku. Stajemy bowiem na szczycie Kazalnicy Mi\u0119guszowieckiej (2159 m n.p.m.), z kt\u00f3rej roztaczaj\u0105 si\u0119 zapieraj\u0105ce dech w piersiach pejza\u017ce. Wida\u0107, jak na d\u0142oni ludzi, kt\u00f3rzy niczym mr\u00f3weczki, pn\u0105 si\u0119 na szczyt Rys\u00f3w, taternik\u00f3w na Kopie Spadowej albo \u017babim Mnichu. Do tego stawy,\u00a0odbijaj\u0105c w tafli niebieskie niebo, przyci\u0105gaj\u0105 oko ciekawymi kolorami. <\/p>\n\n\n\n<p class=\"wp-block-paragraph\">Powy\u017cej Kazalnicy szlak prowadzi grz\u0119d\u0105 w kierunku Mi\u0119guszowieckiego Szczytu Czarnego, kt\u00f3ra wkr\u00f3tce zamienia si\u0119 nieco w powietrzny trawers zwany \u201cGaleryjk\u0105\u201d. Przecina ona ukosem zbocze g\u00f3ry i w\u0105sk\u0105 \u015bcie\u017cynk\u0105 (niekiedy mieszcz\u0105c\u0105 tylko jedn\u0105 osob\u0119), pnie si\u0119 do celu w\u0119dr\u00f3wki. Gdy dotrzemy ju\u017c do prze\u0142\u0119czy i damy sobie chwil\u0119 na podziwianie widok\u00f3w, ujrzymy Tatry od Wysokich po Zachodnie: Lodowy Szczyt, Gerlach, \u0141omnic\u0119, Hawra\u0144, Jagni\u0119cy Szczyt, Orl\u0105 Per\u0107, Dolin\u0119 Rybiego Potoku z Morskim Okiem i Czarnym Stawem o kolorach przywodz\u0105cych na my\u015bl atol, a tak\u017ce poszarpan\u0105 Gra\u0144 Baszt, Wielki Staw Hi\u0144czowy oraz Koprowy Wierch. Po lewej pi\u0119trz\u0105 si\u0119 Mi\u0119gusze ze \u015bcianami opadaj\u0105cymi kilkusetmetrowymi urwiskami w g\u0142\u0105b doliny.<\/p>\n\n\n\n<figure class=\"wp-block-image alignnone turystyka Tatry wp-image-23122 size-full\"><img loading=\"lazy\" decoding=\"async\" width=\"1000\" height=\"650\" src=\"https:\/\/8a.pl\/8academy\/wp-content\/uploads\/2018\/09\/8.jpg\" alt=\"Kiedy jecha\u0107 w Tatry\" class=\"wp-image-23122\" srcset=\"https:\/\/8a.pl\/8academy\/wp-content\/uploads\/2018\/09\/8.jpg 1000w, https:\/\/8a.pl\/8academy\/wp-content\/uploads\/2018\/09\/8-300x195.jpg 300w, https:\/\/8a.pl\/8academy\/wp-content\/uploads\/2018\/09\/8-768x499.jpg 768w\" sizes=\"(max-width: 1000px) 100vw, 1000px\" \/><figcaption>Szlaki w Tatrach wymagaj\u0105 od nas koncentracji. Na zdj\u0119ciu w\u0105ska Galeryjka Czarnego Szczytu Mi\u0119guszowieckiego. (fot. Paulina Wierzbicka)<\/figcaption><\/figure>\n\n\n\n<h2 class=\"wp-block-heading\" id=\"h-orla-perc\">Orla Per\u0107<\/h2>\n\n\n\n<p class=\"wp-block-paragraph\">Pomys\u0142 wytyczenia perci \u015bladem tatrza\u0144skich kozic przez turnie i szczyty jako pierwszy &#8211; w 1901 roku &#8211; przedstawi\u0142 Franciszek Nowicki. By\u0142 to plan poprowadzenia tak zwanej Orlej Perci, do budowy kt\u00f3rej r\u0105czo, za swoje \u015brodki, przyst\u0105pi\u0142 ksi\u0105dz Walenty Gadowski. Co ciekawe, ojcem Franciszka by\u0142 Maksymilian Nowicki &#8211; prekursor&#8230; ochrony gatunkowej w Tatrach. Gdyby tylko wiedzia\u0142, jaki los tej cz\u0119\u015bci Tatr zgotuje jego syn&#8230;<\/p>\n\n\n\n<p class=\"wp-block-paragraph\">Masowa turystyka rozwin\u0119\u0142a si\u0119 tu ju\u017c po II wojnie \u015bwiatowej. Dzi\u015b <a href=\"https:\/\/8a.pl\/8academy\/orla-perc-szlak-dla-odwaznych\/\" target=\"_blank\" rel=\"noopener noreferrer\">Orla Per\u0107<\/a> prze\u017cywa prawdziwe obl\u0119\u017cenie, a przej\u015bcie szlaku od Zawratu po Krzy\u017cne jest marzeniem wielu w\u0119drowc\u00f3w. Warto doda\u0107, \u017ce niegdy\u015b Orla Per\u0107 by\u0142a d\u0142u\u017csza: prowadzi\u0142a przez Wo\u0142oszyn dalej na wsch\u00f3d. Jednak ze wzgl\u0119du na ochron\u0119 gatunkow\u0105, odcinek ten zamkni\u0119to w 1932 roku. Dla poprawy bezpiecze\u0144stwa, na odcinku od Zawratu do Koziej Prze\u0142\u0119czy wprowadzono ruch jednokierunkowy.<\/p>\n\n\n\n<p class=\"wp-block-paragraph\">Czego spodziewa\u0107 si\u0119 na szlaku? Przede wszystkim tego, \u017ce \u0142atwo nie b\u0119dzie. Trzeba si\u0119 przygotowa\u0107 na: spor\u0105 ekspozycj\u0119, fragmenty ze \u015bliskimi ska\u0142ami, kruszyzn\u0119, a nieraz nawet lec\u0105ce kamienie (str\u0105cane niechc\u0105cy przez turyst\u00f3w) oraz sztuczne u\u0142atwienia w postaci klamer, \u0142a\u0144cuch\u00f3w czy drabinki. Szlak ten nie jest <a href=\"https:\/\/8a.pl\/8academy\/spacer-zelaznej-drodze-czyli-via-ferrata\/\" target=\"_blank\" rel=\"noopener noreferrer\">via ferrat\u0105<\/a> w pe\u0142nym rozumieniu tego s\u0142owa. Lon\u017ca mo\u017ce nam si\u0119 nie przyda\u0107, ale warto mie\u0107 na g\u0142owie&nbsp;<a href=\"https:\/\/8a.pl\/wspinaczka\/kaski\" target=\"_blank\" rel=\"noopener noreferrer\">kask<\/a>. Ze wzgl\u0119du na d\u0142ugo\u015b\u0107 szlaku oraz jego charakter, Orl\u0105 Per\u0107 warto podzieli\u0107 sobie na dwa odcinki: z noclegiem na Hali G\u0105sienicowej lub w Dolinie Pi\u0119ciu Staw\u00f3w Polskich.<\/p>\n\n\n\n<figure class=\"wp-block-image alignnone Orla Per\u0107 w Tatrach wp-image-23124 size-full\"><img loading=\"lazy\" decoding=\"async\" width=\"1000\" height=\"650\" src=\"https:\/\/8a.pl\/8academy\/wp-content\/uploads\/2018\/09\/9.jpg\" alt=\"Drabinka na Koziej Prze\u0142\u0119czy\" class=\"wp-image-23124\" srcset=\"https:\/\/8a.pl\/8academy\/wp-content\/uploads\/2018\/09\/9.jpg 1000w, https:\/\/8a.pl\/8academy\/wp-content\/uploads\/2018\/09\/9-300x195.jpg 300w, https:\/\/8a.pl\/8academy\/wp-content\/uploads\/2018\/09\/9-768x499.jpg 768w\" sizes=\"(max-width: 1000px) 100vw, 1000px\" \/><figcaption>Niekt\u00f3re szlaki w Tatrach wymagaj\u0105 obycia z ekspozycj\u0105. Na zdj\u0119ciu s\u0142ynna drabinka, kt\u00f3r\u0105 spotkamy na odcinku ze Zamar\u0142ej Turni do Koziej Prze\u0142\u0119czy. (fot. Paulina Wierzbicka)<\/figcaption><\/figure>\n\n\n\n<p class=\"wp-block-paragraph\">Do najbardziej spektakularnych miejsc na szlaku na pewno zaliczy\u0107 trzeba: metalow\u0105 drabink\u0119, kt\u00f3r\u0105 schodzi si\u0119 do Koziej Prze\u0142\u0119czy oraz szczelin\u0119 skaln\u0105 pomi\u0119dzy Po\u015brednim a Skrajnym Granatem, kt\u00f3r\u0105 trzeba pokona\u0107 stanowczo, stawiaj\u0105c d\u0142ugi krok.<\/p>\n\n\n\n<h2 class=\"wp-block-heading\" id=\"h-szlaki-w-tatrach-bezpieczenstwo\">Szlaki w Tatrach &#8211; bezpiecze\u0144stwo<\/h2>\n\n\n\n<p class=\"wp-block-paragraph\">Zaproponowane wycieczki s\u0105 oczywi\u015bcie polecanymi wariantami letnich eskapad. Przy stabilnej pogodzie, z map\u0105 w r\u0119ku b\u0119dziemy mogli zaplanowa\u0107 optymaln\u0105 tras\u0119, bior\u0105c przy tym pod uwag\u0119 nasze si\u0142y, mo\u017cliwo\u015bci i zamierzenia. Nale\u017cy jednak pami\u0119ta\u0107, \u017ce tak\u017ce latem w ci\u0105gu dnia pogoda mo\u017ce si\u0119 diametralnie zmieni\u0107 &#8211; przynosz\u0105c burze a nawet opady \u015bniegu czy gradu. W ko\u0144cu lipiec to najbardziej deszczowy ze wszystkich miesi\u0119cy. Szykuj\u0105c si\u0119 na szlaki w Tatrach, warto planowa\u0107 wszystko z g\u0142ow\u0105, a na\u0142adowany telefon i map\u0119 trzeba mie\u0107 zawsze przy sobie.<\/p>\n\n\n\n<p class=\"wp-block-paragraph\"><em>[Przed udaniem si\u0119 na szlaki w Tatrach warto zapozna\u0107 si\u0119 z tekstem <strong>Janusza Go\u0142\u0105ba<\/strong> <a href=\"https:\/\/8a.pl\/8academy\/bezpieczenstwo-w-tatrach\/\" target=\"_blank\" rel=\"noopener noreferrer\">o bezpiecze\u0144stwie w najwy\u017cszych polskich g\u00f3rach<\/a>]<\/em><\/p>\n","protected":false},"excerpt":{"rendered":"<p>Coroczne statystyki Tatrza\u0144skiego Parku Narodowego odnosz\u0105ce si\u0119 do ruchu turystycznego w Tatrach przyprawiaj\u0105 o zawr\u00f3t g\u0142owy. \u015aledz\u0105c natomiast cotygodniowe kroniki Tatrza\u0144skiego Ochotniczego Pogotowia Ratunkowego mo\u017cemy zobaczy\u0107 w jakiej kondycji s\u0105 tury\u015bci i gdzie rozk\u0142ada si\u0119 g\u0142\u00f3wne uderzenie, b\u0105d\u017a co b\u0105d\u017a, masowej ju\u017c turystyki.<\/p>\n","protected":false},"author":17,"featured_media":23131,"comment_status":"open","ping_status":"open","sticky":false,"template":"","format":"standard","meta":{"_acf_changed":false,"_uf_show_specific_survey":0,"_uf_disable_surveys":false,"footnotes":""},"categories":[26070],"tags":[26083,26082,26069,26085,26081],"class_list":["post-23114","post","type-post","status-publish","format-standard","has-post-thumbnail","hentry","category-turystyka-trekking","tag-jesien","tag-lato","tag-poradnik","tag-trekking","tag-wiosna"],"acf":[],"yoast_head":"<!-- This site is optimized with the Yoast SEO Premium plugin v23.4 (Yoast SEO v25.5) - https:\/\/yoast.com\/wordpress\/plugins\/seo\/ -->\n<title>Szlaki w Tatrach dla zaawansowanych | 8academy<\/title>\n<meta name=\"description\" content=\"Szlaki w Tatrach dla zaawansowanych. Oto szlaki w Tatrach, kt\u00f3re wymagaj\u0105 kondycji oraz oswojenia z przestrzeni\u0105 i wysoko\u015bci\u0105.\" \/>\n<meta name=\"robots\" content=\"index, follow, max-snippet:-1, max-image-preview:large, max-video-preview:-1\" \/>\n<link rel=\"canonical\" href=\"https:\/\/8a.pl\/8academy\/szlaki-w-tatrach-dla-zaawansowanych\/\" \/>\n<meta property=\"og:locale\" content=\"pl_PL\" \/>\n<meta property=\"og:type\" content=\"article\" \/>\n<meta property=\"og:title\" content=\"A mo\u017ce wycieczka w Tatry? Poznaj 5 tras idealnych dla zaawansowanych fan\u00f3w g\u00f3r! | 8academy\" \/>\n<meta property=\"og:description\" content=\"Szlaki w Tatrach dla zaawansowanych. Oto szlaki w Tatrach, kt\u00f3re wymagaj\u0105 kondycji oraz oswojenia z przestrzeni\u0105 i wysoko\u015bci\u0105.\" \/>\n<meta property=\"og:url\" content=\"https:\/\/8a.pl\/8academy\/szlaki-w-tatrach-dla-zaawansowanych\/\" \/>\n<meta property=\"og:site_name\" content=\"8academy.pl - portal g\u00f3rski i wspinaczkowy dla aktywnych\" \/>\n<meta property=\"article:publisher\" content=\"https:\/\/pl-pl.facebook.com\/sklep8apl\/\" \/>\n<meta property=\"article:published_time\" content=\"2018-09-08T02:58:45+00:00\" \/>\n<meta property=\"article:modified_time\" content=\"2024-05-19T19:20:16+00:00\" \/>\n<meta property=\"og:image\" content=\"https:\/\/8a.pl\/8academy\/wp-content\/uploads\/2018\/09\/9_fb_cover.jpg\" \/>\n\t<meta property=\"og:image:width\" content=\"1200\" \/>\n\t<meta property=\"og:image:height\" content=\"628\" \/>\n\t<meta property=\"og:image:type\" content=\"image\/jpeg\" \/>\n<meta name=\"author\" content=\"Paulina Wierzbicka\" \/>\n<meta name=\"twitter:card\" content=\"summary_large_image\" \/>\n<meta name=\"twitter:title\" content=\"Szlaki w Polskich Tatrach - propozycje tras dla zaawansowanych\" \/>\n<meta name=\"twitter:label1\" content=\"Napisane przez\" \/>\n\t<meta name=\"twitter:data1\" content=\"Paulina Wierzbicka\" \/>\n\t<meta name=\"twitter:label2\" content=\"Szacowany czas czytania\" \/>\n\t<meta name=\"twitter:data2\" content=\"13 minut\" \/>\n<!-- \/ Yoast SEO Premium plugin. -->","yoast_head_json":{"title":"Szlaki w Tatrach dla zaawansowanych | 8academy","description":"Szlaki w Tatrach dla zaawansowanych. Oto szlaki w Tatrach, kt\u00f3re wymagaj\u0105 kondycji oraz oswojenia z przestrzeni\u0105 i wysoko\u015bci\u0105.","robots":{"index":"index","follow":"follow","max-snippet":"max-snippet:-1","max-image-preview":"max-image-preview:large","max-video-preview":"max-video-preview:-1"},"canonical":"https:\/\/8a.pl\/8academy\/szlaki-w-tatrach-dla-zaawansowanych\/","og_locale":"pl_PL","og_type":"article","og_title":"A mo\u017ce wycieczka w Tatry? Poznaj 5 tras idealnych dla zaawansowanych fan\u00f3w g\u00f3r! | 8academy","og_description":"Szlaki w Tatrach dla zaawansowanych. Oto szlaki w Tatrach, kt\u00f3re wymagaj\u0105 kondycji oraz oswojenia z przestrzeni\u0105 i wysoko\u015bci\u0105.","og_url":"https:\/\/8a.pl\/8academy\/szlaki-w-tatrach-dla-zaawansowanych\/","og_site_name":"8academy.pl - portal g\u00f3rski i wspinaczkowy dla aktywnych","article_publisher":"https:\/\/pl-pl.facebook.com\/sklep8apl\/","article_published_time":"2018-09-08T02:58:45+00:00","article_modified_time":"2024-05-19T19:20:16+00:00","og_image":[{"width":1200,"height":628,"url":"https:\/\/8a.pl\/8academy\/wp-content\/uploads\/2018\/09\/9_fb_cover.jpg","type":"image\/jpeg"}],"author":"Paulina Wierzbicka","twitter_card":"summary_large_image","twitter_title":"Szlaki w Polskich Tatrach - propozycje tras dla zaawansowanych","twitter_misc":{"Napisane przez":"Paulina Wierzbicka","Szacowany czas czytania":"13 minut"},"schema":{"@context":"https:\/\/schema.org","@graph":[{"@type":"Article","@id":"https:\/\/8a.pl\/8academy\/szlaki-w-tatrach-dla-zaawansowanych\/#article","isPartOf":{"@id":"https:\/\/8a.pl\/8academy\/szlaki-w-tatrach-dla-zaawansowanych\/"},"author":{"name":"Paulina Wierzbicka","@id":"https:\/\/8a.pl\/8academy\/#\/schema\/person\/feee19519cca7c52e23ea3e36b03de7a"},"headline":"Szlaki w Polskich Tatrach &#8211; propozycje tras dla zaawansowanych","datePublished":"2018-09-08T02:58:45+00:00","dateModified":"2024-05-19T19:20:16+00:00","mainEntityOfPage":{"@id":"https:\/\/8a.pl\/8academy\/szlaki-w-tatrach-dla-zaawansowanych\/"},"wordCount":2181,"commentCount":0,"publisher":{"@id":"https:\/\/8a.pl\/8academy\/#organization"},"image":{"@id":"https:\/\/8a.pl\/8academy\/szlaki-w-tatrach-dla-zaawansowanych\/#primaryimage"},"thumbnailUrl":"https:\/\/8a.pl\/8academy\/wp-content\/uploads\/2018\/09\/9_cover.jpg","keywords":["Jesie\u0144","Lato","Poradnik","Trekking","Wiosna"],"articleSection":["Turystyka \/ trekking"],"inLanguage":"pl-PL","potentialAction":[{"@type":"CommentAction","name":"Comment","target":["https:\/\/8a.pl\/8academy\/szlaki-w-tatrach-dla-zaawansowanych\/#respond"]}]},{"@type":"WebPage","@id":"https:\/\/8a.pl\/8academy\/szlaki-w-tatrach-dla-zaawansowanych\/","url":"https:\/\/8a.pl\/8academy\/szlaki-w-tatrach-dla-zaawansowanych\/","name":"Szlaki w Tatrach dla zaawansowanych | 8academy","isPartOf":{"@id":"https:\/\/8a.pl\/8academy\/#website"},"primaryImageOfPage":{"@id":"https:\/\/8a.pl\/8academy\/szlaki-w-tatrach-dla-zaawansowanych\/#primaryimage"},"image":{"@id":"https:\/\/8a.pl\/8academy\/szlaki-w-tatrach-dla-zaawansowanych\/#primaryimage"},"thumbnailUrl":"https:\/\/8a.pl\/8academy\/wp-content\/uploads\/2018\/09\/9_cover.jpg","datePublished":"2018-09-08T02:58:45+00:00","dateModified":"2024-05-19T19:20:16+00:00","description":"Szlaki w Tatrach dla zaawansowanych. Oto szlaki w Tatrach, kt\u00f3re wymagaj\u0105 kondycji oraz oswojenia z przestrzeni\u0105 i wysoko\u015bci\u0105.","breadcrumb":{"@id":"https:\/\/8a.pl\/8academy\/szlaki-w-tatrach-dla-zaawansowanych\/#breadcrumb"},"inLanguage":"pl-PL","potentialAction":[{"@type":"ReadAction","target":["https:\/\/8a.pl\/8academy\/szlaki-w-tatrach-dla-zaawansowanych\/"]}]},{"@type":"ImageObject","inLanguage":"pl-PL","@id":"https:\/\/8a.pl\/8academy\/szlaki-w-tatrach-dla-zaawansowanych\/#primaryimage","url":"https:\/\/8a.pl\/8academy\/wp-content\/uploads\/2018\/09\/9_cover.jpg","contentUrl":"https:\/\/8a.pl\/8academy\/wp-content\/uploads\/2018\/09\/9_cover.jpg","width":1100,"height":715,"caption":"Gdzie na trekking w Tatrach"},{"@type":"BreadcrumbList","@id":"https:\/\/8a.pl\/8academy\/szlaki-w-tatrach-dla-zaawansowanych\/#breadcrumb","itemListElement":[{"@type":"ListItem","position":1,"name":"Strona g\u0142\u00f3wna","item":"https:\/\/8a.pl\/8academy\/"},{"@type":"ListItem","position":2,"name":"Szlaki w Polskich Tatrach &#8211; propozycje tras dla zaawansowanych"}]},{"@type":"WebSite","@id":"https:\/\/8a.pl\/8academy\/#website","url":"https:\/\/8a.pl\/8academy\/","name":"8academy.pl - portal g\u00f3rski i wspinaczkowy dla aktywnych","description":"8academy to portal g\u00f3rski o wspinaczce, trekkingu i skiturach. Znajdziesz tu porady, testy sprz\u0119tu i opisy najlepszych rejon\u00f3w. Inspirujemy zdobywc\u00f3w!","publisher":{"@id":"https:\/\/8a.pl\/8academy\/#organization"},"potentialAction":[{"@type":"SearchAction","target":{"@type":"EntryPoint","urlTemplate":"https:\/\/8a.pl\/8academy\/?s={search_term_string}"},"query-input":{"@type":"PropertyValueSpecification","valueRequired":true,"valueName":"search_term_string"}}],"inLanguage":"pl-PL"},{"@type":"Organization","@id":"https:\/\/8a.pl\/8academy\/#organization","name":"8academy.pl - portal g\u00f3rski i wspinaczkowy dla aktywnych","url":"https:\/\/8a.pl\/8academy\/","logo":{"@type":"ImageObject","inLanguage":"pl-PL","@id":"https:\/\/8a.pl\/8academy\/#\/schema\/logo\/image\/","url":"https:\/\/8a.pl\/8academy\/wp-content\/uploads\/2015\/11\/logo.png","contentUrl":"https:\/\/8a.pl\/8academy\/wp-content\/uploads\/2015\/11\/logo.png","width":438,"height":315,"caption":"8academy.pl - portal g\u00f3rski i wspinaczkowy dla aktywnych"},"image":{"@id":"https:\/\/8a.pl\/8academy\/#\/schema\/logo\/image\/"},"sameAs":["https:\/\/pl-pl.facebook.com\/sklep8apl\/","https:\/\/www.instagram.com\/8apl\/"]},{"@type":"Person","@id":"https:\/\/8a.pl\/8academy\/#\/schema\/person\/feee19519cca7c52e23ea3e36b03de7a","name":"Paulina Wierzbicka","image":{"@type":"ImageObject","inLanguage":"pl-PL","@id":"https:\/\/8a.pl\/8academy\/#\/schema\/person\/image\/","url":"https:\/\/8a.pl\/8academy\/wp-content\/uploads\/2017\/10\/unnamed-1-150x150-min.jpg","contentUrl":"https:\/\/8a.pl\/8academy\/wp-content\/uploads\/2017\/10\/unnamed-1-150x150-min.jpg","caption":"Paulina Wierzbicka"},"description":"Speleolog, kt\u00f3ry nie przepada za eksploracj\u0105, rekreacyjny taternik, niedzielny biegacz, okazjonalny kanioningowiec, sezonowy skiturowiec. Urz\u0119das, pilot wycieczek, ratownik WOPR, animator czasu wolnego. Z bran\u017c\u0105 outdoorow\u0105 zwi\u0105zana wieloletnim do\u015bwiadczeniem zawodowym oraz jeszcze d\u0142u\u017cej trwaj\u0105c\u0105 pasj\u0105. Absolwentka AWF im. E. Piaseckiego w Poznaniu. Cz\u0142onek Speleoklubu D\u0105browa G\u00f3rnicza, z przewag\u0105 dzia\u0142alno\u015bci powierzchniowej na swym koncie. Autorka bloga pollyenespana.blogspot.com, kt\u00f3ry z rzeczon\u0105 Espa\u00f1\u0105 od d\u0142u\u017cszego czasu nie ma nic wsp\u00f3lnego, a wi\u0119cej traktuje o wypadach, wyprawach, pasji do aktywnego trybu \u017cycia i klasycznych weekendowych getaway\u2019ach.","url":"https:\/\/8a.pl\/8academy\/author\/polly-wierzbicka\/"}]}},"_links":{"self":[{"href":"https:\/\/8a.pl\/8academy\/wp-json\/wp\/v2\/posts\/23114","targetHints":{"allow":["GET"]}}],"collection":[{"href":"https:\/\/8a.pl\/8academy\/wp-json\/wp\/v2\/posts"}],"about":[{"href":"https:\/\/8a.pl\/8academy\/wp-json\/wp\/v2\/types\/post"}],"author":[{"embeddable":true,"href":"https:\/\/8a.pl\/8academy\/wp-json\/wp\/v2\/users\/17"}],"replies":[{"embeddable":true,"href":"https:\/\/8a.pl\/8academy\/wp-json\/wp\/v2\/comments?post=23114"}],"version-history":[{"count":2,"href":"https:\/\/8a.pl\/8academy\/wp-json\/wp\/v2\/posts\/23114\/revisions"}],"predecessor-version":[{"id":60042,"href":"https:\/\/8a.pl\/8academy\/wp-json\/wp\/v2\/posts\/23114\/revisions\/60042"}],"wp:featuredmedia":[{"embeddable":true,"href":"https:\/\/8a.pl\/8academy\/wp-json\/wp\/v2\/media\/23131"}],"wp:attachment":[{"href":"https:\/\/8a.pl\/8academy\/wp-json\/wp\/v2\/media?parent=23114"}],"wp:term":[{"taxonomy":"category","embeddable":true,"href":"https:\/\/8a.pl\/8academy\/wp-json\/wp\/v2\/categories?post=23114"},{"taxonomy":"post_tag","embeddable":true,"href":"https:\/\/8a.pl\/8academy\/wp-json\/wp\/v2\/tags?post=23114"}],"curies":[{"name":"wp","href":"https:\/\/api.w.org\/{rel}","templated":true}]}}