{"id":20473,"date":"2018-05-23T13:04:07","date_gmt":"2018-05-23T11:04:07","guid":{"rendered":"http:\/\/8a.pl\/8academy\/?p=20473"},"modified":"2024-05-19T21:37:55","modified_gmt":"2024-05-19T19:37:55","slug":"gory-z-dzieckiem-beskid-zywiecki","status":"publish","type":"post","link":"https:\/\/8a.pl\/8academy\/gory-z-dzieckiem-beskid-zywiecki\/","title":{"rendered":"G\u00f3ry z dzieckiem &#8211; gdzie jecha\u0107 w Beskid \u017bywiecki"},"content":{"rendered":"<p><span style=\"font-weight: 400;\">Dopiero planujesz pokaza\u0107 swojemu dziecku g\u00f3rski \u015bwiat? Wr\u0119cz przeciwnie, byli\u015bcie tu i \u00f3wdzie i potrzebujecie inspiracji do kolejnych wypad\u00f3w w g\u00f3ry z dzieckiem? Jeste\u015b rodzicem, kt\u00f3ry aktywnie sp\u0119dza czas ze swoj\u0105 latoro\u015bl\u0105 kilkaset m.n.p.m.? Min\u0119li\u015bmy si\u0119 na szlaku i chcesz por\u00f3wna\u0107 do\u015bwiadczenia?<\/span><\/p>\n<p><span style=\"font-weight: 400;\">Niezale\u017cnie od powodu, wierz\u0119 \u017ce czas po\u015bwi\u0119cony na przeczytanie tego artyku\u0142u nie b\u0119dzie czasem straconym. Wraz z moim 5 letnim synem przybli\u017cymy w nim cz\u0119\u015b\u0107 ciekawych tras Beskidu \u017bywieckiego. Zach\u0119cam r\u00f3wnie\u017c do rzutu okiem na pierwsz\u0105 cz\u0119\u015b\u0107, w kt\u00f3rej dzielimy si\u0119 do\u015bwiadczeniami z <\/span><span style=\"font-weight: 400;\">Beskidu \u015al\u0105skiego<\/span><span style=\"font-weight: 400;\">. Warto podkre\u015bli\u0107, \u017ce niniejszy jak i poprzedni artyku\u0142 w ca\u0142o\u015bci bazuje na moich subiektywnych obserwacjach i odczuciach.<\/span><\/p>\n<div id=\"attachment_20477\" style=\"width: 1010px\" class=\"wp-caption alignnone\"><img fetchpriority=\"high\" decoding=\"async\" aria-describedby=\"caption-attachment-20477\" class=\"Beskid \u017bywiecki dla dzieci wp-image-20477 size-full\" title=\"szlaki dla dzieci\" src=\"http:\/\/8a.pl\/8academy\/wp-content\/uploads\/2018\/05\/1000-1.jpg\" alt=\"G\u00f3ry z dzieckiem - gdzie jecha\u0107 w Beskid \u017bywiecki\" width=\"1000\" height=\"650\" srcset=\"https:\/\/8a.pl\/8academy\/wp-content\/uploads\/2018\/05\/1000-1.jpg 1000w, https:\/\/8a.pl\/8academy\/wp-content\/uploads\/2018\/05\/1000-1-300x195.jpg 300w, https:\/\/8a.pl\/8academy\/wp-content\/uploads\/2018\/05\/1000-1-768x499.jpg 768w\" sizes=\"(max-width: 1000px) 100vw, 1000px\" \/><p id=\"caption-attachment-20477\" class=\"wp-caption-text\">Uroki Beskidu \u017bywieckiego (fot. autor)<\/p><\/div>\n<h2 style=\"text-align: center;\">Beskid \u017bywiecki \u2013 kr\u00f3tka charakterystyka<\/h2>\n<p><span style=\"font-weight: 400;\">Jest to pasmo nieco dzikie i mniej ucz\u0119szczane ni\u017c Beskid \u015al\u0105ski. Owszem, drogi prowadz\u0105ce na Babi\u0105 G\u00f3r\u0119 czy Pilsko, s\u0105 bardzo popularne i z du\u017c\u0105 doz\u0105 prawdopodobie\u0144stwa nie b\u0119dziemy na nich sami. Nie zmienia to faktu, \u017ce w Beskidzie \u017bywieckim znajdziemy wiele tras, gdzie przez kilka godzin nikogo nie spotkamy. Powod\u00f3w takiego stanu rzeczy jest w moim odczuciu kilka:<\/span><\/p>\n<ul>\n<li style=\"font-weight: 400;\"><span style=\"font-weight: 400;\">mnogo\u015b\u0107 szlak\u00f3w w ca\u0142ym pa\u015bmie,<\/span><\/li>\n<li style=\"font-weight: 400;\"><span style=\"font-weight: 400;\">brak przesadnie rozbudowanej infrastruktury turystycznej \u2013 budek z lodami i tor\u00f3w saneczkowych tu nie u\u015bwiadczymy,<\/span><\/li>\n<li style=\"font-weight: 400;\"><span style=\"font-weight: 400;\">mniejsza popularno\u015b\u0107, w\u015br\u00f3d ludzi rozpoczynaj\u0105cych przygod\u0119 z g\u00f3rami, w por\u00f3wnaniu do Beskidu \u015al\u0105skiego.<\/span><\/li>\n<\/ul>\n<p><span style=\"font-weight: 400;\">Pami\u0119tajmy, \u017ce skupiamy si\u0119 na w\u0119drowaniu z dzieckiem, warto wzi\u0105\u0107 powy\u017csze informacj\u0119 pod uwag\u0119. W \u017cadnym wypadku nie nale\u017cy tego poczytywa\u0107 jako co\u015b negatywnego. Miej tylko na wzgl\u0119dzie, \u017ce wycieczka z ma\u0142ym turyst\u0105 nie b\u0119dzie urozmaicona atrakcjami wsp\u00f3\u0142czesnej cywilizacji. Ot, po drodze jedynie naturalne doznania, bez sztucznych dr\u00f3g, komercyjnych kram\u00f3w i udogodnie\u0144.<\/span><\/p>\n<div id=\"attachment_20478\" style=\"width: 1010px\" class=\"wp-caption alignnone\"><img decoding=\"async\" aria-describedby=\"caption-attachment-20478\" class=\"\u0141atwe szlaki w Beskidzie \u017bywieckim wp-image-20478 size-full\" title=\"Beskidy z dzieckiem\" src=\"https:\/\/8a.pl\/8academy\/wp-content\/uploads\/2018\/05\/1000-2.jpg\" alt=\"Beskid \u017bywiecki - surowe warunki pogodowe\" width=\"1000\" height=\"650\" srcset=\"https:\/\/8a.pl\/8academy\/wp-content\/uploads\/2018\/05\/1000-2.jpg 1000w, https:\/\/8a.pl\/8academy\/wp-content\/uploads\/2018\/05\/1000-2-300x195.jpg 300w, https:\/\/8a.pl\/8academy\/wp-content\/uploads\/2018\/05\/1000-2-768x499.jpg 768w\" sizes=\"(max-width: 1000px) 100vw, 1000px\" \/><p id=\"caption-attachment-20478\" class=\"wp-caption-text\">Beskid \u017bywiecki potrafi by\u0107 surowy (fot. Paulina Marciniak)<\/p><\/div>\n<h2 style=\"text-align: center;\">G\u00f3ry z dzieckiem \u2013 know how<\/h2>\n<p><span style=\"font-weight: 400;\">Rzeczy, o kt\u00f3rych warto pami\u0119ta\u0107, a o kt\u00f3rych wr\u0119cz nie mo\u017cna zapomnie\u0107. Wszystkie podstawowe informacje znajdziecie w artykule redakcyjnego kolegi \u0141ukasza <\/span><a href=\"https:\/\/8a.pl\/8academy\/male-dziecko-w-gorach\/\" target=\"_blank\" rel=\"noopener noreferrer\"><span style=\"font-weight: 400;\">tutaj<\/span><\/a><span style=\"font-weight: 400;\">. Sam r\u00f3wnie\u017c nieco rozwin\u0105\u0142em ten temat w moim <\/span><a href=\"https:\/\/8a.pl\/8academy\/beskidy-z-dzieckiem-szlaki-dla-maluchow\/\" target=\"_blank\" rel=\"noopener noreferrer\"><span style=\"font-weight: 400;\">poprzednim artykule<\/span><\/a><span style=\"font-weight: 400;\">, dlatego nie b\u0119d\u0119 powtarza\u0142 tego, co ju\u017c napisane zosta\u0142o. Poni\u017cej podpowiadam kilka porad, kt\u00f3re uzupe\u0142niaj\u0105 poprzednie. Pisz\u0119 o nich teraz, poniewa\u017c s\u0105 to spostrze\u017cenia wyniesione stricte z Beskidu \u017bywieckiego.<\/span><\/p>\n<ul>\n<li style=\"font-weight: 400;\"><span style=\"font-weight: 400;\">Je\u015bli chcesz si\u0119 wybra\u0107 w g\u00f3ry z dzieckiem, kt\u00f3re jeszcze nie jest na tyle mobilne aby by\u0142o w stanie przej\u015b\u0107 kilka godzin o w\u0142asnych si\u0142ach i do tego zak\u0142adasz, \u017ce nie b\u0119dzie to Wasz pierwszy i ostatni wypad \u2013 zainwestuj w <a href=\"https:\/\/8a.pl\/nosidelka-turystyczne\" target=\"_blank\" rel=\"noopener noreferrer\">noside\u0142ko turystyczne<\/a><\/span><\/li>\n<\/ul>\n<ul>\n<li style=\"font-weight: 400;\"><span style=\"font-weight: 400;\">Pami\u0119taj, \u017ce w\u0119dr\u00f3wka z dzieckiem zajmie Wam na pewno wi\u0119cej czasu, ni\u017c sugeruje oznaczenie na szlaku. Co wi\u0119cej, zim\u0105 wyd\u0142u\u017cenie czasu mo\u017ce by\u0107 jeszcze wi\u0119ksze. Nie tylko z uwagi na warunki. Przecie\u017c ba\u0142wanki same si\u0119 nie ulepi\u0105, anio\u0142ki nie zrobi\u0105, a \u015bniegowe kule nie ukulaj\u0105. <\/span><\/li>\n<li style=\"font-weight: 400;\"><span style=\"font-weight: 400;\">Gdy w g\u00f3rach jest \u015bnieg, jako str\u00f3j najlepiej sprawdzi si\u0119 kombinezon, bezdyskusyjnie,<\/span><\/li>\n<\/ul>\n<ul>\n<li style=\"font-weight: 400;\"><span style=\"font-weight: 400;\">zim\u0105 we\u017a ze sob\u0105 &#8220;jab\u0142uszko&#8221; do zje\u017cd\u017cania. Daje niewsp\u00f3\u0142miernie du\u017co rado\u015bci wzgl\u0119dem swojej wagi. Stanowi te\u017c nieodzown\u0105 pomoc, gdy dziecku brak si\u0142 do dalszej w\u0119dr\u00f3wki w \u015bniegu,<\/span><\/li>\n<li style=\"font-weight: 400;\"><a href=\"https:\/\/8a.pl\/plecaki-turystyczne-dla-dzieci\" target=\"_blank\" rel=\"noopener noreferrer\"><span style=\"font-weight: 400;\">plecak dla dziecka<\/span><\/a><span style=\"font-weight: 400;\">\u00a0jest dobrym pomys\u0142em. We\u017a jednak pod uwag\u0119, \u017ce w pewnym momencie mo\u017cesz zosta\u0107 zmuszony do jego niesienia &#8211; &#8220;bo jestem ju\u017c zm\u0119czony&#8221;,<\/span><\/li>\n<\/ul>\n<div id=\"attachment_20479\" style=\"width: 1010px\" class=\"wp-caption alignnone\"><img decoding=\"async\" aria-describedby=\"caption-attachment-20479\" class=\"Beskid \u017bywiecki propozycje wycieczek wp-image-20479 size-full\" title=\"Beskidy wycieczki\" src=\"https:\/\/8a.pl\/8academy\/wp-content\/uploads\/2018\/05\/1000-3.jpg\" alt=\"Beskid \u017bywiecki zim\u0105 - zabawa na \u015bniegu\" width=\"1000\" height=\"650\" srcset=\"https:\/\/8a.pl\/8academy\/wp-content\/uploads\/2018\/05\/1000-3.jpg 1000w, https:\/\/8a.pl\/8academy\/wp-content\/uploads\/2018\/05\/1000-3-300x195.jpg 300w, https:\/\/8a.pl\/8academy\/wp-content\/uploads\/2018\/05\/1000-3-768x499.jpg 768w\" sizes=\"(max-width: 1000px) 100vw, 1000px\" \/><p id=\"caption-attachment-20479\" class=\"wp-caption-text\">Patent gwarantuj\u0105cy dobr\u0105 zabaw\u0119 w zimowych warunkach (fot. Paulina Marciniak)<\/p><\/div>\n<h2 style=\"text-align: center;\">Przyk\u0142adowe trasy<\/h2>\n<p><span style=\"font-weight: 400;\">W takim razie<\/span> <span style=\"font-weight: 400;\">jakie trasy zrobili\u015bmy z naszym 4 latkiem? Wszystkie z opisanych szlak\u00f3w mo\u017cna zrobi\u0107 w g\u00f3r\u0119 i z powrotem w jeden dzie\u0144. Zaznacz\u0119 jednak ponownie, \u017ce nocleg w schronisku to dla dziecka ciekawa atrakcja, a mo\u017ce i nawet cel sam w sobie.<\/span><\/p>\n<h3 style=\"text-align: left;\">Hala Miziowa (1274 m n.p.m.)<\/h3>\n<p><span style=\"font-weight: 400;\">Doj\u015bcie z dzieckiem na Hal\u0119 Miziow\u0105 samo w sobie nie nale\u017cy do trudnych. Byli\u015bmy tam w czerwcu w porze lekko deszczowej. Polecam \u017c\u00f3\u0142ty szlak z Korbielowa i zej\u015bcie szlakiem zielonym do tej\u017ce miejscowo\u015bci. Pocz\u0105tkowo idziemy asfaltem, co jest naturalnie nieciekawe. Nast\u0119pnie droga skr\u0119ca w lewo i przeistacza si\u0119 w le\u015bn\u0105 \u015bcie\u017ck\u0119, biegn\u0105c\u0105 wzd\u0142u\u017c strumienia. Na pocz\u0105tku przechodzimy po w\u0105skim mostku nad Buczynk\u0105 \u2013 nale\u017cy uwa\u017ca\u0107. Dalej droga zmienia si\u0119 w do\u015b\u0107 d\u0142ugi kamienisty odcinek. Skakanie po g\u0142azach nale\u017cy tu zaliczy\u0107 do atrakcji :-).<\/span><\/p>\n<p><span style=\"font-weight: 400;\">Ostatni odcinek to le\u015bna droga z niewielk\u0105 ilo\u015bci\u0105 nieco stromych podej\u015b\u0107. Doj\u015bcie do schroniska na Hali Miziowej zaj\u0119\u0142o nam ok. 3 godziny. Je\u015bli starczy si\u0142, b\u0119dzie ochota i czas na to pozwoli \u2013 mo\u017cna rozwa\u017cy\u0107 podej\u015bcie na Pilsko. Nam z uwagi na za\u0142amanie pogody nie uda\u0142o si\u0119 tego zrobi\u0107, ale nocleg w schronisku by\u0142 wystarczaj\u0105c\u0105 kulminacj\u0105 wyprawy. Zej\u015bcie zielonym szlakiem jest do\u015b\u0107 widokowe, drogi przez las niewiele, a na ko\u0144cu strome zej\u015bcie (raczej zbieg) na d\u00f3\u0142, troch\u0119 asfaltu i wracamy do domu.<\/span><\/p>\n<div id=\"attachment_20480\" style=\"width: 1010px\" class=\"wp-caption alignnone\"><img loading=\"lazy\" decoding=\"async\" aria-describedby=\"caption-attachment-20480\" class=\"Hala Miziowa szlak wp-image-20480 size-full\" title=\"Hala Miziowa schronisko\" src=\"http:\/\/8a.pl\/8academy\/wp-content\/uploads\/2018\/05\/1000-4.jpg\" alt=\"Szlak na Hal\u0119 Miziow\u0105\" width=\"1000\" height=\"650\" srcset=\"https:\/\/8a.pl\/8academy\/wp-content\/uploads\/2018\/05\/1000-4.jpg 1000w, https:\/\/8a.pl\/8academy\/wp-content\/uploads\/2018\/05\/1000-4-300x195.jpg 300w, https:\/\/8a.pl\/8academy\/wp-content\/uploads\/2018\/05\/1000-4-768x499.jpg 768w\" sizes=\"(max-width: 1000px) 100vw, 1000px\" \/><p id=\"caption-attachment-20480\" class=\"wp-caption-text\">W drodze na Hal\u0119 Miziow\u0105 (fot. autor)<\/p><\/div>\n<h3 style=\"text-align: left;\">Prze\u0142\u0119cz Przegibek (1000 m n.p.m.)<\/h3>\n<p><span style=\"font-weight: 400;\">Doj\u015bcie do schroniska zaj\u0119\u0142o nam oko\u0142o 2,5 godziny niespiesznym tempem \u2013 zielony szlak z Rycerki G\u00f3rnej. Bardzo przyjemna i niezbyt forsowna wycieczka, g\u0142\u00f3wnie lasem. Jej urokiem jest to, \u017ce trasa nie jest cz\u0119sto ucz\u0119szczana. Po drodze wiele krzaczk\u00f3w z je\u017cynami, je\u015bli trafisz tu o odpowiedniej porze oraz muchomor\u00f3w &#8211; tylko do ogl\u0105dania oczywi\u015bcie. Po doj\u015bciu do przytulnego schroniska dodatkow\u0105 atrakcj\u0105 dla dziecka jest wybieg dla ciekawskich, wiecznie g\u0142odnych kur. Gdy starcza si\u0142, mo\u017cna podej\u015b\u0107 na szczyt Bendoszki Wielkiej (1144 m n.p.m.). Podczas naszej wycieczki trasa by\u0142a bardzo b\u0142otnista. Wed\u0142ug tego kryterium rozr\u00f3\u017cniamy dwa rodzaje dzieci: te kt\u00f3re nie lubi\u0105 b\u0142ota i unikaj\u0105 ka\u0142u\u017c i te, kt\u00f3re b\u0142oto ub\u00f3stwiaj\u0105 i wskakuj\u0105 w ka\u017cde jego wi\u0119ksze skupisko. Tak czy inaczej pod wzgl\u0119dem atrakcyjno\u015bci zastanego stanu nawierzchni, brzd\u0105c nie narzeka na nud\u0119.<\/span><\/p>\n<p><span style=\"font-weight: 400;\"><strong>UWAGA:<\/strong> nale\u017cy pilnowa\u0107 oznacze\u0144 szlaku, poniewa\u017c na pocz\u0105tku, gdy idzie si\u0119 asfaltow\u0105 drog\u0105, \u0142atwo jest pomin\u0105\u0107 skr\u0119t w lewo na w\u0142a\u015bciwy szlak.<\/span><\/p>\n<div id=\"attachment_20482\" style=\"width: 1010px\" class=\"wp-caption alignnone\"><img loading=\"lazy\" decoding=\"async\" aria-describedby=\"caption-attachment-20482\" class=\"Przegibek trasy wp-image-20482 size-full\" title=\"Przegibek szlaki\" src=\"https:\/\/8a.pl\/8academy\/wp-content\/uploads\/2018\/05\/1000-6.jpg\" alt=\"Schronisko na Przegibku - Prze\u0142\u0119cz Przegibek w czasie mg\u0142y\" width=\"1000\" height=\"650\" srcset=\"https:\/\/8a.pl\/8academy\/wp-content\/uploads\/2018\/05\/1000-6.jpg 1000w, https:\/\/8a.pl\/8academy\/wp-content\/uploads\/2018\/05\/1000-6-300x195.jpg 300w, https:\/\/8a.pl\/8academy\/wp-content\/uploads\/2018\/05\/1000-6-768x499.jpg 768w\" sizes=\"(max-width: 1000px) 100vw, 1000px\" \/><p id=\"caption-attachment-20482\" class=\"wp-caption-text\">Prze\u0142\u0119czy Przegibek na pewno nie mo\u017cna odm\u00f3wi\u0107 klimatu (fot. autor)<\/p><\/div>\n<h3 style=\"text-align: left;\">Bac\u00f3wka na Wielkiej Rycerzowej (1120 m n.p.m.)<\/h3>\n<p><span style=\"font-weight: 400;\">Wyj\u015bcie z Sobl\u00f3wki \u017c\u00f3\u0142tym szlakiem. T\u0119 tras\u0119 zaliczyli\u015bmy w warunkach zimowych. Po drodze brak wi\u0119kszych trudno\u015bci i m\u0119cz\u0105cych podej\u015b\u0107. Z uwagi na kr\u00f3tki dzie\u0144 i du\u017c\u0105 ilo\u015b\u0107 \u015bniegu do schroniska dotarli\u015bmy o lekkim zmroku. \u015anieg po drodze by\u0142 niew\u0105tpliw\u0105 atrakcj\u0105 w trakcie marszu, ale te\u017c znacznie wyd\u0142u\u017cy\u0142 czas wycieczki. Droga powrotna dzi\u0119ki po\u0142\u0105czeniu: dziecko na jab\u0142uszku + <a href=\"https:\/\/8a.pl\/kije-trekkingowe\" target=\"_blank\" rel=\"noopener noreferrer\">kijek trekkingowy<\/a> + rodzic poci\u0105gowy, up\u0142yn\u0119\u0142a na radosnym, dwugodzinnym zje\u017adzie z g\u00f3ry na sam d\u00f3\u0142.<\/span><\/p>\n<div id=\"attachment_20483\" style=\"width: 1010px\" class=\"wp-caption alignnone\"><img loading=\"lazy\" decoding=\"async\" aria-describedby=\"caption-attachment-20483\" class=\"gdzie z dzieckiem w Beskidzie \u017bywieckim wp-image-20483 size-full\" title=\"szlaki dla dzieci\" src=\"https:\/\/8a.pl\/8academy\/wp-content\/uploads\/2018\/05\/1000-7.jpg\" alt=\"Dzieci w g\u00f3rach - dobra odzie\u017c zimowa dla dzieci\" width=\"1000\" height=\"650\" srcset=\"https:\/\/8a.pl\/8academy\/wp-content\/uploads\/2018\/05\/1000-7.jpg 1000w, https:\/\/8a.pl\/8academy\/wp-content\/uploads\/2018\/05\/1000-7-300x195.jpg 300w, https:\/\/8a.pl\/8academy\/wp-content\/uploads\/2018\/05\/1000-7-768x499.jpg 768w\" sizes=\"(max-width: 1000px) 100vw, 1000px\" \/><p id=\"caption-attachment-20483\" class=\"wp-caption-text\">W dw\u00f3jk\u0119 zawsze ra\u017aniej (fot. Agnieszka Sosnowska)<\/p><\/div>\n<h3 style=\"text-align: left;\">Hala Lipowska (1323 m n.p.m.)<\/h3>\n<p><span style=\"font-weight: 400;\">Wej\u015bcie zn\u00f3w w warunkach zimowych. Region ciekawy, poniewa\u017c na Hal\u0119 Lipowsk\u0105 mo\u017cna dosta\u0107 si\u0119 kilkoma wariantami. My wybrali\u015bmy wyj\u015bcie czarnym szlakiem z \u017babnicy Ska\u0142ki. Po oko\u0142o godzinnej w\u0119dr\u00f3wce &#8211; w ca\u0142o\u015bci po wyasfaltowanej drodze &#8211; dochodzimy do s\u0142yn\u0105cego ze swoich jagodzianek (serwowane nawet zim\u0105) schroniska na Hali Boraczej. Po odpoczynku i pod\u0142adowaniu akumulator\u00f3w wyruszyli\u015bmy zielonym i nast\u0119pnie czarnym szlakiem na Hal\u0119 Redykaln\u0105, sk\u0105d \u017c\u00f3\u0142tym do schroniska na Hali Lipowskiej. Ten etap zaj\u0105\u0142 nam 3,5 godziny. Podczas w\u0119dr\u00f3wki urozmaiconej dywagacjami z dzieckiem &#8220;czy idziemy w chmurach, czy we mgle&#8221;, nie mieli\u015bmy okazji podziwia\u0107 szczeg\u00f3lnych widok\u00f3w. <\/span><\/p>\n<p><span style=\"font-weight: 400;\">Trasa jest przyjemna, poniewa\u017c nie jest naje\u017cona d\u0142ugimi i stromymi podej\u015bciami. Maluchowi og\u00f3lnie si\u0119 podoba\u0142o, ale pod koniec wycieczki dopad\u0142 go kryzys. Tu z pomoc\u0105 zn\u00f3w przyszed\u0142 sprawdzony zestaw: jab\u0142uszko do zje\u017cd\u017cania + kijek trekkingowy. Po nocleguu w schronisku przej\u015bcie w 15 minut na \u015bniadanie do schroniska na Hali Rysianka i podziwianie pi\u0119knych widok\u00f3w, kt\u00f3re rozpo\u015bcieraj\u0105 si\u0119 z tego miejsca. Nast\u0119pnie zej\u015bcie zielonym szlakiem do \u017babnicy &#8211; a raczej zjazd, kt\u00f3ry zaj\u0105\u0142 nam nieco ponad 2 godziny.<\/span><\/p>\n<p><span style=\"font-weight: 400;\"><strong>UWAGA:<\/strong> od schroniska na Hali Boraczej mo\u017cna p\u00f3j\u015b\u0107 bezpo\u015brednio na Hal\u0119 Lipowsk\u0105 nieznacznie kr\u00f3tszym, zielonym szlakiem.<\/span><\/p>\n<div id=\"attachment_20487\" style=\"width: 1010px\" class=\"wp-caption alignnone\"><img loading=\"lazy\" decoding=\"async\" aria-describedby=\"caption-attachment-20487\" class=\"Dzieci w polskich g\u00f3rach wp-image-20487 size-full\" title=\"Beskidy szlaki dla dzieci\" src=\"https:\/\/8a.pl\/8academy\/wp-content\/uploads\/2018\/05\/1000-11.jpg\" alt=\"Polskie g\u00f3ry z dzieckiem - okolice Hali Lipowskiej\" width=\"1000\" height=\"650\" srcset=\"https:\/\/8a.pl\/8academy\/wp-content\/uploads\/2018\/05\/1000-11.jpg 1000w, https:\/\/8a.pl\/8academy\/wp-content\/uploads\/2018\/05\/1000-11-300x195.jpg 300w, https:\/\/8a.pl\/8academy\/wp-content\/uploads\/2018\/05\/1000-11-768x499.jpg 768w\" sizes=\"(max-width: 1000px) 100vw, 1000px\" \/><p id=\"caption-attachment-20487\" class=\"wp-caption-text\">G\u00f3ry z dzieckiem. Pi\u0119kno okolic Hali Lipowskiej. (fot. Paulina Marciniak)<\/p><\/div>\n<h2 style=\"text-align: center;\">Je\u015bli g\u00f3ry z dzieckiem, to w Beskid \u017bywiecki?<\/h2>\n<p><span style=\"font-weight: 400;\">Odpowiadaj\u0105c kr\u00f3tko \u2013 tak. Ale&#8230; No w\u0142a\u015bnie, jest &#8220;ale&#8221;. Je\u017celi wcze\u015bniej sam w tym pa\u015bmie nie by\u0142e\u015b, musisz mie\u0107 \u015bwiadomo\u015b\u0107, \u017ce:<\/span><\/p>\n<ul>\n<li style=\"font-weight: 400;\"><span style=\"font-weight: 400;\">w wi\u0119kszo\u015bci przypadk\u00f3w nie s\u0105 to szlaki z \u201cwybrukowanym chodniczkiem\u201d,<\/span><\/li>\n<li style=\"font-weight: 400;\"><span style=\"font-weight: 400;\">musisz mie\u0107 map\u0119\/ pozna\u0107 wcze\u015bniej uk\u0142ad szlaku i <\/span>orientacyjny <span style=\"font-weight: 400;\">czas jego przej\u015bcia,<\/span><\/li>\n<li style=\"font-weight: 400;\"><span style=\"font-weight: 400;\">na trasy nie polecam wybiera\u0107 si\u0119 w trampkach i jeansach,<\/span><\/li>\n<li style=\"font-weight: 400;\"><span style=\"font-weight: 400;\">raczej nie spotkasz tu po drodze ludzi w klapkach, jak to mo\u017ce mie\u0107 miejsce (uwierz mi \u2013 ma) w Beskidzie \u015al\u0105skim,<\/span><\/li>\n<li style=\"font-weight: 400;\"><span style=\"font-weight: 400;\">trasy na d\u0142ugich odcinkach potrafi\u0105 nie mie\u0107 alternatywnych opcji ich skr\u00f3cenia i szybszego zej\u015bcia do najbli\u017cszej miejscowo\u015bci.<\/span><\/li>\n<\/ul>\n<p><span style=\"font-weight: 400;\">Chc\u0119 przez to powiedzie\u0107, \u017ce s\u0105 to g\u0142\u00f3wnie szlaki dla turyst\u00f3w, kt\u00f3rzy wiedz\u0105 po co id\u0105 w g\u00f3ry. Maj\u0105c t\u0119 \u015bwiadomo\u015b\u0107, musicie si\u0119 razem z dzieckiem odpowiednio do takiego wyj\u015bcia przygotowa\u0107.\u00a0Z redakcyjnego obowi\u0105zku i wrodzonej przezorno\u015bci nie mog\u0142em tego nie napisa\u0107.<\/span><\/p>\n<p><span style=\"font-weight: 400;\">Je\u017celi jednak to co do tej pory przeczyta\u0142e\u015b w tym akapicie wydaje Ci si\u0119 czym\u015b jasnym jak s\u0142o\u0144ce i my\u015blisz sobie &#8220;co ten amator wypisuje?!&#8221;- dla Ciebie i Twojego dziecka nie ma \u017cadnego ale \ud83d\ude42 <\/span><\/p>\n<p><span style=\"font-weight: 400;\">W takim razie na co czekacie? Nie zwlekajcie i ruszajcie w g\u00f3ry z dzieckiem. Gwarantuj\u0119, \u017ce na tutejszych szlakach czekaj\u0105 Was pi\u0119kne widoki, cisza, spok\u00f3j i cudownie sp\u0119dzone chwile.<\/span><\/p>\n<div id=\"attachment_20485\" style=\"width: 1010px\" class=\"wp-caption alignnone\"><img loading=\"lazy\" decoding=\"async\" aria-describedby=\"caption-attachment-20485\" class=\"Wycieczki g\u00f3rskie z dzie\u0107mi wp-image-20485 size-full\" title=\"Rajcza wycieczki\" src=\"http:\/\/8a.pl\/8academy\/wp-content\/uploads\/2018\/05\/1000-9.jpg\" alt=\"Szlaki z Rajczy\" width=\"1000\" height=\"650\" srcset=\"https:\/\/8a.pl\/8academy\/wp-content\/uploads\/2018\/05\/1000-9.jpg 1000w, https:\/\/8a.pl\/8academy\/wp-content\/uploads\/2018\/05\/1000-9-300x195.jpg 300w, https:\/\/8a.pl\/8academy\/wp-content\/uploads\/2018\/05\/1000-9-768x499.jpg 768w\" sizes=\"(max-width: 1000px) 100vw, 1000px\" \/><p id=\"caption-attachment-20485\" class=\"wp-caption-text\">Dziecko w g\u00f3rach ma si\u0119 przede wszystkim dobrze bawi\u0107 (fot. autor)<\/p><\/div>\n<p><em><b>Rodzicem poci\u0105gowym i autorem tekstu jest Rafa\u0142 Marciniak<\/b><\/em><\/p>\n","protected":false},"excerpt":{"rendered":"<p>Nigdy nie jest za p\u00f3\u017ano, aby zacz\u0105\u0107 chodzi\u0107 po g\u00f3rach. Banalne? Tak. Prawdziwe? R\u00f3wnie\u017c. \u00a0Ja sam zacz\u0105\u0142em intensywnie uprawia\u0107 t\u0119 form\u0119 turystyki dopiero kiedy sta\u0142em si\u0119 ojcem. Spotka\u0142em si\u0119 z opiniami, \u017ce po zostaniu rodzicem nie b\u0119dziesz mia\u0142 czasu na realizacj\u0119 swoich zainteresowa\u0144. Ba! Mia\u0142em styczno\u015b\u0107 z lud\u017ami dla kt\u00f3rych rodzicielstwo stanowi\u0142o gotow\u0105 wym\u00f3wk\u0119 do tego, \u017ceby spocz\u0105\u0107 na kanap&#8230;. laurach. Zak\u0142adaj\u0105c, \u017ce czytasz ten artyku\u0142, z pewno\u015bci\u0105 nie zaliczasz si\u0119 do tej grupy os\u00f3b.<\/p>\n","protected":false},"author":7,"featured_media":20488,"comment_status":"open","ping_status":"open","sticky":false,"template":"","format":"standard","meta":{"_acf_changed":false,"_uf_show_specific_survey":0,"_uf_disable_surveys":false,"footnotes":""},"categories":[26070],"tags":[26104,26077,26085],"class_list":["post-20473","post","type-post","status-publish","format-standard","has-post-thumbnail","hentry","category-turystyka-trekking","tag-caloroczne","tag-przewodnik","tag-trekking"],"acf":[],"yoast_head":"<!-- This site is optimized with the Yoast SEO Premium plugin v23.4 (Yoast SEO v25.5) - https:\/\/yoast.com\/wordpress\/plugins\/seo\/ -->\n<title>G\u00f3ry z dzieckiem - gdzie jecha\u0107 w Beskid \u017bywiecki | 8academy<\/title>\n<meta name=\"description\" content=\"Dopiero planujesz pokaza\u0107 swojemu dziecku g\u00f3rski \u015bwiat? Wr\u0119cz przeciwnie, byli\u015bcie tu i \u00f3wdzie i potrzebujecie inspiracji do kolejnych wypad\u00f3w w g\u00f3ry z dzieckiem? Niezale\u017cnie od powodu, wierz\u0119 \u017ce czas po\u015bwi\u0119cony na przeczytanie tego artyku\u0142u nie b\u0119dzie czasem straconym.\" \/>\n<meta name=\"robots\" content=\"index, follow, max-snippet:-1, max-image-preview:large, max-video-preview:-1\" \/>\n<link rel=\"canonical\" href=\"https:\/\/8a.pl\/8academy\/gory-z-dzieckiem-beskid-zywiecki\/\" \/>\n<meta property=\"og:locale\" content=\"pl_PL\" \/>\n<meta property=\"og:type\" content=\"article\" \/>\n<meta property=\"og:title\" content=\"G\u00f3ry z dzieckiem - gdzie jecha\u0107 w Beskid \u017bywiecki | 8academy\" \/>\n<meta property=\"og:description\" content=\"Dopiero planujesz pokaza\u0107 swojemu dziecku g\u00f3rski \u015bwiat? Wr\u0119cz przeciwnie, byli\u015bcie tu i \u00f3wdzie i potrzebujecie inspiracji do kolejnych wypad\u00f3w w g\u00f3ry z dzieckiem? Niezale\u017cnie od powodu, wierz\u0119 \u017ce czas po\u015bwi\u0119cony na przeczytanie tego artyku\u0142u nie b\u0119dzie czasem straconym.\" \/>\n<meta property=\"og:url\" content=\"https:\/\/8a.pl\/8academy\/gory-z-dzieckiem-beskid-zywiecki\/\" \/>\n<meta property=\"og:site_name\" content=\"8academy.pl - portal g\u00f3rski i wspinaczkowy dla aktywnych\" \/>\n<meta property=\"article:publisher\" content=\"https:\/\/pl-pl.facebook.com\/sklep8apl\/\" \/>\n<meta property=\"article:published_time\" content=\"2018-05-23T11:04:07+00:00\" \/>\n<meta property=\"article:modified_time\" content=\"2024-05-19T19:37:55+00:00\" \/>\n<meta property=\"og:image\" content=\"http:\/\/8a.pl\/8academy\/wp-content\/uploads\/2018\/05\/cover_fb_2-3.jpg\" \/>\n\t<meta property=\"og:image:width\" content=\"1200\" \/>\n\t<meta property=\"og:image:height\" content=\"628\" \/>\n\t<meta property=\"og:image:type\" content=\"image\/jpeg\" \/>\n<meta name=\"author\" content=\"Redakcja 8Academy\" \/>\n<meta name=\"twitter:card\" content=\"summary_large_image\" \/>\n<meta name=\"twitter:title\" content=\"G\u00f3ry z dzieckiem - gdzie jecha\u0107 w Beskid \u017bywiecki\" \/>\n<meta name=\"twitter:label1\" content=\"Napisane przez\" \/>\n\t<meta name=\"twitter:data1\" content=\"Redakcja 8Academy\" \/>\n\t<meta name=\"twitter:label2\" content=\"Szacowany czas czytania\" \/>\n\t<meta name=\"twitter:data2\" content=\"9 minut\" \/>\n<!-- \/ Yoast SEO Premium plugin. -->","yoast_head_json":{"title":"G\u00f3ry z dzieckiem - gdzie jecha\u0107 w Beskid \u017bywiecki | 8academy","description":"Dopiero planujesz pokaza\u0107 swojemu dziecku g\u00f3rski \u015bwiat? Wr\u0119cz przeciwnie, byli\u015bcie tu i \u00f3wdzie i potrzebujecie inspiracji do kolejnych wypad\u00f3w w g\u00f3ry z dzieckiem? Niezale\u017cnie od powodu, wierz\u0119 \u017ce czas po\u015bwi\u0119cony na przeczytanie tego artyku\u0142u nie b\u0119dzie czasem straconym.","robots":{"index":"index","follow":"follow","max-snippet":"max-snippet:-1","max-image-preview":"max-image-preview:large","max-video-preview":"max-video-preview:-1"},"canonical":"https:\/\/8a.pl\/8academy\/gory-z-dzieckiem-beskid-zywiecki\/","og_locale":"pl_PL","og_type":"article","og_title":"G\u00f3ry z dzieckiem - gdzie jecha\u0107 w Beskid \u017bywiecki | 8academy","og_description":"Dopiero planujesz pokaza\u0107 swojemu dziecku g\u00f3rski \u015bwiat? Wr\u0119cz przeciwnie, byli\u015bcie tu i \u00f3wdzie i potrzebujecie inspiracji do kolejnych wypad\u00f3w w g\u00f3ry z dzieckiem? Niezale\u017cnie od powodu, wierz\u0119 \u017ce czas po\u015bwi\u0119cony na przeczytanie tego artyku\u0142u nie b\u0119dzie czasem straconym.","og_url":"https:\/\/8a.pl\/8academy\/gory-z-dzieckiem-beskid-zywiecki\/","og_site_name":"8academy.pl - portal g\u00f3rski i wspinaczkowy dla aktywnych","article_publisher":"https:\/\/pl-pl.facebook.com\/sklep8apl\/","article_published_time":"2018-05-23T11:04:07+00:00","article_modified_time":"2024-05-19T19:37:55+00:00","og_image":[{"width":1200,"height":628,"url":"http:\/\/8a.pl\/8academy\/wp-content\/uploads\/2018\/05\/cover_fb_2-3.jpg","type":"image\/jpeg"}],"author":"Redakcja 8Academy","twitter_card":"summary_large_image","twitter_title":"G\u00f3ry z dzieckiem - gdzie jecha\u0107 w Beskid \u017bywiecki","twitter_misc":{"Napisane przez":"Redakcja 8Academy","Szacowany czas czytania":"9 minut"},"schema":{"@context":"https:\/\/schema.org","@graph":[{"@type":"Article","@id":"https:\/\/8a.pl\/8academy\/gory-z-dzieckiem-beskid-zywiecki\/#article","isPartOf":{"@id":"https:\/\/8a.pl\/8academy\/gory-z-dzieckiem-beskid-zywiecki\/"},"author":{"name":"Redakcja 8Academy","@id":"https:\/\/8a.pl\/8academy\/#\/schema\/person\/2e392153a51786e6c3d5ede231b5d2a4"},"headline":"G\u00f3ry z dzieckiem &#8211; gdzie jecha\u0107 w Beskid \u017bywiecki","datePublished":"2018-05-23T11:04:07+00:00","dateModified":"2024-05-19T19:37:55+00:00","mainEntityOfPage":{"@id":"https:\/\/8a.pl\/8academy\/gory-z-dzieckiem-beskid-zywiecki\/"},"wordCount":1748,"commentCount":0,"publisher":{"@id":"https:\/\/8a.pl\/8academy\/#organization"},"image":{"@id":"https:\/\/8a.pl\/8academy\/gory-z-dzieckiem-beskid-zywiecki\/#primaryimage"},"thumbnailUrl":"https:\/\/8a.pl\/8academy\/wp-content\/uploads\/2018\/05\/1100-4.jpg","keywords":["Ca\u0142oroczne","Przewodnik","Trekking"],"articleSection":["Turystyka \/ trekking"],"inLanguage":"pl-PL","potentialAction":[{"@type":"CommentAction","name":"Comment","target":["https:\/\/8a.pl\/8academy\/gory-z-dzieckiem-beskid-zywiecki\/#respond"]}]},{"@type":"WebPage","@id":"https:\/\/8a.pl\/8academy\/gory-z-dzieckiem-beskid-zywiecki\/","url":"https:\/\/8a.pl\/8academy\/gory-z-dzieckiem-beskid-zywiecki\/","name":"G\u00f3ry z dzieckiem - gdzie jecha\u0107 w Beskid \u017bywiecki | 8academy","isPartOf":{"@id":"https:\/\/8a.pl\/8academy\/#website"},"primaryImageOfPage":{"@id":"https:\/\/8a.pl\/8academy\/gory-z-dzieckiem-beskid-zywiecki\/#primaryimage"},"image":{"@id":"https:\/\/8a.pl\/8academy\/gory-z-dzieckiem-beskid-zywiecki\/#primaryimage"},"thumbnailUrl":"https:\/\/8a.pl\/8academy\/wp-content\/uploads\/2018\/05\/1100-4.jpg","datePublished":"2018-05-23T11:04:07+00:00","dateModified":"2024-05-19T19:37:55+00:00","description":"Dopiero planujesz pokaza\u0107 swojemu dziecku g\u00f3rski \u015bwiat? Wr\u0119cz przeciwnie, byli\u015bcie tu i \u00f3wdzie i potrzebujecie inspiracji do kolejnych wypad\u00f3w w g\u00f3ry z dzieckiem? Niezale\u017cnie od powodu, wierz\u0119 \u017ce czas po\u015bwi\u0119cony na przeczytanie tego artyku\u0142u nie b\u0119dzie czasem straconym.","breadcrumb":{"@id":"https:\/\/8a.pl\/8academy\/gory-z-dzieckiem-beskid-zywiecki\/#breadcrumb"},"inLanguage":"pl-PL","potentialAction":[{"@type":"ReadAction","target":["https:\/\/8a.pl\/8academy\/gory-z-dzieckiem-beskid-zywiecki\/"]}]},{"@type":"ImageObject","inLanguage":"pl-PL","@id":"https:\/\/8a.pl\/8academy\/gory-z-dzieckiem-beskid-zywiecki\/#primaryimage","url":"https:\/\/8a.pl\/8academy\/wp-content\/uploads\/2018\/05\/1100-4.jpg","contentUrl":"https:\/\/8a.pl\/8academy\/wp-content\/uploads\/2018\/05\/1100-4.jpg","width":1100,"height":715,"caption":"wycieczka z dzie\u0107mi"},{"@type":"BreadcrumbList","@id":"https:\/\/8a.pl\/8academy\/gory-z-dzieckiem-beskid-zywiecki\/#breadcrumb","itemListElement":[{"@type":"ListItem","position":1,"name":"Strona g\u0142\u00f3wna","item":"https:\/\/8a.pl\/8academy\/"},{"@type":"ListItem","position":2,"name":"G\u00f3ry z dzieckiem &#8211; gdzie jecha\u0107 w Beskid \u017bywiecki"}]},{"@type":"WebSite","@id":"https:\/\/8a.pl\/8academy\/#website","url":"https:\/\/8a.pl\/8academy\/","name":"8academy.pl - portal g\u00f3rski i wspinaczkowy dla aktywnych","description":"8academy to portal g\u00f3rski o wspinaczce, trekkingu i skiturach. Znajdziesz tu porady, testy sprz\u0119tu i opisy najlepszych rejon\u00f3w. Inspirujemy zdobywc\u00f3w!","publisher":{"@id":"https:\/\/8a.pl\/8academy\/#organization"},"potentialAction":[{"@type":"SearchAction","target":{"@type":"EntryPoint","urlTemplate":"https:\/\/8a.pl\/8academy\/?s={search_term_string}"},"query-input":{"@type":"PropertyValueSpecification","valueRequired":true,"valueName":"search_term_string"}}],"inLanguage":"pl-PL"},{"@type":"Organization","@id":"https:\/\/8a.pl\/8academy\/#organization","name":"8academy.pl - portal g\u00f3rski i wspinaczkowy dla aktywnych","url":"https:\/\/8a.pl\/8academy\/","logo":{"@type":"ImageObject","inLanguage":"pl-PL","@id":"https:\/\/8a.pl\/8academy\/#\/schema\/logo\/image\/","url":"https:\/\/8a.pl\/8academy\/wp-content\/uploads\/2015\/11\/logo.png","contentUrl":"https:\/\/8a.pl\/8academy\/wp-content\/uploads\/2015\/11\/logo.png","width":438,"height":315,"caption":"8academy.pl - portal g\u00f3rski i wspinaczkowy dla aktywnych"},"image":{"@id":"https:\/\/8a.pl\/8academy\/#\/schema\/logo\/image\/"},"sameAs":["https:\/\/pl-pl.facebook.com\/sklep8apl\/","https:\/\/www.instagram.com\/8apl\/"]},{"@type":"Person","@id":"https:\/\/8a.pl\/8academy\/#\/schema\/person\/2e392153a51786e6c3d5ede231b5d2a4","name":"Redakcja 8Academy","image":{"@type":"ImageObject","inLanguage":"pl-PL","@id":"https:\/\/8a.pl\/8academy\/#\/schema\/person\/image\/","url":"https:\/\/8a.pl\/8academy\/wp-content\/uploads\/2017\/10\/logo_obrobione_2_150_59ICJ.jpg","contentUrl":"https:\/\/8a.pl\/8academy\/wp-content\/uploads\/2017\/10\/logo_obrobione_2_150_59ICJ.jpg","caption":"Redakcja 8Academy"},"url":"https:\/\/8a.pl\/8academy\/author\/redakcja\/"}]}},"_links":{"self":[{"href":"https:\/\/8a.pl\/8academy\/wp-json\/wp\/v2\/posts\/20473","targetHints":{"allow":["GET"]}}],"collection":[{"href":"https:\/\/8a.pl\/8academy\/wp-json\/wp\/v2\/posts"}],"about":[{"href":"https:\/\/8a.pl\/8academy\/wp-json\/wp\/v2\/types\/post"}],"author":[{"embeddable":true,"href":"https:\/\/8a.pl\/8academy\/wp-json\/wp\/v2\/users\/7"}],"replies":[{"embeddable":true,"href":"https:\/\/8a.pl\/8academy\/wp-json\/wp\/v2\/comments?post=20473"}],"version-history":[{"count":1,"href":"https:\/\/8a.pl\/8academy\/wp-json\/wp\/v2\/posts\/20473\/revisions"}],"predecessor-version":[{"id":69295,"href":"https:\/\/8a.pl\/8academy\/wp-json\/wp\/v2\/posts\/20473\/revisions\/69295"}],"wp:featuredmedia":[{"embeddable":true,"href":"https:\/\/8a.pl\/8academy\/wp-json\/wp\/v2\/media\/20488"}],"wp:attachment":[{"href":"https:\/\/8a.pl\/8academy\/wp-json\/wp\/v2\/media?parent=20473"}],"wp:term":[{"taxonomy":"category","embeddable":true,"href":"https:\/\/8a.pl\/8academy\/wp-json\/wp\/v2\/categories?post=20473"},{"taxonomy":"post_tag","embeddable":true,"href":"https:\/\/8a.pl\/8academy\/wp-json\/wp\/v2\/tags?post=20473"}],"curies":[{"name":"wp","href":"https:\/\/api.w.org\/{rel}","templated":true}]}}