{"id":19807,"date":"2018-05-02T08:00:22","date_gmt":"2018-05-02T06:00:22","guid":{"rendered":"http:\/\/8a.pl\/8academy\/?p=19807"},"modified":"2024-05-19T21:39:52","modified_gmt":"2024-05-19T19:39:52","slug":"jak-przejsc-glowny-szlak-beskidzki","status":"publish","type":"post","link":"https:\/\/8a.pl\/8academy\/jak-przejsc-glowny-szlak-beskidzki\/","title":{"rendered":"Jak przej\u015b\u0107 G\u0142\u00f3wny Szlak Beskidzki"},"content":{"rendered":"\n<p class=\"wp-block-paragraph\"><span style=\"font-weight: 400;\">Co roku wychodz\u0105 na niego setki os\u00f3b, przechodz\u0105c go fragmentami lub w ca\u0142o\u015bci. Tych, kt\u00f3rzy ko\u0144cz\u0105 ca\u0142o\u015b\u0107 podczas jednego przej\u015bcia jest ponad setka (cho\u0107 statystyki z ca\u0142\u0105 pewno\u015bci\u0105 nie pokazuj\u0105 wszystkich). Cho\u0107 ani razu nie przekracza pu\u0142apu 2000 metr\u00f3w, jest celem ambitnym i wymagaj\u0105cym. I, jak si\u0119 okazuje, weryfikuje umiej\u0119tno\u015bci i si\u0142y wielu \u015bmia\u0142k\u00f3w. Jak przej\u015b\u0107 G\u0142\u00f3wny Szlak Beskidzki? O tym w poni\u017cszym artykule.<\/span><\/p>\n\n\n\n<h2 class=\"wp-block-heading\" id=\"h-troche-historii\">Troch\u0119 historii<\/h2>\n\n\n\n<p class=\"wp-block-paragraph\"><span style=\"font-weight: 400;\">Szlak prowadz\u0105cy przez ca\u0142o\u015b\u0107 polskich Beskid\u00f3w zaprojektowano niemal sto lat temu. Ju\u017c w 1929 roku gotowa by\u0142a jego cz\u0119\u015b\u0107, mi\u0119dzy Beskidem \u015al\u0105skim i S\u0105deckim. Beskid Niski i Bieszczady, zaliczane do Beskid\u00f3w Wschodnich, do\u0142\u0105czy\u0142y 6 lat p\u00f3\u017aniej. Ma\u0142o kto jednak pami\u0119ta, \u017ce \u00f3wczesny przebieg GSB na tym si\u0119 nie ko\u0144czy\u0142. Terytorium Polski obejmowa\u0142o w\u00f3wczas cz\u0119\u015b\u0107 obecnych g\u00f3r Ukrainy, a sam szlak poprowadzono a\u017c po Czarnohor\u0119, gdzie zbli\u017ca\u0142 si\u0119 do samej granicy rumu\u0144skiej. Obecnie jego przebieg ko\u0144czy si\u0119 kilka kilometr\u00f3w od granicy ukrai\u0144skiej.<\/span><\/p>\n\n\n\n<h2 class=\"wp-block-heading\" id=\"h-przebieg\">Przebieg<\/h2>\n\n\n\n<p class=\"wp-block-paragraph\"><span style=\"font-weight: 400;\">GSB poprowadzono, zgodnie z nazw\u0105, g\u0142\u00f3wnymi pasmami polskich Beskid\u00f3w. Omija on 4 grupy g\u00f3rskie: Beskid Ma\u0142y, Makowski oraz Wyspowy (ten brak \u0142atwo nadrobi\u0107 wybieraj\u0105c si\u0119 na <a href=\"https:\/\/8a.pl\/8academy\/sredniodystansowe-szlaki-piesze-polsce\" target=\"_blank\" rel=\"noopener noreferrer\">Ma\u0142y Szlak Beskidzki<\/a><\/span><span style=\"font-weight: 400;\">&nbsp;i Pieniny. Pozosta\u0142e przecina, prowadz\u0105c cz\u0119sto g\u0142\u00f3wnymi grzbietami i wspinaj\u0105c si\u0119 na ich g\u0142\u00f3wne szczyty. Bieszczadzka Tarnica, s\u0105decka Radziejowa, gorcza\u0144ski Turbacz i \u201ekr\u00f3lowa\u201d, Babia G\u00f3ra, to najwy\u017csze z nich. Ca\u0142o\u015b\u0107 szlaku liczy 500 kilometr\u00f3w i cho\u0107 \u017ar\u00f3d\u0142a podaj\u0105 r\u00f3\u017cne dane, ta okr\u0105g\u0142a liczba jest najbli\u017csza prawdy. Ko\u0144cami szlaku s\u0105 2 miejscowo\u015bci: bieszczadzkie Wo\u0142osate oraz Ustro\u0144 w Beskidzie \u015al\u0105skim.<\/span><\/p>\n\n\n\n<figure class=\"wp-block-image alignnone Pocz\u0105tek G\u0142\u00f3wnego Szlaku Beskidzkiego wp-image-19838 size-full\"><img fetchpriority=\"high\" decoding=\"async\" width=\"1000\" height=\"650\" src=\"http:\/\/8a.pl\/8academy\/wp-content\/uploads\/2018\/04\/niebieski_przeciecie_gsb_i_niebieskiego.jpg\" alt=\"Jak przej\u015b\u0107 G\u0142\u00f3wny Szlak Beskidzki\" class=\"wp-image-19838\" srcset=\"https:\/\/8a.pl\/8academy\/wp-content\/uploads\/2018\/04\/niebieski_przeciecie_gsb_i_niebieskiego.jpg 1000w, https:\/\/8a.pl\/8academy\/wp-content\/uploads\/2018\/04\/niebieski_przeciecie_gsb_i_niebieskiego-300x195.jpg 300w, https:\/\/8a.pl\/8academy\/wp-content\/uploads\/2018\/04\/niebieski_przeciecie_gsb_i_niebieskiego-768x499.jpg 768w\" sizes=\"(max-width: 1000px) 100vw, 1000px\" \/><figcaption class=\"wp-element-caption\">Z Wo\u0142osatego? Czy z Ustronia? Nie ma znaczenia gdzie wyjdziesz na szlak, liczy si\u0119 przygoda (fot. autor)<\/figcaption><\/figure>\n\n\n\n<p class=\"wp-block-paragraph\"><span style=\"font-weight: 400;\">Cho\u0107 nie posiada trudno\u015bci wysokog\u00f3rskich, GSB nie jest wyzwaniem \u0142atwym. Sama odleg\u0142o\u015b\u0107 potrafi onie\u015bmiela\u0107: wiele razy s\u0142ysza\u0142em turyst\u00f3w m\u00f3wi\u0105cych o jego dystansie jak o czym\u015b abstrakcyjnym. P\u00f3\u0142 tysi\u0105ca kilometr\u00f3w mo\u017ce onie\u015bmiela\u0107, ale nies\u0142usznie. Ka\u017cdy do\u015bwiadczony i sprawny fizycznie w\u0119drowiec powinien poradzi\u0107 sobie z jego przej\u015bciem. Wa\u017cne jest przede wszystkim w\u0142a\u015bciwe nastawienie psychiczne. Gdy je masz, wygrywasz ju\u017c po\u0142ow\u0119. Druga po\u0142owa to kondycja. Sprz\u0119t? Ma znaczenie, ale nie jest najwa\u017cniejszy.<\/span><\/p>\n\n\n\n<h2 class=\"wp-block-heading\" id=\"h-kiedy-isc-na-glowny-szlak-beskidzki\">Kiedy i\u015b\u0107 na G\u0142\u00f3wny Szlak Beskidzki?<\/h2>\n\n\n\n<p class=\"wp-block-paragraph\"><span style=\"font-weight: 400;\">Najlepszy czas na przej\u015bcie GSB to, moim zdaniem, \u201estudenckie wakacje\u201d czyli okres lipiec-wrzesie\u0144. To czas, gdy dzie\u0144 jest najd\u0142u\u017cszy, a wszystkie schroniska i bazy namiotowe otwarte. To te\u017c czas najwi\u0119kszej frekwencji na szlaku, co mo\u017ce nie spodoba si\u0119 indywidualistom, ale doda otuchy tym, kt\u00f3rzy obawiaj\u0105 si\u0119 2-3 tygodni samotno\u015bci.<\/span><\/p>\n\n\n\n<p class=\"wp-block-paragraph\"><span style=\"font-weight: 400;\">Wej\u015bcie na GSB mo\u017cliwe jest jednak wcze\u015bniej, ju\u017c w d\u0142ugi weekend majowy. Trzeba si\u0119 w\u00f3wczas liczy\u0107 z zimniejszymi dniami i nocami oraz mniej pewn\u0105 pogod\u0105. Bardzo dobry jest tak\u017ce czerwiec. Je\u015bli nie masz odpowiedniego do\u015bwiadczenia nie wychod\u017a na to przej\u015bcie wczesn\u0105 wiosn\u0105 lub p\u00f3\u017ana jesieni\u0105. Kwiecie\u0144 potrafi jeszcze zaskoczy\u0107 \u015bniegiem i mrozem, za\u015b listopad \u2013 d\u0142ugotrwa\u0142ymi opadami.<\/span><\/p>\n\n\n\n<p class=\"wp-block-paragraph\"><span style=\"font-weight: 400;\">Zimowe przej\u015bcie GSB to wariant dla do\u015bwiadczonych i wytrawnych w\u0119drowc\u00f3w. W ci\u0105gu ostatnich lat tras\u0119 t\u0119 przesz\u0142o zaledwie kilka os\u00f3b, w tym zaledwie jedna kobieta. Je\u015bli chcesz to zrobi\u0107 \u2013 zak\u0142adam, \u017ce ten poradnik jest Ci raczej niepotrzebny \ud83d\ude42<\/span><\/p>\n\n\n\n<figure class=\"wp-block-image alignnone Przej\u015bcie GSB wp-image-19832 size-full\"><img decoding=\"async\" width=\"1000\" height=\"650\" src=\"https:\/\/8a.pl\/8academy\/wp-content\/uploads\/2018\/04\/gsb6.jpg\" alt=\"G\u0142\u00f3wny Szlak Beskidzki oznaczenia - witaj na szlaku\" class=\"wp-image-19832\" srcset=\"https:\/\/8a.pl\/8academy\/wp-content\/uploads\/2018\/04\/gsb6.jpg 1000w, https:\/\/8a.pl\/8academy\/wp-content\/uploads\/2018\/04\/gsb6-300x195.jpg 300w, https:\/\/8a.pl\/8academy\/wp-content\/uploads\/2018\/04\/gsb6-768x499.jpg 768w\" sizes=\"(max-width: 1000px) 100vw, 1000px\" \/><figcaption class=\"wp-element-caption\">I wszystko jasne \ud83d\ude09 (fot. autor)<\/figcaption><\/figure>\n\n\n\n<h2 class=\"wp-block-heading\" id=\"h-jak-przejsc-glowny-szlak-beskidzki-przygotowania\">Jak przej\u015b\u0107 G\u0142\u00f3wny Szlak Beskidzki &#8211; przygotowania<\/h2>\n\n\n\n<p class=\"wp-block-paragraph\"><span style=\"font-weight: 400;\">Id\u0105c na GSB wychodzisz na najd\u0142u\u017cszy polski szlak g\u00f3rski. Je\u015bli planujesz jego przej\u015bcie b\u0119dzie prawdopodobnie Twoim najwi\u0119kszym dotychczasowym dystansem. Warto wej\u015b\u0107 na niego po tym, jak swoje umiej\u0119tno\u015bci prze\u0107wiczysz na innych, kr\u00f3tszych szlakach. Gdy startujesz na ten szlak nie mog\u0105 Ci by\u0107 obce kwestie w\u0142a\u015bciwego <strong>dobierania sprz\u0119tu i pakowania plecaka<\/strong>.&nbsp;Musisz zna\u0107 zasady biwakowania w g\u00f3rach, przyrz\u0105dzania posi\u0142k\u00f3w w terenie, by\u0107 pewnym\/pewn\u0105 swojego wyposa\u017cenia. Tak\u017ce Tw\u00f3j sprz\u0119t powinien by\u0107 wypr\u00f3bowany na wcze\u015bniejszych, kr\u00f3tszych wypadach. Cho\u0107 ca\u0142o\u015b\u0107 GSB jest oznakowana, mapa i kompas nie mog\u0105 by\u0107 Ci obce. Wszystkie te umiej\u0119tno\u015bci warto \u0107wiczy\u0107 wcze\u015bniej. Jak? Cho\u0107by na wspomnianych szlakach <a href=\"https:\/\/8a.pl\/8academy\/sredniodystansowe-szlaki-piesze-polsce\" target=\"_blank\" rel=\"noopener noreferrer\">\u201e\u015bredniodystansowych\u201d<\/a> podczas d\u0142ugiego weekendu.<\/span><\/p>\n\n\n\n<p class=\"wp-block-paragraph\"><\/p>\n\n\n\n<figure class=\"wp-block-image\"><a href=\"https:\/\/8a.pl\/buty-trekkingowe\"><img decoding=\"async\" src=\"https:\/\/8a.pl\/8academy\/wp-content\/uploads\/2024\/04\/buty-trekkingowe-8a-banner.jpg\" alt=\"buty trekkingowe - sklep\"\/><\/a><\/figure>\n\n\n\n<h2 class=\"wp-block-heading\" id=\"h-nawigacja\">Nawigacja<\/h2>\n\n\n\n<p class=\"wp-block-paragraph\"><span style=\"font-weight: 400;\">W dobie odbiornik\u00f3w GPS niekt\u00f3re osoby polegaj\u0105 na elektronice, kt\u00f3ra prowadzi ich do celu. Zanim si\u0119gniesz po nowe urz\u0105dzenie we\u017a pod uwag\u0119, \u017ce znaczna cz\u0119\u015b\u0107 GSB jest dobrze oznaczona, a ka\u017cde pasmo g\u00f3rskie na Twojej drodze opisane szczeg\u00f3\u0142owymi mapami. Moim zdaniem znacznie wi\u0119cej satysfakcji daje przej\u015bcie go z u\u017cyciem kompasu i zmys\u0142u orientacji, ni\u017c zdawanie si\u0119 na <a href=\"https:\/\/8a.pl\/8academy\/nawigacja-turystyczna-uzywac-czy-nie-uzywac-2\/\" target=\"_blank\" rel=\"noopener noreferrer\">GPS<\/a>.<\/span><\/p>\n\n\n\n<figure class=\"wp-block-image alignnone Kiedy i\u015b\u0107 na G\u0142\u00f3wny Szlak Beskidzki wp-image-19839 size-full\"><img decoding=\"async\" width=\"1000\" height=\"650\" src=\"http:\/\/8a.pl\/8academy\/wp-content\/uploads\/2018\/04\/P9040141.jpg\" alt=\"Nawigacja na G\u0142\u00f3wnym Szlaku Beskidzkim\" class=\"wp-image-19839\" srcset=\"https:\/\/8a.pl\/8academy\/wp-content\/uploads\/2018\/04\/P9040141.jpg 1000w, https:\/\/8a.pl\/8academy\/wp-content\/uploads\/2018\/04\/P9040141-300x195.jpg 300w, https:\/\/8a.pl\/8academy\/wp-content\/uploads\/2018\/04\/P9040141-768x499.jpg 768w\" sizes=\"(max-width: 1000px) 100vw, 1000px\" \/><figcaption class=\"wp-element-caption\">Na znacznej d\u0142ugo\u015bci GSB jest bardzo dobrze oznakowany. Wyj\u0105tek stanowi Beskid Niski i fragmenty w Beskidzie Makowskim i \u017bywieckim (fot. autor)<\/figcaption><\/figure>\n\n\n\n<p class=\"wp-block-paragraph\"><span style=\"font-weight: 400;\">Ca\u0142y szlak zawarty jest na kilku arkuszach map turystycznych, w skalach 1:50 000. Pozwalaj\u0105 one nie tylko na wygodn\u0105 w\u0119dr\u00f3wk\u0119, ale w razie potrzeby tak\u017ce odszukanie interesuj\u0105cych Ci\u0119 punkt\u00f3w poza szlakiem \u2013 np. schronisk, miast czy dr\u00f3g. Je\u015bli nie chcesz d\u017awiga\u0107 kilku du\u017cych arkuszy, zast\u0105p je niewielkim przewodnikiem, kt\u00f3ry zawiera szczeg\u00f3\u0142owe opisy ka\u017cdego dnia w\u0119dr\u00f3wki wraz z mapkami. Taki zestaw (w postaci ksi\u0105\u017ceczki lub osobnych arkuszy) przyda si\u0119 nie tylko w terenie, ale pomo\u017ce Ci zaplanowa\u0107 Twoj\u0105 w\u0119dr\u00f3wk\u0119 sporo wcze\u015bniej.<\/span><\/p>\n\n\n\n<p class=\"wp-block-paragraph\"><span style=\"font-weight: 400;\">Z drugiej strony nie warto zbyt ufnie podchodzi\u0107 do oznakowania szlaku. S\u0105 na nim fragmenty, gdzie farby na drzewach posk\u0105piono lub zatar\u0142 j\u0105 czas. Tak jest w niekt\u00f3rych miejscach Beskidu Niskiego oraz w okolicach Jordanowa, w kierunku na Pasmo Policy. Tam mapa i kompas staj\u0105 si\u0119 niezb\u0119dne, by utrzyma\u0107 orientacj\u0119 w terenie.<\/span><\/p>\n\n\n\n<h2 class=\"wp-block-heading\" id=\"h-jak-wyglada-wedrowka\">Jak wygl\u0105da w\u0119dr\u00f3wka?<\/h2>\n\n\n\n<p class=\"wp-block-paragraph\"><span style=\"font-weight: 400;\">G\u0142\u00f3wny Szlak Beskidzki mo\u017cesz zacz\u0105\u0107 z dowolnego kra\u0144ca. Kierunek nie ma znaczenia dla trudno\u015bci. Z moich obserwacji wynika, \u017ce liczba os\u00f3b id\u0105cych z Ustronia i z Wo\u0142osatego jest bardzo zbli\u017cona. Moje przej\u015bcie zacz\u0105\u0142em na wschodzie, co wynika chyba z sentymentu do Bieszczad\u00f3w i Beskidu Niskiego, ale praktycznie \u2013 nie ma \u017cadnego znaczenia.<\/span><\/p>\n\n\n\n<h3 class=\"wp-block-heading\" id=\"h-bieszczady\">Bieszczady<\/h3>\n\n\n\n<p class=\"wp-block-paragraph\"><span style=\"font-weight: 400;\">Pocz\u0105tek mo\u017ce by\u0107 wymagaj\u0105cy i pierwsze pasmo warto pokonywa\u0107 powoli. Bieszczady witaj\u0105 nas bowiem swoimi najwy\u017cszymi partiami, a GSB prowadzi przez masywy Halicza i <a href=\"https:\/\/8a.pl\/8academy\/korona-gor-polski-tarnica\/\" target=\"_blank\" rel=\"noopener noreferrer\">Tarnicy<\/a> oraz po\u0142oniny: Cary\u0144sk\u0105 i Wetli\u0144sk\u0105. Ten odcinek warto roz\u0142o\u017cy\u0107 nawet na dwa dni, delektuj\u0105c si\u0119 panoramami. Po pierwszym dniu mo\u017cliwe jest zej\u015bcie do Ustrzyk G\u00f3rnych i nocleg, po kt\u00f3rym wypocz\u0119ci wystartujemy na grzbiety po\u0142onin. Po kr\u00f3tkim odpoczynku przy Chatce Puchatka warto zej\u015b\u0107 do Kalnicy i tam zanocowa\u0107. Nazajutrz, przez masyw Okr\u0105glika i Fereczatej dotrzemy do Cisnej.<\/span><\/p>\n\n\n\n<p class=\"wp-block-paragraph\"><span style=\"font-weight: 400;\">Za Cisn\u0105 g\u00f3ry staj\u0105 si\u0119 ni\u017csze, a podej\u015bcia \u0142agodniejsze. Ostatni dzie\u0144 w Bieszczadach to marsz przez wspania\u0142\u0105 karpack\u0105 puszcz\u0119, wizyta nad Jeziorkami Duszaty\u0144skimi oraz zako\u0144czenie w Koma\u0144czy. Tam wchodzimy w kolejnych i najwi\u0119kszy masyw, Beskid Niski.<\/span><\/p>\n\n\n\n<figure class=\"wp-block-image alignnone GSB w Bieszczadach wp-image-19840 size-full\"><img loading=\"lazy\" decoding=\"async\" width=\"1000\" height=\"650\" src=\"https:\/\/8a.pl\/8academy\/wp-content\/uploads\/2018\/04\/P9040170.jpg\" alt=\"G\u0142\u00f3wny Szlak Beskidzki w Bieszczadach - Bieszczadzkie po\u0142oniny\" class=\"wp-image-19840\" srcset=\"https:\/\/8a.pl\/8academy\/wp-content\/uploads\/2018\/04\/P9040170.jpg 1000w, https:\/\/8a.pl\/8academy\/wp-content\/uploads\/2018\/04\/P9040170-300x195.jpg 300w, https:\/\/8a.pl\/8academy\/wp-content\/uploads\/2018\/04\/P9040170-768x499.jpg 768w\" sizes=\"(max-width: 1000px) 100vw, 1000px\" \/><figcaption class=\"wp-element-caption\">Bieszczadzkie po\u0142oniny &#8211; klasyk polskich g\u00f3r (fot. autor)<\/figcaption><\/figure>\n\n\n\n<h3 class=\"wp-block-heading\" id=\"h-beskid-niski\">Beskid Niski<\/h3>\n\n\n\n<p class=\"wp-block-paragraph\"><span style=\"font-weight: 400;\">Bardziej rozleg\u0142y, ale nie obfituj\u0105cy w strome podej\u015bcia jest tym miejscem, w kt\u00f3rym mo\u017cemy nieznacznie przy\u015bpieszy\u0107 kroku lub wyd\u0142u\u017cy\u0107 dzie\u0144 marszu. Je\u015bli pierwsze dni pokaza\u0142y, \u017ce nasza forma jest bez zarzutu, mo\u017cna pokusi\u0107 si\u0119 o przechodzenie od tej pory 3-5 km\/dzie\u0144 wi\u0119cej. Warto jednak zachowa\u0107 rozwag\u0119 i nie zamienia\u0107 marszu w wy\u015bcig. Utrzymuj swoje naturalne tempo i odpoczywaj, gdy tego potrzebujesz \u2013 to najprostsza recepta na sukces.<\/span><\/p>\n\n\n\n<p class=\"wp-block-paragraph\"><span style=\"font-weight: 400;\">Przez Beskid Niski w\u0119druje si\u0119 zazwyczaj 5-6 dni. Cz\u0119sto w\u015br\u00f3d las\u00f3w, czasem tak\u017ce przez \u0142\u0105ki, po \u015bladach nieistniej\u0105cych wsi, w\u015br\u00f3d zaro\u015bni\u0119tych sad\u00f3w i starych trakt\u00f3w. Wschodnia cz\u0119\u015b\u0107 tych g\u00f3r to mozaika, w trakcie kt\u00f3rej po raz pierwszy zawitasz do miast (tu: Iwonicza i Rymanowa). Za nimi czeka kr\u00f3tki odcinek prowadz\u0105cy na wysoki szczyt Cergowej (716 m), a dalej \u015bcie\u017cka przez wybitne wierzcho\u0142ki Hyrowej i Magury W\u0105tkowskiej. Fragment mi\u0119dzy Iwoniczem a Bartnem jest niemal pozbawiony miejscowo\u015bci, warto zabra\u0107 na niego 2-dniowy zapas jedzenia. Konieczne jest te\u017c wcze\u015bniejsze zaplanowanie noclegu tak, by nie wypad\u0142 on na terenie Magurskiego Parku Narodowego.<\/span><\/p>\n\n\n\n<p class=\"wp-block-paragraph\"><span style=\"font-weight: 400;\">Za Bartnem cywilizacja pojawia si\u0119 ponownie, cho\u0107 tylko chwilami. Szlak przecina Wo\u0142owiec, Zdyni\u0119, Regiet\u00f3w, a nastepnie wymagaj\u0105cy masyw Koziego \u017bebra, a za nim, ju\u017c \u0142agodniej, wije si\u0119 na zach\u00f3d. Po dotarciu do Mochnaczki jedynie kr\u00f3tki odcinek dzieli nas od Krynicy-Zdr\u00f3j.<\/span><\/p>\n\n\n\n<h3 class=\"wp-block-heading\" id=\"h-beskid-sadecki\">Beskid S\u0105decki<\/h3>\n\n\n\n<p class=\"wp-block-paragraph\"><span style=\"font-weight: 400;\">Za Krynic\u0105 ko\u0144czy si\u0119 Beskid Niski, a zaczyna S\u0105decki. To miejsce prze\u0142omowe, z dw\u00f3ch powod\u00f3w. Pierwszy: zaledwie kilkana\u015bcie kilometr\u00f3w dalej znajduje si\u0119 schronisko na \u0141abowskiej Hali, wyznaczaj\u0105ce niemal dok\u0142adnie po\u0142ow\u0119 G\u0142\u00f3wnego Szlaku Beskidzkiego. I drugi: za Krynic\u0105 wchodzisz w g\u00f3ry bardziej zagospodarowane, gdzie szlak staje si\u0119 \u0142atwiejszy orientacyjnie (ale nie \u0142atwiejszy w og\u00f3le!). Krynica jest dobrym punktem, aby odpocz\u0105\u0107 i zregenerowa\u0107 si\u0142y, nadrobi\u0107 stracone kalorie i za\u017cy\u0107 wygody kt\u00f3rego\u015b z pensjonat\u00f3w. A je\u015bli klimat uzdrowiska Ci\u0119 mierzi, pokonaj jeszcze 4-5 godzin i zanocuj na Hali \u0141abowskiej. To klimatyczne i go\u015bcinne schronisko, a jego symboliczne po\u0142o\u017cenie b\u0119dzie nie mniej dobr\u0105 okazj\u0105 do \u015bwi\u0119towania przy schroniskowym stole, gdzie nad g\u0142owami go\u015bci prezentuje si\u0119 dumnie schemat czerwonego szlaku.<\/span><\/p>\n\n\n\n<figure class=\"wp-block-image alignnone czerwony szlak w Gorcach wp-image-19837 size-full\"><img loading=\"lazy\" decoding=\"async\" width=\"1000\" height=\"650\" src=\"http:\/\/8a.pl\/8academy\/wp-content\/uploads\/2018\/04\/gsb22.jpg\" alt=\"G\u0142\u00f3wny Szlak Beskidzki w Gorcach\" class=\"wp-image-19837\" srcset=\"https:\/\/8a.pl\/8academy\/wp-content\/uploads\/2018\/04\/gsb22.jpg 1000w, https:\/\/8a.pl\/8academy\/wp-content\/uploads\/2018\/04\/gsb22-300x195.jpg 300w, https:\/\/8a.pl\/8academy\/wp-content\/uploads\/2018\/04\/gsb22-768x499.jpg 768w\" sizes=\"(max-width: 1000px) 100vw, 1000px\" \/><figcaption class=\"wp-element-caption\">W Gorcach i Beskidzie S\u0105deckim mo\u017cemy liczy\u0107 na tatrza\u0144skie panoramy. Oczywi\u015bcie je\u015bli pogoda dopisze (fot. autor)<\/figcaption><\/figure>\n\n\n\n<p class=\"wp-block-paragraph\"><span style=\"font-weight: 400;\">Drug\u0105 po\u0142ow\u0119 Beskidu S\u0105deckiego stanowi pasmo <a href=\"https:\/\/8a.pl\/8academy\/korona-gor-polski-radziejowa\/\" target=\"_blank\" rel=\"noopener noreferrer\">Radziejowej<\/a>, kt\u00f3r\u0105 wspominam jako wyzwanie. Czerwony szlak zatacza tu szeroki kr\u0105g nad dolin\u0105 Popradu, wspinaj\u0105c si\u0119 nieustannie na szczyt Niemcowej, by nast\u0119pnie odbi\u0107 ku p\u00f3\u0142nocy, ku g\u0142\u00f3wnemu szczytowi. Kilka godzin pokonuje si\u0119 tu w otwartym terenie, bez \u017ar\u00f3de\u0142 wody, a wschodnia wystawa grzbietu wzmaga tylko operacj\u0119 s\u0142oneczn\u0105. Ulg\u0119 przynosi dopiero wej\u015bcie w las i dotarcie na szczyt Radziejowej, pod wie\u017c\u0119 widokow\u0105. Nieco dalej napotkasz schronisko na Przehybie, dobre miejsce na odpoczynek po trudnym podej\u015bciu. Za nim za\u015b rozpoczyna si\u0119 d\u0142ugie i, moim zdaniem, nu\u017c\u0105ce zej\u015bcie do Kro\u015bcienka nad Dunajcem. 4 godziny marszu grzbietem na tym odcinku zawsze d\u0142u\u017c\u0105 mi si\u0119 w niesko\u0144czono\u015b\u0107.<\/span><\/p>\n\n\n\n<h3 class=\"wp-block-heading\" id=\"h-gorce\">Gorce<\/h3>\n\n\n\n<p class=\"wp-block-paragraph\"><span style=\"font-weight: 400;\">Kro\u015bcienko to brama w kolejny masyw. I cho\u0107 start w te g\u00f3ry zaczyna si\u0119 d\u0142ugim podej\u015bciem na Luba\u0144 (1211 m), kilkugodzinny marsz grzbietem Gorc\u00f3w wynagradza ten trud. Na samym szczycie czekaj\u0105 dwie atrakcje. To wie\u017ca widokowa, z genialn\u0105 panoram\u0105 360\u00b0 naoko\u0142o oraz baza namiotowa z najlepszymi nale\u015bnikami w tej cz\u0119\u015bci \u015bwiata. Na szlaku w wielu miejscach rozci\u0105gaj\u0105 si\u0119 widoki na okoliczne pasma, Beskid Wyspowy na p\u00f3\u0142nocy oraz Podhale, Spisz i Tatry na po\u0142udniu. Z Lubania potrzebujesz jednego dnia, by znale\u017a\u0107 si\u0119 na <a href=\"https:\/\/8a.pl\/8academy\/korona-gor-polski-turbacz\/\" target=\"_blank\" rel=\"noopener noreferrer\">Turbaczu<\/a> (1310 m) sk\u0105d \u015bcie\u017cka prowadzi w d\u00f3\u0142, do Rabki. Po drodze ze szczytu mijasz 2 schroniska: schronisko na Starych Wierchach i bac\u00f3wk\u0119 na Maciejowej.<\/span><\/p>\n\n\n\n<h3 class=\"wp-block-heading\" id=\"h-beskid-zywiecki-i-makowski\">Beskid \u017bywiecki i Makowski<\/h3>\n\n\n\n<p class=\"wp-block-paragraph\"><span style=\"font-weight: 400;\">Odcinek za Rabk\u0105 pami\u0119tam jako trudny i ma\u0142o przyjemny. Pokonuj\u0105c go wieczorem przeszed\u0142em ruchliw\u0105 \u201eZakopiank\u0119\u201d, by zej\u015b\u0107 do Jordanowa i w ciemno\u015bciach przekracza\u0107 Skaw\u0119. Dwukrotne pogubienie si\u0119 tam odebra\u0142o mi sporo si\u0142, jednak w\u0119druj\u0105c tam za dnia nie b\u0119dziesz mie\u0107 takich problem\u00f3w \u2013 szlak pozostaje zazwyczaj czytelny, a w razie w\u0105tpliwo\u015bci mo\u017cesz wspom\u00f3c si\u0119 map\u0105. Za dolin\u0105 Skawy zaczyna si\u0119 masyw Policy. Tu jako miejsce odpoczynku lub noclegu polecam schronisko na Hali Krupowej. Za nim czeka Ci\u0119 kr\u00f3tkie podej\u015bcie na szczyt Policy, sk\u0105d \u015bcie\u017cka sprowadza na Prze\u0142\u0119cz Krowiarki.<\/span><\/p>\n\n\n\n<p class=\"wp-block-paragraph\"><span style=\"font-weight: 400;\">Z tego miejsca zaczyna si\u0119 jedno z najd\u0142u\u017cszych, ale najbardziej satysfakcjonuj\u0105cych podej\u015b\u0107 GSB. Na jego ko\u0144cu czeka wierzcho\u0142ek Kr\u00f3lowej Beskid\u00f3w, <a href=\"https:\/\/8a.pl\/8academy\/korona-gor-polski-babia-gora\/\" target=\"_blank\" rel=\"noopener noreferrer\">Babiej G\u00f3ry<\/a> (1725 m). To najwy\u017cszy punkt na Twojej drodze czerwonym szlakiem. Warto zatrzyma\u0107 si\u0119 i delektowa\u0107 widokami. Warto te\u017c pami\u0119ta\u0107, \u017ce nie bez kozery Babia uwa\u017cana jest za szczyt \u015bci\u0105gaj\u0105cy niepogod\u0119, dlatego przed wej\u015bciem na ni\u0105 koniecznie sprawd\u017a prognozy.<\/span><\/p>\n\n\n\n<p class=\"wp-block-paragraph\"><span style=\"font-weight: 400;\">Za wielkim masywem Babiej szlak prowadzi granic\u0105 polsko-s\u0142owack\u0105, sprowadzaj\u0105c na prze\u0142\u0119cz Glinne, za kt\u00f3r\u0105 wspina si\u0119 na masyw Pilska, ku schronisku na Hali Miziowej. St\u0105d \u0142atwy, nieobfituj\u0105cy w podej\u015bcia szlak prowadzi ku Rysiance, sk\u0105d zaczyna si\u0119 d\u0142ugie zej\u015bcie do doliny So\u0142y. Opuszczaj\u0105c Pilsko rano, z \u0142atwo\u015bci\u0105 dotrzesz do W\u0119gierskiej G\u00f3rki, by nazajutrz wystartowa\u0107 w ostatni ju\u017c masyw, Beskid \u015al\u0105ski.<\/span><\/p>\n\n\n\n<figure class=\"wp-block-image alignnone szlak na Barani\u0105 G\u00f3r\u0119 wp-image-19834 size-full\"><img loading=\"lazy\" decoding=\"async\" width=\"1000\" height=\"650\" src=\"http:\/\/8a.pl\/8academy\/wp-content\/uploads\/2018\/04\/gsb8.jpg\" alt=\"Barania G\u00f3ra w Beskidzie \u015al\u0105skim\" class=\"wp-image-19834\" srcset=\"https:\/\/8a.pl\/8academy\/wp-content\/uploads\/2018\/04\/gsb8.jpg 1000w, https:\/\/8a.pl\/8academy\/wp-content\/uploads\/2018\/04\/gsb8-300x195.jpg 300w, https:\/\/8a.pl\/8academy\/wp-content\/uploads\/2018\/04\/gsb8-768x499.jpg 768w\" sizes=\"(max-width: 1000px) 100vw, 1000px\" \/><figcaption class=\"wp-element-caption\">Okolice Baraniej G\u00f3ry (fot. autor)<\/figcaption><\/figure>\n\n\n\n<h3 class=\"wp-block-heading\" id=\"h-beskid-slaski\">Beskid \u015al\u0105ski<\/h3>\n\n\n\n<p class=\"wp-block-paragraph\"><span style=\"font-weight: 400;\">D\u0142ugie, ale niezbyt trudne podej\u015bcie wyprowadza tu na Barani\u0105 G\u00f3r\u0119 \u2013 warto zboczy\u0107 nieco ze szlaku, by dotrze\u0107 do le\u017c\u0105cego w pobli\u017cu \u017ar\u00f3d\u0142a Wis\u0142y. Dalej na zach\u00f3d \u015bcie\u017cka wymija kilka przysi\u00f3\u0142k\u00f3w, by przeci\u0105\u0107 szos\u0119 Wis\u0142a \u2013 Istebna na prze\u0142\u0119czy Kubalonka. Ta okolica powinna by\u0107 miejscem Twojego ostatniego noclegu, z kt\u00f3rego rano wyruszysz w kierunku masywu Sto\u017cka. Po dotarciu do granicy z Czechami czeka Ci\u0119 10-kilometrowy marsz grzbietem w stron\u0119 Czantorii Wielkiej, sk\u0105d strome zej\u015bcie prowadzi na przedmie\u015bcia Ustronia. Wydaje si\u0119, \u017ce to ju\u017c koniec drogi \u2013 ale jednak nie. Tu GSB drwi sobie z Twojego zm\u0119czenia, wspinaj\u0105c si\u0119 jeszcze 400 metr\u00f3w na szczyt R\u00f3wnicy, by dopiero stamt\u0105d le\u015bn\u0105 \u015bcie\u017ck\u0105, sprowadzi\u0107 do centrum Ustronia. Tam, przy stacji kolejowej, na niewielkim parkingu, znajdziesz niepozorn\u0105 tabliczk\u0119 z czerwon\u0105 kropk\u0105. To pocz\u0105tek\/koniec najd\u0142u\u017cszego szlaku polskich g\u00f3r. Gratulacje! Jeste\u015b na miejscu. Tw\u00f3j G\u0142\u00f3wny szlak Beskidzki zako\u0144czony.<\/span><\/p>\n\n\n\n<figure class=\"wp-block-image alignnone Przej\u015bcie G\u0142\u00f3wnego Szlaku Beskidzkiego wp-image-19835 size-full\"><img loading=\"lazy\" decoding=\"async\" width=\"1000\" height=\"650\" src=\"http:\/\/8a.pl\/8academy\/wp-content\/uploads\/2018\/04\/gsb9.jpg\" alt=\"Koniec G\u0142\u00f3wnego Szlaku Beskidzkiego\" class=\"wp-image-19835\" srcset=\"https:\/\/8a.pl\/8academy\/wp-content\/uploads\/2018\/04\/gsb9.jpg 1000w, https:\/\/8a.pl\/8academy\/wp-content\/uploads\/2018\/04\/gsb9-300x195.jpg 300w, https:\/\/8a.pl\/8academy\/wp-content\/uploads\/2018\/04\/gsb9-768x499.jpg 768w\" sizes=\"(max-width: 1000px) 100vw, 1000px\" \/><figcaption class=\"wp-element-caption\">To ju\u017c prawie koniec&#8230; (fot. autor)<\/figcaption><\/figure>\n\n\n\n<h2 class=\"wp-block-heading\" id=\"h-czy-musze-byc-silny-silna\">\u201eCzy musz\u0119 by\u0107 silny\/silna?\u201d<\/h2>\n\n\n\n<p class=\"wp-block-paragraph\"><span style=\"font-weight: 400;\">GSB, z racji przebiegu, nie wymaga umiej\u0119tno\u015bci technicznych, jakich niekiedy wymagaj\u0105 od nas Tatry. Statystyka pokazuje jednak, \u017ce tak\u017ce szlak przez Beskidy mo\u017ce by\u0107 wymagaj\u0105cy: suma podej\u015b\u0107 na ca\u0142ej trasie to ponad 21 kilometr\u00f3w, co daje przeci\u0119tnie 1000 metr\u00f3w wej\u015b\u0107 i zej\u015b\u0107. Same podej\u015bcia bywaj\u0105 strome. Setki metr\u00f3w wdrapywania si\u0119 na Kozie \u017bebro w Beskidzie Niskim lub Luba\u0144 w Gorcach potrafi \u201ewy\u017c\u0105\u0107\u201d w\u0119drowca z si\u0142. Ka\u017cdemu, kto boi si\u0119, \u017ce nie podo\u0142a, m\u00f3wi\u0119 jednak: nie potrzebujesz \u017cadnych nadludzkich mo\u017cliwo\u015bci. Hej! W\u0119drowanie jest naturaln\u0105 rzecz\u0105, kt\u00f3r\u0105 nasi przodkowie robili przez tysi\u0105clecia! A skoro tak, tak\u017ce marsz przez g\u00f3ry nie zniszczy Ci\u0119, je\u015bli podejdziesz do niego rozs\u0105dnie. Jest to przygoda dla ka\u017cdego zdrowego i wzgl\u0119dnie sprawnego cz\u0142owieka.<\/span><\/p>\n\n\n\n<figure class=\"wp-block-image alignnone Co to jest G\u0142\u00f3wny Szlak Beskidzki wp-image-19830 size-full\"><img loading=\"lazy\" decoding=\"async\" width=\"1000\" height=\"650\" src=\"http:\/\/8a.pl\/8academy\/wp-content\/uploads\/2018\/04\/gsb4.jpg\" alt=\"Noclegi na G\u0142\u00f3wnym Szlaku Beskidzkim\" class=\"wp-image-19830\" srcset=\"https:\/\/8a.pl\/8academy\/wp-content\/uploads\/2018\/04\/gsb4.jpg 1000w, https:\/\/8a.pl\/8academy\/wp-content\/uploads\/2018\/04\/gsb4-300x195.jpg 300w, https:\/\/8a.pl\/8academy\/wp-content\/uploads\/2018\/04\/gsb4-768x499.jpg 768w\" sizes=\"(max-width: 1000px) 100vw, 1000px\" \/><figcaption class=\"wp-element-caption\">Jak przej\u015b\u0107 G\u0142\u00f3wny Szlak Beskidzki? Na lekko te\u017c&nbsp;mo\u017cna! (fot. autor)<\/figcaption><\/figure>\n\n\n\n<p class=\"wp-block-paragraph\"><b>Kilka porad mo\u017ce u\u0142atwi\u0107 w\u0119dr\u00f3wk\u0119:<\/b><\/p>\n\n\n\n<ul class=\"wp-block-list\">\n<li><span style=\"font-weight: 400;\">Przede wszystkim daj sobie do\u015b\u0107 czasu. Aktualny rekord czasowy GSB wynosi poni\u017cej 110 godzin, ale nie musisz wykr\u0119ca\u0107 rekord\u00f3w czasowych. Daj sobie 3 tygodnie na t\u0119 w\u0119dr\u00f3wk\u0119, a b\u0119dzie ona spokojna i przyjemna.<\/span><\/li>\n\n\n\n<li>Przed wyj\u015bciem na 500-kilometrowy szlak warto przygotowa\u0107 organizm. Lekki trening biegowy przyzwyczai Ci\u0119 do d\u0142ugotrwa\u0142ego wysi\u0142ku, a \u0107wiczenia (przysiady, wykroki, rower) wzmocni\u0105 mi\u0119\u015bnie i zapobiegn\u0105 kontuzjom.<\/li>\n\n\n\n<li>Przez pierwszych kilka dni id\u017a wolniej i odpoczywaj cz\u0119\u015bciej. Przyzwyczajaj organizm do wysi\u0142ku, by po pewnym czasie zwi\u0119kszy\u0107 dzienne odleg\u0142o\u015bci i tempo.<\/li>\n\n\n\n<li>U\u017cywaj <a href=\"https:\/\/8a.pl\/kije-trekkingowe\" target=\"_blank\" rel=\"noopener noreferrer\">kijk\u00f3w teleskopowych<\/a>. Wydatnie odci\u0105\u017caj\u0105 kolana i pomagaj\u0105 utrzyma\u0107 tempo.<\/li>\n\n\n\n<li>Po szczeg\u00f3lnie m\u0119cz\u0105cych odcinkach planuj dni pe\u0142nego odpoczynku, kt\u00f3re sp\u0119dzisz w miastach\/schroniskach. 1-2 takie dni powinny wystarczy\u0107, a by\u0107 mo\u017ce nie b\u0119dziesz potrzebowa\u0107 ich w og\u00f3le.<\/li>\n\n\n\n<li><b><span style=\"font-weight: 400;\">W\u0119druj mo\u017cliwie na lekko. Jak sam si\u0119 przekona\u0142em, mo\u017cna spakowa\u0107 si\u0119 na GSB w ma\u0142y, 30-litrowy plecak, zawieraj\u0105cy 7-9 kg baga\u017cu i to razem z woda i jedzeniem. Ma\u0142y <a href=\"https:\/\/8a.pl\/plecaki-trekkingowe\" target=\"_blank\" rel=\"noopener noreferrer\">plecak trekkingowy<\/a> to mniejsze obci\u0105\u017cenie staw\u00f3w i mniejsze ryzyko kontuzji.<\/span><\/b><\/li>\n<\/ul>\n\n\n\n<p class=\"wp-block-paragraph\"><\/p>\n\n\n\n<figure class=\"wp-block-image\"><a href=\"https:\/\/8a.pl\/plecaki-turystyczne\"><img decoding=\"async\" src=\"https:\/\/8a.pl\/8academy\/wp-content\/uploads\/2024\/03\/plecaki-turustyczne-8a-baner.jpg\" alt=\"Plecaki turystyczne - sklep\"\/><\/a><\/figure>\n\n\n\n<h2 class=\"wp-block-heading\" id=\"h-noclegi\">Noclegi<\/h2>\n\n\n\n<p class=\"wp-block-paragraph\"><span style=\"font-weight: 400;\">Na moje przej\u015bcie GSB zabra\u0142em jedynie \u015bpiw\u00f3r. \u017badnego namiotu, tarpu, nawet p\u0142achty biwakowej. Id\u0105c na lekko zak\u0142ada\u0142em, \u017ce ka\u017cdego dnia dotr\u0119 do miejsca, w kt\u00f3rym znajd\u0119 os\u0142on\u0119 przed niepogod\u0105. Ta metoda sprawdzi\u0142a si\u0119, cho\u0107 polecam j\u0105 tylko do\u015bwiadczonym w\u0119drowcom, maj\u0105cym ju\u017c na starcie rozpoznane miejsca na noc i znaj\u0105cym przebieg szlaku. Je\u015bli nie chcesz schodzi\u0107 z wag\u0105 baga\u017cu tak jak ja, masz do wyboru 2 sposoby.<\/span><\/p>\n\n\n\n<h3 class=\"wp-block-heading\" id=\"h-noclegi-pod-dachem\"><b>Noclegi pod dachem<\/b><\/h3>\n\n\n\n<p class=\"wp-block-paragraph\"><span style=\"font-weight: 400;\">Sie\u0107 schronisk wzd\u0142u\u017c G\u0142\u00f3wnego Szlaku Beskidzkiego jest do\u015b\u0107 g\u0119sta, by m\u00f3c sp\u0119dzi\u0107 noc w jednej z bac\u00f3wek lub prywatnych pensjonat\u00f3w. Nawet je\u015bli nie wszystkie znajdziesz dok\u0142adnie na szlaku, zawsze mo\u017cesz skorzysta\u0107 z takiej, kt\u00f3r\u0105 zlokalizowano w jego pobli\u017cu. Przyk\u0142ady? Schronisko Kremenaros, bac\u00f3wka pod Honem, chata w Przyby\u0142owie, bac\u00f3wka w Bartnem, Hala \u0141abowska, Przehyba, Turbacz, Markowe Szczawiny, Hala Miziowa, Rysianka&#8230; i sporo innych. Je\u015bli doda\u0107 do nich kwatery prywatne i kilka schronisk po\u0142o\u017conych na uboczu (chatki w Zyndranowej lub Pietraszonce), otrzymasz komplet wystarczaj\u0105cy, by wzi\u0105\u0107 ze sob\u0105 lekki plecak bez sprz\u0119tu biwakowego. Taki wariant b\u0119dzie dro\u017cszy, ale ceny w polskich schroniskach nie wydrenuj\u0105 znacz\u0105co Twojej kieszeni.<\/span><\/p>\n\n\n\n<h3 class=\"wp-block-heading\" id=\"h-spanie-w-terenie\">Spanie w terenie<\/h3>\n\n\n\n<p class=\"wp-block-paragraph\"><b><span style=\"font-weight: 400;\">Nieznacznie wi\u0119kszy baga\u017c da mo\u017cliwo\u015b\u0107 zatrzymania si\u0119 niemal gdziekolwiek (poza obszarami chronionymi). Czy warto jednak bra\u0107 namiot? Tylko je\u015bli faktycznie tego chcesz lub bardzo potrzebujesz prywatno\u015bci i zamkni\u0119cia. Co do mnie, od 5 lat jestem entuzjast\u0105 lekkiego patentu, jakim jest <a href=\"https:\/\/8a.pl\/tarpy-turystyczne\" target=\"_blank\" rel=\"noopener noreferrer\">tarp<\/a>. To odpowiednio uszyty \u201edaszek\u201d z nylonu, przypominaj\u0105cy niepe\u0142ny tropik namiotowy. Rozpinany na kijkach teleskopowych, kt\u00f3re prawdopodobnie b\u0119dziesz mie\u0107 przy sobie, jest wystarczaj\u0105c\u0105 os\u0142on\u0105 podczas marszu GSB, wa\u017c\u0105c przy tym u\u0142amek tego, co namiot. Waga najl\u017cejszych (np. <a href=\"https:\/\/8a.pl\/tarp-rab-element-1-solo-olive\" target=\"_blank\" rel=\"noopener noreferrer\">Rab Element 1<\/a>) to mniej ni\u017c 300 gram\u00f3w!<\/span><\/b><\/p>\n\n\n\n<p class=\"wp-block-paragraph\"><\/p>\n\n\n\n<figure class=\"wp-block-image size-full\"><img decoding=\"async\" src=\"https:\/\/8a.pl\/8academy\/wp-content\/uploads\/2018\/05\/sprzet-turystyczny-8a-baner.jpg\" alt=\"sprz\u0119t turystyczny i kempingowy - sklep\" class=\"wp-image-68923\"\/><\/figure>\n\n\n\n<h2 class=\"wp-block-heading\" id=\"h-moj-wybor-sprzetu-na-glowny-szlak-beskidzki\">M\u00f3j wyb\u00f3r sprz\u0119tu na G\u0142\u00f3wny Szlak Beskidzki<\/h2>\n\n\n\n<p class=\"wp-block-paragraph\"><span style=\"font-weight: 400;\">O tym, jaki sprz\u0119t polecam na szlak d\u0142ugodystansowy, przeczytasz w drugiej cz\u0119\u015bci tego <a href=\"https:\/\/8a.pl\/8academy\/jak-spakowac-plecak\" target=\"_blank\" rel=\"noopener noreferrer\">artyku\u0142u<\/a><\/span><span style=\"font-weight: 400;\">&nbsp;i w <strong>poni\u017cszym filmie<\/strong>.&nbsp;Zawieraj\u0105 one <a href=\"https:\/\/8a.pl\/8academy\/co-spakowac-do-plecaka-turystycznego-na-rozne-wypady-w-gory\/\" target=\"_blank\" rel=\"noopener noreferrer\">list\u0119 sprz\u0119tu<\/a>, kt\u00f3ry w zupe\u0142no\u015bci wystarczy do przej\u015bcia GSB w oparciu o schroniska. Je\u015bli doda\u0107 do niego lekki tarp, b\u0119dzie to uniwersalny zestaw na przej\u015bcie 500 kilometr\u00f3w naszym najd\u0142u\u017cszym szlakiem g\u00f3rskim.<\/span><\/p>\n\n\n\n<div style=\"position: relative; height: 0; padding-bottom: 56.25%;\"><iframe style=\"position: absolute; width: 100%; height: 100%; left: 0;\" src=\"https:\/\/www.youtube.com\/embed\/CA5uICDU9U4\" width=\"854\" height=\"480\" frameborder=\"0\" allowfullscreen=\"allowfullscreen\"><\/iframe><\/div>\n","protected":false},"excerpt":{"rendered":"<p>500 kilometr\u00f3w, 10 pasm g\u00f3rskich i 2-3 tygodnie przygody. Najbardziej ambitnym s\u0142u\u017cy\u0107 b\u0119dzie jako wst\u0119p do jeszcze d\u0142u\u017cszych szlak\u00f3w za granic\u0105. Dla mi\u0142o\u015bnik\u00f3w polskich g\u00f3r to rodzaj \u015awi\u0119tego Graala. Jest najd\u0142u\u017cszym szlakiem wyznakowanym w Polskich g\u00f3rach. G\u0142\u00f3wny Szlak Beskidzki.<\/p>\n","protected":false},"author":15,"featured_media":19843,"comment_status":"open","ping_status":"open","sticky":false,"template":"","format":"standard","meta":{"_acf_changed":false,"_uf_show_specific_survey":0,"_uf_disable_surveys":false,"footnotes":""},"categories":[26070],"tags":[26104,26069,26085],"class_list":["post-19807","post","type-post","status-publish","format-standard","has-post-thumbnail","hentry","category-turystyka-trekking","tag-caloroczne","tag-poradnik","tag-trekking"],"acf":[],"yoast_head":"<!-- This site is optimized with the Yoast SEO Premium plugin v23.4 (Yoast SEO v25.5) - https:\/\/yoast.com\/wordpress\/plugins\/seo\/ -->\n<title>Jak przej\u015b\u0107 G\u0142\u00f3wny Szlak Beskidzki. Trasa, noclegi, sprz\u0119t... | 8academy<\/title>\n<meta name=\"description\" content=\"Cho\u0107 ani razu nie przekracza pu\u0142apu 2000 metr\u00f3w, jest celem ambitnym i wymagaj\u0105cym. I, jak si\u0119 okazuje, weryfikuje umiej\u0119tno\u015bci i si\u0142y wielu \u015bmia\u0142k\u00f3w. Jak przej\u015b\u0107 G\u0142\u00f3wny Szlak Beskidzki? O tym w poni\u017cszym artykule.\" \/>\n<meta name=\"robots\" content=\"index, follow, max-snippet:-1, max-image-preview:large, max-video-preview:-1\" \/>\n<link rel=\"canonical\" href=\"https:\/\/8a.pl\/8academy\/jak-przejsc-glowny-szlak-beskidzki\/\" \/>\n<meta property=\"og:locale\" content=\"pl_PL\" \/>\n<meta property=\"og:type\" content=\"article\" \/>\n<meta property=\"og:title\" content=\"Jak przej\u015b\u0107 G\u0142\u00f3wny Szlak Beskidzki. Trasa, noclegi, sprz\u0119t... | 8academy\" \/>\n<meta property=\"og:description\" content=\"Cho\u0107 ani razu nie przekracza pu\u0142apu 2000 metr\u00f3w, jest celem ambitnym i wymagaj\u0105cym. I, jak si\u0119 okazuje, weryfikuje umiej\u0119tno\u015bci i si\u0142y wielu \u015bmia\u0142k\u00f3w. Jak przej\u015b\u0107 G\u0142\u00f3wny Szlak Beskidzki? O tym w poni\u017cszym artykule.\" \/>\n<meta property=\"og:url\" content=\"https:\/\/8a.pl\/8academy\/jak-przejsc-glowny-szlak-beskidzki\/\" \/>\n<meta property=\"og:site_name\" content=\"8academy.pl - portal g\u00f3rski i wspinaczkowy dla aktywnych\" \/>\n<meta property=\"article:publisher\" content=\"https:\/\/pl-pl.facebook.com\/sklep8apl\/\" \/>\n<meta property=\"article:published_time\" content=\"2018-05-02T06:00:22+00:00\" \/>\n<meta property=\"article:modified_time\" content=\"2024-05-19T19:39:52+00:00\" \/>\n<meta property=\"og:image\" content=\"https:\/\/8a.pl\/8academy\/wp-content\/uploads\/2018\/05\/cover-1-fb.jpg\" \/>\n\t<meta property=\"og:image:width\" content=\"1200\" \/>\n\t<meta property=\"og:image:height\" content=\"628\" \/>\n\t<meta property=\"og:image:type\" content=\"image\/jpeg\" \/>\n<meta name=\"author\" content=\"\u0141ukasz Supergan\" \/>\n<meta name=\"twitter:card\" content=\"summary_large_image\" \/>\n<meta name=\"twitter:title\" content=\"Jak przej\u015b\u0107 G\u0142\u00f3wny Szlak Beskidzki\" \/>\n<meta name=\"twitter:label1\" content=\"Napisane przez\" \/>\n\t<meta name=\"twitter:data1\" content=\"\u0141ukasz Supergan\" \/>\n\t<meta name=\"twitter:label2\" content=\"Szacowany czas czytania\" \/>\n\t<meta name=\"twitter:data2\" content=\"18 minut\" \/>\n<!-- \/ Yoast SEO Premium plugin. -->","yoast_head_json":{"title":"Jak przej\u015b\u0107 G\u0142\u00f3wny Szlak Beskidzki. Trasa, noclegi, sprz\u0119t... | 8academy","description":"Cho\u0107 ani razu nie przekracza pu\u0142apu 2000 metr\u00f3w, jest celem ambitnym i wymagaj\u0105cym. I, jak si\u0119 okazuje, weryfikuje umiej\u0119tno\u015bci i si\u0142y wielu \u015bmia\u0142k\u00f3w. Jak przej\u015b\u0107 G\u0142\u00f3wny Szlak Beskidzki? O tym w poni\u017cszym artykule.","robots":{"index":"index","follow":"follow","max-snippet":"max-snippet:-1","max-image-preview":"max-image-preview:large","max-video-preview":"max-video-preview:-1"},"canonical":"https:\/\/8a.pl\/8academy\/jak-przejsc-glowny-szlak-beskidzki\/","og_locale":"pl_PL","og_type":"article","og_title":"Jak przej\u015b\u0107 G\u0142\u00f3wny Szlak Beskidzki. Trasa, noclegi, sprz\u0119t... | 8academy","og_description":"Cho\u0107 ani razu nie przekracza pu\u0142apu 2000 metr\u00f3w, jest celem ambitnym i wymagaj\u0105cym. I, jak si\u0119 okazuje, weryfikuje umiej\u0119tno\u015bci i si\u0142y wielu \u015bmia\u0142k\u00f3w. Jak przej\u015b\u0107 G\u0142\u00f3wny Szlak Beskidzki? O tym w poni\u017cszym artykule.","og_url":"https:\/\/8a.pl\/8academy\/jak-przejsc-glowny-szlak-beskidzki\/","og_site_name":"8academy.pl - portal g\u00f3rski i wspinaczkowy dla aktywnych","article_publisher":"https:\/\/pl-pl.facebook.com\/sklep8apl\/","article_published_time":"2018-05-02T06:00:22+00:00","article_modified_time":"2024-05-19T19:39:52+00:00","og_image":[{"width":1200,"height":628,"url":"https:\/\/8a.pl\/8academy\/wp-content\/uploads\/2018\/05\/cover-1-fb.jpg","type":"image\/jpeg"}],"author":"\u0141ukasz Supergan","twitter_card":"summary_large_image","twitter_title":"Jak przej\u015b\u0107 G\u0142\u00f3wny Szlak Beskidzki","twitter_misc":{"Napisane przez":"\u0141ukasz Supergan","Szacowany czas czytania":"18 minut"},"schema":{"@context":"https:\/\/schema.org","@graph":[{"@type":"Article","@id":"https:\/\/8a.pl\/8academy\/jak-przejsc-glowny-szlak-beskidzki\/#article","isPartOf":{"@id":"https:\/\/8a.pl\/8academy\/jak-przejsc-glowny-szlak-beskidzki\/"},"author":{"name":"\u0141ukasz Supergan","@id":"https:\/\/8a.pl\/8academy\/#\/schema\/person\/eaf166d69373907c8e46461771300229"},"headline":"Jak przej\u015b\u0107 G\u0142\u00f3wny Szlak Beskidzki","datePublished":"2018-05-02T06:00:22+00:00","dateModified":"2024-05-19T19:39:52+00:00","mainEntityOfPage":{"@id":"https:\/\/8a.pl\/8academy\/jak-przejsc-glowny-szlak-beskidzki\/"},"wordCount":3069,"commentCount":0,"publisher":{"@id":"https:\/\/8a.pl\/8academy\/#organization"},"image":{"@id":"https:\/\/8a.pl\/8academy\/jak-przejsc-glowny-szlak-beskidzki\/#primaryimage"},"thumbnailUrl":"https:\/\/8a.pl\/8academy\/wp-content\/uploads\/2018\/04\/cover-1-2.jpg","keywords":["Ca\u0142oroczne","Poradnik","Trekking"],"articleSection":["Turystyka \/ trekking"],"inLanguage":"pl-PL","potentialAction":[{"@type":"CommentAction","name":"Comment","target":["https:\/\/8a.pl\/8academy\/jak-przejsc-glowny-szlak-beskidzki\/#respond"]}]},{"@type":"WebPage","@id":"https:\/\/8a.pl\/8academy\/jak-przejsc-glowny-szlak-beskidzki\/","url":"https:\/\/8a.pl\/8academy\/jak-przejsc-glowny-szlak-beskidzki\/","name":"Jak przej\u015b\u0107 G\u0142\u00f3wny Szlak Beskidzki. Trasa, noclegi, sprz\u0119t... | 8academy","isPartOf":{"@id":"https:\/\/8a.pl\/8academy\/#website"},"primaryImageOfPage":{"@id":"https:\/\/8a.pl\/8academy\/jak-przejsc-glowny-szlak-beskidzki\/#primaryimage"},"image":{"@id":"https:\/\/8a.pl\/8academy\/jak-przejsc-glowny-szlak-beskidzki\/#primaryimage"},"thumbnailUrl":"https:\/\/8a.pl\/8academy\/wp-content\/uploads\/2018\/04\/cover-1-2.jpg","datePublished":"2018-05-02T06:00:22+00:00","dateModified":"2024-05-19T19:39:52+00:00","description":"Cho\u0107 ani razu nie przekracza pu\u0142apu 2000 metr\u00f3w, jest celem ambitnym i wymagaj\u0105cym. I, jak si\u0119 okazuje, weryfikuje umiej\u0119tno\u015bci i si\u0142y wielu \u015bmia\u0142k\u00f3w. Jak przej\u015b\u0107 G\u0142\u00f3wny Szlak Beskidzki? O tym w poni\u017cszym artykule.","breadcrumb":{"@id":"https:\/\/8a.pl\/8academy\/jak-przejsc-glowny-szlak-beskidzki\/#breadcrumb"},"inLanguage":"pl-PL","potentialAction":[{"@type":"ReadAction","target":["https:\/\/8a.pl\/8academy\/jak-przejsc-glowny-szlak-beskidzki\/"]}]},{"@type":"ImageObject","inLanguage":"pl-PL","@id":"https:\/\/8a.pl\/8academy\/jak-przejsc-glowny-szlak-beskidzki\/#primaryimage","url":"https:\/\/8a.pl\/8academy\/wp-content\/uploads\/2018\/04\/cover-1-2.jpg","contentUrl":"https:\/\/8a.pl\/8academy\/wp-content\/uploads\/2018\/04\/cover-1-2.jpg","width":1100,"height":715,"caption":"G\u0142\u00f3wny Szlak Beskidzki widoki"},{"@type":"BreadcrumbList","@id":"https:\/\/8a.pl\/8academy\/jak-przejsc-glowny-szlak-beskidzki\/#breadcrumb","itemListElement":[{"@type":"ListItem","position":1,"name":"Strona g\u0142\u00f3wna","item":"https:\/\/8a.pl\/8academy\/"},{"@type":"ListItem","position":2,"name":"Jak przej\u015b\u0107 G\u0142\u00f3wny Szlak Beskidzki"}]},{"@type":"WebSite","@id":"https:\/\/8a.pl\/8academy\/#website","url":"https:\/\/8a.pl\/8academy\/","name":"8academy.pl - portal g\u00f3rski i wspinaczkowy dla aktywnych","description":"8academy to portal g\u00f3rski o wspinaczce, trekkingu i skiturach. Znajdziesz tu porady, testy sprz\u0119tu i opisy najlepszych rejon\u00f3w. Inspirujemy zdobywc\u00f3w!","publisher":{"@id":"https:\/\/8a.pl\/8academy\/#organization"},"potentialAction":[{"@type":"SearchAction","target":{"@type":"EntryPoint","urlTemplate":"https:\/\/8a.pl\/8academy\/?s={search_term_string}"},"query-input":{"@type":"PropertyValueSpecification","valueRequired":true,"valueName":"search_term_string"}}],"inLanguage":"pl-PL"},{"@type":"Organization","@id":"https:\/\/8a.pl\/8academy\/#organization","name":"8academy.pl - portal g\u00f3rski i wspinaczkowy dla aktywnych","url":"https:\/\/8a.pl\/8academy\/","logo":{"@type":"ImageObject","inLanguage":"pl-PL","@id":"https:\/\/8a.pl\/8academy\/#\/schema\/logo\/image\/","url":"https:\/\/8a.pl\/8academy\/wp-content\/uploads\/2015\/11\/logo.png","contentUrl":"https:\/\/8a.pl\/8academy\/wp-content\/uploads\/2015\/11\/logo.png","width":438,"height":315,"caption":"8academy.pl - portal g\u00f3rski i wspinaczkowy dla aktywnych"},"image":{"@id":"https:\/\/8a.pl\/8academy\/#\/schema\/logo\/image\/"},"sameAs":["https:\/\/pl-pl.facebook.com\/sklep8apl\/","https:\/\/www.instagram.com\/8apl\/"]},{"@type":"Person","@id":"https:\/\/8a.pl\/8academy\/#\/schema\/person\/eaf166d69373907c8e46461771300229","name":"\u0141ukasz Supergan","image":{"@type":"ImageObject","inLanguage":"pl-PL","@id":"https:\/\/8a.pl\/8academy\/#\/schema\/person\/image\/","url":"https:\/\/8a.pl\/8academy\/wp-content\/uploads\/2024\/03\/lukasz_8a_team-scaled-e1709800486592-150x150.jpg","contentUrl":"https:\/\/8a.pl\/8academy\/wp-content\/uploads\/2024\/03\/lukasz_8a_team-scaled-e1709800486592-150x150.jpg","caption":"\u0141ukasz Supergan"},"description":"Jego pasj\u0105 s\u0105 w\u0119dr\u00f3wki d\u0142ugodystansowe, o ka\u017cdej porze roku, pod ka\u017cda szeroko\u015bci\u0105 geograficzn\u0105. W ci\u0105gu minionych 5 lat przeszed\u0142 ponad 15 000 km, w g\u00f3rach Europy i Azji. Przetrawersowa\u0142 ira\u0144skie g\u00f3ry Zagros i \u0142a\u0144cuch Pirenej\u00f3w. W 2004 roku, jako pierwszy cz\u0142owiek, przeszed\u0142 samotnie \u0141uk Karpat, powtarzaj\u0105c ten wyczyn po 9 latach. W 2004 roku uko\u0144czy\u0142 pierwsze w historii samotne przej\u015bcie Karpat (powt\u00f3rzy\u0142 je po 9 latach). Przeszed\u0142 4 000 km szlakiem Warszawa \u2013 przyl\u0105dek Finisterra w Hiszpanii. Przemierzy\u0142 2300 km ira\u0144skich g\u00f3r Zagros, ma na swoim koncie gra\u0144 Pirenej\u00f3w, Izraelski Szlak Narodowy, trawers Alp, zimowe Karpaty S\u0142owackie, 2 trawersy Islandii \u2013 letni i zimowy oraz ponad 25 wej\u015b\u0107 na 4- i 5-tysi\u0119czniki Alp, Kaukazu i Tien Szanu, a w 2021 r. - tak\u017ce na szczyt Piku Lenina (7134 m). Autor dw\u00f3ch ksi\u0105\u017cek i kilkudziesi\u0119ciu artyku\u0142\u00f3w. G\u00f3rskim do\u015bwiadczeniem dzieli si\u0119 na swoim blogu www.lukaszsupergan.com 8academy.pl.","sameAs":["https:\/\/lukaszsupergan.com\/"],"url":"https:\/\/8a.pl\/8academy\/author\/lukasz-supergan\/"}]}},"_links":{"self":[{"href":"https:\/\/8a.pl\/8academy\/wp-json\/wp\/v2\/posts\/19807","targetHints":{"allow":["GET"]}}],"collection":[{"href":"https:\/\/8a.pl\/8academy\/wp-json\/wp\/v2\/posts"}],"about":[{"href":"https:\/\/8a.pl\/8academy\/wp-json\/wp\/v2\/types\/post"}],"author":[{"embeddable":true,"href":"https:\/\/8a.pl\/8academy\/wp-json\/wp\/v2\/users\/15"}],"replies":[{"embeddable":true,"href":"https:\/\/8a.pl\/8academy\/wp-json\/wp\/v2\/comments?post=19807"}],"version-history":[{"count":3,"href":"https:\/\/8a.pl\/8academy\/wp-json\/wp\/v2\/posts\/19807\/revisions"}],"predecessor-version":[{"id":68929,"href":"https:\/\/8a.pl\/8academy\/wp-json\/wp\/v2\/posts\/19807\/revisions\/68929"}],"wp:featuredmedia":[{"embeddable":true,"href":"https:\/\/8a.pl\/8academy\/wp-json\/wp\/v2\/media\/19843"}],"wp:attachment":[{"href":"https:\/\/8a.pl\/8academy\/wp-json\/wp\/v2\/media?parent=19807"}],"wp:term":[{"taxonomy":"category","embeddable":true,"href":"https:\/\/8a.pl\/8academy\/wp-json\/wp\/v2\/categories?post=19807"},{"taxonomy":"post_tag","embeddable":true,"href":"https:\/\/8a.pl\/8academy\/wp-json\/wp\/v2\/tags?post=19807"}],"curies":[{"name":"wp","href":"https:\/\/api.w.org\/{rel}","templated":true}]}}