{"id":19585,"date":"2018-04-21T07:40:11","date_gmt":"2018-04-21T05:40:11","guid":{"rendered":"http:\/\/8a.pl\/8academy\/?p=19585"},"modified":"2024-05-19T21:43:15","modified_gmt":"2024-05-19T19:43:15","slug":"10-gadzetow-przydatnych-w-gorach-wiosna","status":"publish","type":"post","link":"https:\/\/8a.pl\/8academy\/10-gadzetow-przydatnych-w-gorach-wiosna\/","title":{"rendered":"10 gad\u017cet\u00f3w przydatnych w g\u00f3rach wiosn\u0105"},"content":{"rendered":"<p><span style=\"font-weight: 400;\">Ruszaj\u0105c w kwietniu \/ maju na szlak, spragnieni s\u0142o\u0144ca i wysokich temperatur, zamiast odnale\u017a\u0107 wiosn\u0119, mo\u017cemy trafi\u0107 w sam \u015brodek zimy.\u00a0<\/span><span style=\"font-weight: 400;\">Aby zobrazowa\u0107 jak bardzo zmienna mo\u017ce by\u0107 wiosenna pogoda, wspomn\u0119 o dw\u00f3ch sytuacjach z ubieg\u0142ego roku. W pierwszy weekend kwietnia w tatrza\u0144skich dolinach panowa\u0142a ju\u017c wiosna. \u015anieg pozosta\u0142 tylko na graniach i szczytach, a w dole zakwit\u0142y krokusy. Kilka dni p\u00f3\u017aniej pogoda uleg\u0142a zmianie o 180 stopni. W Tatry zn\u00f3w zawita\u0142a zima i pokry\u0142a warstw\u0105 \u015bniegu zar\u00f3wno g\u00f3rne, jak i dolne partie g\u00f3r. <\/span><span style=\"font-weight: 400;\">Druga sytuacja, kt\u00f3ra jeszcze lepiej obrazuje zmienno\u015b\u0107 pogody, mia\u0142a miejsce w drugiej po\u0142owie kwietnia. W\u0142a\u015bnie w\u00f3wczas, TOPR og\u0142osi\u0142 4 stopie\u0144 zagro\u017cenia lawinowego. \u201eCzw\u00f3rka\u201d to w praktyce najwi\u0119ksze zagro\u017cenie, jakie mo\u017ce wyst\u0105pi\u0107 w Tatrach Polskich. Gdy jeste\u015bmy<\/span><span style=\"font-weight: 400;\">\u00a0w g\u00f3rach wiosn\u0105, jak przygotowa\u0107 si\u0119 na takie zmiany pogody? \u00a0I og\u00f3lnie jakie akcesoria mog\u0105 si\u0119 nam przyda\u0107 podczas w\u0119dr\u00f3wek wiosenn\u0105 por\u0105? Oto kilka propozycji.<\/span><\/p>\n<div id=\"attachment_19603\" style=\"width: 1010px\" class=\"wp-caption alignnone\"><img fetchpriority=\"high\" decoding=\"async\" aria-describedby=\"caption-attachment-19603\" class=\"gdzie w g\u00f3ry wiosn\u0105 wp-image-19603 size-full\" title=\"wiosna na szlaku\" src=\"http:\/\/8a.pl\/8academy\/wp-content\/uploads\/2018\/04\/essential2-1.jpg\" alt=\"10 gad\u017cet\u00f3w przydatnych w g\u00f3rach wiosn\u0105\" width=\"1000\" height=\"650\" srcset=\"https:\/\/8a.pl\/8academy\/wp-content\/uploads\/2018\/04\/essential2-1.jpg 1000w, https:\/\/8a.pl\/8academy\/wp-content\/uploads\/2018\/04\/essential2-1-300x195.jpg 300w, https:\/\/8a.pl\/8academy\/wp-content\/uploads\/2018\/04\/essential2-1-768x499.jpg 768w\" sizes=\"(max-width: 1000px) 100vw, 1000px\" \/><p id=\"caption-attachment-19603\" class=\"wp-caption-text\">Wiosenne pakowanie plecaka (fot. Piotr Deska)<\/p><\/div>\n<h3 style=\"text-align: center;\"><span style=\"font-weight: 400;\">Ogrzewacz do r\u0105k<\/span><\/h3>\n<p><span style=\"font-weight: 400;\">R\u0119kawice na zim\u0119 zapewniaj\u0105 ciep\u0142o, ale s\u0105 niewygodne w u\u017cyciu. Co wi\u0119cej, w cieplejsze dni b\u0119dzie nam w nich zwyczajnie gor\u0105co w d\u0142onie. Wiosn\u0105 najlepiej zatem korzysta\u0107 z l\u017cejszych r\u0119kawic przej\u015bciowych np. polarowych. Warto natomiast dodatkowo zabezpieczy\u0107 si\u0119 przed nag\u0142ym och\u0142odzeniem. Dobrym sposobem s\u0105 <a href=\"https:\/\/8a.pl\/ogrzewacze-turystyczne\" target=\"_blank\" rel=\"noopener noreferrer\">chemiczne ogrzewacze do r\u0105k<\/a>. Zajmuj\u0105 niewiele miejsca, a do tego s\u0105 lekkie i tanie. Przyk\u0142adowe produkty to ogrzewacze Little Hotties Hand Warmers oraz <a href=\"https:\/\/8a.pl\/ogrzewacze-dloni-thermopad-hand-warmer\" target=\"_blank\" rel=\"noopener noreferrer\">Thermopad Hand Warmer<\/a>. Oba modele aktywuj\u0105 si\u0119 pod wp\u0142ywem powietrza i generuj\u0105 ciep\u0142o przez wiele godzin. Nie szkodz\u0105 i nie brudz\u0105. Mo\u017cna spokojnie w\u0142o\u017cy\u0107 po sztuce do ka\u017cdej z r\u0119kawic i rozgrza\u0107 nimi zmarzni\u0119te d\u0142onie.<\/span><\/p>\n<h3 style=\"text-align: center;\"><span style=\"font-weight: 400;\">Raczki<\/span><\/h3>\n<p><span style=\"font-weight: 400;\">Kolejny produkt, kt\u00f3ry pomo\u017ce w\u0119drowa\u0107 w zmieniaj\u0105cych si\u0119 wiosennych warunkach to <a href=\"https:\/\/8a.pl\/raczki-turystyczne\" target=\"_blank\" rel=\"noopener noreferrer\">raczki turystyczne<\/a>. Nie sprawdz\u0105 si\u0119 w wy\u017cszych partiach Tatr, ale b\u0119d\u0105 idealne na wiosenne wyj\u015bcia w Sudety, Beskidy czy Bieszczady. Dlaczego? Przede wszystkim s\u0105 znacznie l\u017cejsze od rak\u00f3w, a przez wi\u0119kszo\u015b\u0107 drogi b\u0119d\u0105 zapewne spoczywa\u0142y w <a href=\"https:\/\/8a.pl\/plecaki\" target=\"_blank\" rel=\"noopener noreferrer\">plecaku g\u00f3rskim<\/a>. Gdy jednak trafimy na oblodzony fragment szlaku, oka\u017c\u0105 si\u0119 zbawieniem. Z\u0142apa\u0142em si\u0119 ju\u017c na sytuacji, gdy \u015bwiadomie nie bra\u0142em wiosn\u0105 rak\u00f3w id\u0105c na sudeckie czy beskidzkie \u015bcie\u017cki. Nie chcia\u0142o mi si\u0119 ich po prostu d\u017awiga\u0107. Bywa\u0142o, \u017ce potem \u017ca\u0142owa\u0142em tej decyzji, prawie wybijaj\u0105c z\u0119by na oblodzonym fragmencie le\u015bnej drogi\u2026<\/span><\/p>\n<div id=\"attachment_19604\" style=\"width: 1010px\" class=\"wp-caption alignnone\"><img decoding=\"async\" aria-describedby=\"caption-attachment-19604\" class=\"czy potrzebne s\u0105 raczki wp-image-19604 size-full\" title=\"raczki na buty\" src=\"https:\/\/8a.pl\/8academy\/wp-content\/uploads\/2018\/04\/raczki-1.jpg\" alt=\"raczki turystyczne Climbing Technology Ice Traction Crampons Plus\" width=\"1000\" height=\"650\" srcset=\"https:\/\/8a.pl\/8academy\/wp-content\/uploads\/2018\/04\/raczki-1.jpg 1000w, https:\/\/8a.pl\/8academy\/wp-content\/uploads\/2018\/04\/raczki-1-300x195.jpg 300w, https:\/\/8a.pl\/8academy\/wp-content\/uploads\/2018\/04\/raczki-1-768x499.jpg 768w\" sizes=\"(max-width: 1000px) 100vw, 1000px\" \/><p id=\"caption-attachment-19604\" class=\"wp-caption-text\">Raczki Climbing Technology Ice Traction Crampons Plus (fot. Piotr Deska)<\/p><\/div>\n<p><span style=\"font-weight: 400;\">Zalet\u0105 raczk\u00f3w jest bez w\u0105tpienia tak\u017ce ich cena. Cz\u0119sto ponad dwukrotnie ni\u017csza ni\u017c zwyk\u0142ych rak\u00f3w. Przyk\u0142ad ciekawych raczk\u00f3w to Climbing Technology Ice Traction Crampons. Posiadaj\u0105 11 du\u017cych z\u0119b\u00f3w, kt\u00f3re pomog\u0105 z\u0142apa\u0107 przyczepno\u015b\u0107 na lodzie. Chodzi si\u0119 w nich znacznie wygodniej, ni\u017c w tradycyjnych rakach i s\u0105 du\u017co l\u017cejsze. Para w rozmiarze L, czyli na buty 41-43 wa\u017cy tylko 530 g.<\/span><\/p>\n<ul>\n<li><em>(<a href=\"https:\/\/8a.pl\/8academy\/raczki-turystyczne-czy-raki\/\" target=\"_blank\" rel=\"noopener noreferrer\">O r\u00f3\u017cnicach mi\u0119dzy rakami a raczkami przeczytasz TUTAJ<\/a>)<\/em><\/li>\n<\/ul>\n<h3 style=\"text-align: center;\"><span style=\"font-weight: 400;\">Okulary fotochromowe<\/span><\/h3>\n<p><span style=\"font-weight: 400;\"><a href=\"https:\/\/8a.pl\/okulary-przeciwsloneczne\" target=\"_blank\" rel=\"noopener noreferrer\">Okulary fotochromowe<\/a> mo\u017cna inaczej okre\u015bli\u0107 inteligentnymi. Ich g\u0142\u00f3wna cecha to umiej\u0119tno\u015bci zmiany stopnia przepuszczalno\u015bci \u015bwiat\u0142a. Bardzo ciekawy produkt, kt\u00f3ry sam dopasuje jasno\u015b\u0107 szkie\u0142 do aktualnej pogody. Idealny gad\u017cet na tatrza\u0144sk\u0105 wiosn\u0119, przydatny tak\u017ce w innych g\u00f3rach. W niekt\u00f3rych swoich modelach, soczewki z fotochromem wykorzystuje np. uznana francuska marka <a href=\"https:\/\/8a.pl\/julbo\">Julbo<\/a>. Wi\u0119kszo\u015b\u0107 z nich (cho\u0107 nie wszystkie) mo\u017ce by\u0107 u\u017cywana na lodowcu. Warte uwagi okulary fotochromowe to np. <a href=\"https:\/\/8a.pl\/okulary-trekkingowe-julbo-montebianco-sp4-shiny-black-black\" target=\"_blank\" rel=\"noopener noreferrer\">Julbo Montebianco Cameleon<\/a> czy\u00a0Julbo Whoops Cameleon.<\/span><\/p>\n<h3 style=\"text-align: center;\"><span style=\"font-weight: 400;\">Kompas z klinometrem<\/span><\/h3>\n<p><span style=\"font-weight: 400;\"><a href=\"https:\/\/8a.pl\/kompasy\" target=\"_blank\" rel=\"noopener noreferrer\">Kompas<\/a> i mapa to podstawa nawigacji w g\u00f3rach. Mo\u017cna zast\u0105pi\u0107 te produkty dobrym GPS-em, ale oba powinny le\u017ce\u0107 w plecaku \u201ena wszelki wypadek\u201d. A dlaczego z klinometrem? Bo cho\u0107 pod k\u0105tem zagro\u017cenia lawinowego, wiosna na tatrza\u0144skich szlakach jest okresem bezpieczniejszym od zimy, to cz\u0119sto nadal to zagro\u017cenie wyst\u0119puje. Klinometr wbudowany w kompas pozwala w \u0142atwy spos\u00f3b zmierzy\u0107 nachylenie stoku, czyli jedn\u0105 z g\u0142\u00f3wnych zmiennych, kt\u00f3re powinni\u015bmy bra\u0107 pod uwag\u0119 wybieraj\u0105c tras\u0119. Oczywi\u015bcie istniej\u0105 tak\u017ce inne metody mierzenia nachylenia, ale u\u017cycie klinometru pozwala zrobi\u0107 to szybko i dok\u0142adnie. Wed\u0142ug mnie \u201emust have\u201d dla turyst\u00f3w pieszych i skiturowc\u00f3w, kt\u00f3rzy poruszaj\u0105 si\u0119 zim\u0105 i wiosn\u0105 po terenach zagro\u017conych lawinami. Kompasy wyposa\u017cone w klinometr to np. <a href=\"https:\/\/8a.pl\/kompas-silva-expedition-s\" target=\"_blank\" rel=\"noopener noreferrer\">Silva Expedition<\/a>.<\/span><\/p>\n<div id=\"attachment_19605\" style=\"width: 1010px\" class=\"wp-caption alignnone\"><img decoding=\"async\" aria-describedby=\"caption-attachment-19605\" class=\"Wiosna w g\u00f3rach wp-image-19605 size-full\" title=\"wiosenna wycieczka\" src=\"https:\/\/8a.pl\/8academy\/wp-content\/uploads\/2018\/04\/mapa.jpg\" alt=\"mapa, kompas i lornetka to sprz\u0119t, kt\u00f3ry zawsze przydaje si\u0119\u00a0w g\u00f3rach\" width=\"1000\" height=\"650\" srcset=\"https:\/\/8a.pl\/8academy\/wp-content\/uploads\/2018\/04\/mapa.jpg 1000w, https:\/\/8a.pl\/8academy\/wp-content\/uploads\/2018\/04\/mapa-300x195.jpg 300w, https:\/\/8a.pl\/8academy\/wp-content\/uploads\/2018\/04\/mapa-768x499.jpg 768w\" sizes=\"(max-width: 1000px) 100vw, 1000px\" \/><p id=\"caption-attachment-19605\" class=\"wp-caption-text\">Tradycyjna mapa, kompas i lornetka to sprz\u0119t, kt\u00f3ry zawsze przydaje si\u0119\u00a0w g\u00f3rach (fot. Piotr Deska)<\/p><\/div>\n<h3 style=\"text-align: center;\"><span style=\"font-weight: 400;\">Wk\u0142adka do \u015bpiwora<\/span><\/h3>\n<p><span style=\"font-weight: 400;\">Pora si\u0119 troch\u0119 rozgrza\u0107 i przenie\u015b\u0107 akcj\u0119 do schroniska. Wiosn\u0105 mamy spore szanse, \u017ce uda nam si\u0119 sp\u0119dzi\u0107 noc na \u0142\u00f3\u017cku, a nie na tzw. \u201eglebie\u201d. W tej sytuacji warto rozwa\u017cy\u0107 rezygnacj\u0119 z obci\u0105\u017cania plecaka \u015bpiworem, kt\u00f3ry w niezbyt grubej wersji z regu\u0142y wa\u017cy 1-1,5 kg. Podczas ca\u0142odziennej w\u0119dr\u00f3wki to naprawd\u0119 du\u017ca r\u00f3\u017cnica. Wi\u0119kszo\u015b\u0107 schronisk oferuje mo\u017cliwo\u015b\u0107 u\u017cyczenia po\u015bcieli, co jednak najcz\u0119\u015bciej kosztuje. Z regu\u0142y op\u0142ata wynosi oko\u0142o 8-10 z\u0142. Niekt\u00f3re schroniska wypo\u017cyczaj\u0105 w\u00f3wczas kompletn\u0105 po\u015bciel wraz z ko\u0142dr\u0105, ale cz\u0119sto dostajemy tylko poduszk\u0119 i po\u015bciel, kt\u00f3r\u0105 oblekamy b\u0119d\u0105cy ju\u017c na \u0142\u00f3\u017cku koc. Do tego niekt\u00f3rzy po prostu nie lubi\u0105 spa\u0107 pod u\u017cywan\u0105 przez innych po\u015bciel\u0105. Co wi\u0119c zrobi\u0107, aby jednocze\u015bnie nie wypo\u017cycza\u0107 po\u015bcieli i nie nosi\u0107 \u015bpiwora? Odpowiedzi\u0105 jest\u2026 <a href=\"https:\/\/8a.pl\/wkladki-do-spiwora\" target=\"_blank\" rel=\"noopener noreferrer\">wk\u0142adka do \u015bpiwora<\/a>. <\/span><\/p>\n<p><span style=\"font-weight: 400;\">Jej g\u0142\u00f3wne przeznaczenie to odgrodzenie naszego cia\u0142a od samego \u015bpiwora, co pozwala d\u0142u\u017cej zachowa\u0107 go w czysto\u015bci. Mo\u017cna j\u0105 natomiast wykorzysta\u0107 tak\u017ce jako prywatn\u0105 po\u015bciel turystyczn\u0105. Wk\u0142adka z regu\u0142y jest bardzo lekka. Przyk\u0142adowo model <a href=\"https:\/\/8a.pl\/wkladka-sea-to-summit-coolmax-adaptor-liner-niebieski\" target=\"_blank\" rel=\"noopener noreferrer\">Sea To Summit Coolmax Adaptor Liner<\/a> wa\u017cy tylko 265 g. Wchodzimy do wk\u0142adki i przykrywamy si\u0119 schroniskowym kocem. Pod g\u0142ow\u0119 mo\u017cna w\u0142o\u017cy\u0107 chocia\u017cby zrolowany polar. Oczywi\u015bcie nie wy\u015bpimy si\u0119 tak wygodnie, jak na zwyk\u0142ej poduszce, ale korzystamy ze swojej po\u015bcieli i oszcz\u0119dzamy troch\u0119 grosza. Wk\u0142adka zwr\u00f3ci si\u0119 po kilkunastu noclegach.<\/span><\/p>\n<ul>\n<li><em>(<a href=\"https:\/\/8a.pl\/8academy\/wkladki-do-spiworow\/\" target=\"_blank\" rel=\"noopener noreferrer\">Wi\u0119cej o wk\u0142adkach do \u015bpiwor\u00f3w przeczytasz TUTAJ<\/a>)<\/em><\/li>\n<\/ul>\n<h3 style=\"text-align: center;\"><span style=\"font-weight: 400;\">Saszetka na \u0142ydk\u0119<\/span><\/h3>\n<p><span style=\"font-weight: 400;\">Nie oszukujmy si\u0119, kradzie\u017ce w schroniskach nie s\u0105 czym\u015b nadzwyczajnym. Cho\u0107 tury\u015bci g\u00f3rscy stanowi\u0105 z regu\u0142y bardzo przyjazn\u0105 spo\u0142eczno\u015b\u0107, to jednak zawsze znajdzie si\u0119 jaka\u015b czarna owca w rodzinie. Zdarza\u0142y si\u0119 nawet przypadki kradzie\u017cy but\u00f3w\u2026 Oczywi\u015bcie powinni\u015bmy by\u0107 nastawieni przyja\u017anie do innych turyst\u00f3w w schronisku, ale warto si\u0119 tak\u017ce zabezpieczy\u0107. To co najwa\u017cniejsze, czyli telefon, dokumenty i pieni\u0105dze, powinni\u015bmy mie\u0107 przy sobie, np. w <a href=\"https:\/\/8a.pl\/saszetki\" target=\"_blank\" rel=\"noopener noreferrer\">saszetce<\/a>. Zw\u0142aszcza b\u0119d\u0105c za granic\u0105. Ciekawym produktem, kt\u00f3ry znacznie zwi\u0119kszy bezpiecze\u0144stwo naszych kart czy got\u00f3wki jest <a href=\"https:\/\/8a.pl\/saszetka-na-noge-deuter-security-legholster-sand\" target=\"_blank\" rel=\"noopener noreferrer\">Deuter Security Legholster<\/a>. Saszetk\u0119 zak\u0142ada si\u0119 na \u0142ydk\u0119, wi\u0119c jest bardzo dyskretna. Do tego wa\u017cy zaledwie 40 g i jest wygodniejsza w przenoszeniu, ni\u017c wieszana na szyi paszport\u00f3wka. <\/span><\/p>\n<h3 style=\"text-align: center;\"><span style=\"font-weight: 400;\">Myd\u0142o turystyczne<\/span><\/h3>\n<p><span style=\"font-weight: 400;\">Brudne d\u0142onie podczas g\u00f3rskiej w\u0119dr\u00f3wki, to do\u015b\u0107 powszechna sytuacja. Zw\u0142aszcza wiosn\u0105, gdy szlaki bywaj\u0105 mokre i zab\u0142ocone po zimie. W takich warunkach niekiedy wystarczy zawi\u0105zanie buta i ju\u017c mamy ub\u0142ocone d\u0142onie. R\u0119ce \u0142atwo tak\u017ce ubrudzi\u0107 np. podpieraj\u0105c si\u0119 lub chwytaj\u0105c \u0142a\u0144cuch\u00f3w, kt\u00f3re cz\u0119sto zabezpieczaj\u0105 tatrza\u0144skie szlaki. Brudem na r\u0119kach nie powinni\u015bmy si\u0119 przejmowa\u0107, a\u017c do momentu, gdy przyjdzie pora posi\u0142ku. Jak w tej sytuacji od\u015bwie\u017cy\u0107 d\u0142onie? \u015awietnym rozwi\u0105zaniem b\u0119dzie ekologiczne i biodegradowalne myd\u0142o do r\u0105k, np. <a href=\"https:\/\/8a.pl\/mydlo-turystyczne-sea-to-summit-wilderness-wash-pocket-soap\" target=\"_blank\" rel=\"noopener noreferrer\">Sea To Summit Wilderness Wash Soap<\/a>. Myd\u0142o zajmuje niewiele miejsca i przyda si\u0119 nie tylko na szlaku, ale tak\u017ce w schronisku.<\/span><\/p>\n<h3 style=\"text-align: center;\"><span style=\"font-weight: 400;\">R\u0119cznik szybkoschn\u0105cy<\/span><\/h3>\n<p><span style=\"font-weight: 400;\">Nocuj\u0105c w schronisku z regu\u0142y musimy posiada\u0107 w\u0142asny. Co prawda niekt\u00f3re obiekty oferuj\u0105 mo\u017cliwo\u015b\u0107 wypo\u017cyczenia r\u0119cznika, ale nie jest to zbyt op\u0142acalne. Pozostaje te\u017c kwestia higieny. Cho\u0107 r\u0119czniki schroniskowe s\u0105 oczywi\u015bcie prane, to jednak by\u0142y u\u017cywane przez inne osoby, co nie wszystkim mo\u017ce odpowiada\u0107. Wed\u0142ug mnie, zdecydowanie warto zainwestowa\u0107 w lekki oraz pakowny i przede wszystkim w\u0142asny <a href=\"https:\/\/8a.pl\/reczniki-szybkoschnace\" target=\"_blank\" rel=\"noopener noreferrer\">r\u0119cznik szybkoschn\u0105cy<\/a>. Ciekawy model to np. Fjord Nansen Tramp, kt\u00f3rego dodatkow\u0105 zalet\u0105 s\u0105 w\u0142\u00f3kna o w\u0142a\u015bciwo\u015bciach antybakteryjnych. W komplecie z r\u0119cznikiem otrzymujemy praktyczny pokrowiec. Tramp dost\u0119pny jest w dw\u00f3ch rozmiarach.<\/span><\/p>\n<h3 style=\"text-align: center;\"><span style=\"font-weight: 400;\">Lornetka turystyczna<\/span><\/h3>\n<p><span style=\"font-weight: 400;\">Nied\u017awied\u017a czy kozica? Wydaje si\u0119, \u017ce pomylenie tych dw\u00f3ch zwierz\u0105t jest praktycznie niemo\u017cliwe. A jednak! W ubieg\u0142ym roku, wchodz\u0105c ze znajom\u0105 na Starorobocia\u0144ski Wierch mieli\u015bmy w\u0142a\u015bnie taki dylemat. Znaczna odleg\u0142o\u015b\u0107 od zwierz\u0119cia sprawia\u0142a, \u017ce nie widzieli\u015bmy go dok\u0142adnie. I cho\u0107 oczy podpowiada\u0142y, \u017ce patrzymy na niegro\u017an\u0105 kozic\u0119 g\u00f3rsk\u0105, to jednak nie mieli\u015bmy pewno\u015bci. Dopiero kilka minut wyt\u0119\u017conego wpatrywania si\u0119 da\u0142o nam na tyle du\u017co pewno\u015bci, \u017ce zdecydowali\u015bmy ruszy\u0107 dalej. Gdybym w\u00f3wczas mia\u0142 ze sob\u0105 lornetk\u0119, zaoszcz\u0119dzi\u0142bym sobie sporo stresu. Lornetka b\u0119dzie tak\u017ce przydatna w wielu innych sytuacjach. Pomo\u017ce np. znale\u017a\u0107 chowaj\u0105cego si\u0119 w ska\u0142ach \u015bwistaka lub zerkn\u0105\u0107 jak radz\u0105 sobie wspinacze w \u015bcianie. Lornetki bywaj\u0105 natomiast ci\u0119\u017ckie i niepor\u0119czne, a to w g\u00f3rach du\u017cy minus. Wybieraj\u0105c model na g\u00f3rskie w\u0119dr\u00f3wki, warto kupi\u0107 sprz\u0119t kt\u00f3ry nie sprawi k\u0142opot\u00f3w w transporcie. Ciekawy model to np. niewielka lornetka turystyczna <a href=\"https:\/\/8a.pl\/lornetka-turystyczna-silva-pocket-10x\" target=\"_blank\" rel=\"noopener noreferrer\">Silva Pocket 10X<\/a> o wadze oko\u0142o 200 g. Pocket 10X oferuje powi\u0119kszenie 10 x i obiektyw o \u015brednicy 25 mm, co wystarcza do podziwiania oddalonych krajobraz\u00f3w i podgl\u0105dania dzikich zwierz\u0105t w warunkach dziennych. \u00a0<\/span><\/p>\n<div id=\"attachment_19606\" style=\"width: 1010px\" class=\"wp-caption alignnone\"><img loading=\"lazy\" decoding=\"async\" aria-describedby=\"caption-attachment-19606\" class=\"Jaki scyzoryk wybra\u0107 wp-image-19606 size-full\" title=\"Praktyczny scyzoryk dla turysty\" src=\"https:\/\/8a.pl\/8academy\/wp-content\/uploads\/2018\/04\/multitool-1.jpg\" alt=\"Scyzoryk w g\u00f3ry - multitool\" width=\"1000\" height=\"650\" srcset=\"https:\/\/8a.pl\/8academy\/wp-content\/uploads\/2018\/04\/multitool-1.jpg 1000w, https:\/\/8a.pl\/8academy\/wp-content\/uploads\/2018\/04\/multitool-1-300x195.jpg 300w, https:\/\/8a.pl\/8academy\/wp-content\/uploads\/2018\/04\/multitool-1-768x499.jpg 768w\" sizes=\"(max-width: 1000px) 100vw, 1000px\" \/><p id=\"caption-attachment-19606\" class=\"wp-caption-text\">N\u00f3\u017c, pi\u0142ka, no\u017cyczki, otwieracz&#8230; multitool to kilka narz\u0119dzi w jednym (fot. Piotr Deska)<\/p><\/div>\n<h3 style=\"text-align: center;\"><span style=\"font-weight: 400;\">Multitool<\/span><\/h3>\n<p><span style=\"font-weight: 400;\">Ostatnim, cho\u0107 nie najmniej wa\u017cnym sprz\u0119tem w tym zestawieniu, jest <a href=\"https:\/\/8a.pl\/multitoole\" target=\"_blank\" rel=\"noopener noreferrer\">multitool<\/a>. Niewielki gad\u017cet, kt\u00f3ry pomo\u017ce np. otworzy\u0107 butelk\u0119 albo konserw\u0119. Narz\u0119dzie wielofunkcyjne posiada cz\u0119sto tak\u017ce funkcj\u0119 no\u017ca, kt\u00f3ra b\u0119dzie bardzo przydatna podczas biwaku. Multitool w bardziej rozbudowanej wersji zast\u0105pi ponadto kombinerki i \u015brubokr\u0119t. Dzi\u0119ki tym narz\u0119dziom, samodzielnie b\u0119dziemy mogli dokona\u0107 drobnych napraw naszego sprz\u0119tu turystycznego &#8211; np. <a href=\"https:\/\/8a.pl\/narzedzie-wielofunkcyjne-baladeo-multitool-tech-s\" target=\"_blank\" rel=\"noopener noreferrer\">Baladeo Multitool &#8220;TECH&#8221; S<\/a><\/span><\/p>\n","protected":false},"excerpt":{"rendered":"<p>Kwiecie\u0144 plecie\u0144, bo przeplata troch\u0119 zimy, troch\u0119 lata. To powiedzenie zna chyba ka\u017cdy. Co wi\u0119cej, ma ono bardzo wiele wsp\u00f3lnego z prawd\u0105. Pi\u0119kne wiosenne dni, przerywane powracaj\u0105c\u0105 na chwil\u0119 zim\u0105, to zjawisko powszechne w g\u00f3rach.<\/p>\n","protected":false},"author":47,"featured_media":19497,"comment_status":"open","ping_status":"open","sticky":false,"template":"","format":"standard","meta":{"_acf_changed":false,"_uf_show_specific_survey":0,"_uf_disable_surveys":false,"footnotes":""},"categories":[26070],"tags":[26069,26085,26081],"class_list":["post-19585","post","type-post","status-publish","format-standard","has-post-thumbnail","hentry","category-turystyka-trekking","tag-poradnik","tag-trekking","tag-wiosna"],"acf":[],"yoast_head":"<!-- This site is optimized with the Yoast SEO Premium plugin v23.4 (Yoast SEO v25.5) - https:\/\/yoast.com\/wordpress\/plugins\/seo\/ -->\n<title>10 gad\u017cet\u00f3w przydatnych w g\u00f3rach wiosn\u0105 | 8academy<\/title>\n<meta name=\"description\" content=\"Gdy jeste\u015bmy\u00a0w g\u00f3rach wiosn\u0105, jak przygotowa\u0107 si\u0119 na nag\u0142e zmiany pogody? \u00a0I og\u00f3lnie jakie akcesoria mog\u0105 si\u0119 nam przyda\u0107 podczas w\u0119dr\u00f3wek wiosenn\u0105 por\u0105? Oto kilka propozycji.\" \/>\n<meta name=\"robots\" content=\"index, follow, max-snippet:-1, max-image-preview:large, max-video-preview:-1\" \/>\n<link rel=\"canonical\" href=\"https:\/\/8a.pl\/8academy\/10-gadzetow-przydatnych-w-gorach-wiosna\/\" \/>\n<meta property=\"og:locale\" content=\"pl_PL\" \/>\n<meta property=\"og:type\" content=\"article\" \/>\n<meta property=\"og:title\" content=\"10 gad\u017cet\u00f3w przydatnych w g\u00f3rach wiosn\u0105 | 8academy\" \/>\n<meta property=\"og:description\" content=\"Gdy jeste\u015bmy\u00a0w g\u00f3rach wiosn\u0105, jak przygotowa\u0107 si\u0119 na nag\u0142e zmiany pogody? \u00a0I og\u00f3lnie jakie akcesoria mog\u0105 si\u0119 nam przyda\u0107 podczas w\u0119dr\u00f3wek wiosenn\u0105 por\u0105? Oto kilka propozycji.\" \/>\n<meta property=\"og:url\" content=\"https:\/\/8a.pl\/8academy\/10-gadzetow-przydatnych-w-gorach-wiosna\/\" \/>\n<meta property=\"og:site_name\" content=\"8academy.pl - portal g\u00f3rski i wspinaczkowy dla aktywnych\" \/>\n<meta property=\"article:publisher\" content=\"https:\/\/pl-pl.facebook.com\/sklep8apl\/\" \/>\n<meta property=\"article:published_time\" content=\"2018-04-21T05:40:11+00:00\" \/>\n<meta property=\"article:modified_time\" content=\"2024-05-19T19:43:15+00:00\" \/>\n<meta property=\"og:image\" content=\"http:\/\/8a.pl\/8academy\/wp-content\/uploads\/2018\/04\/cover-fb.jpg\" \/>\n\t<meta property=\"og:image:width\" content=\"1200\" \/>\n\t<meta property=\"og:image:height\" content=\"628\" \/>\n\t<meta property=\"og:image:type\" content=\"image\/jpeg\" \/>\n<meta name=\"author\" content=\"Pawe\u0142 Gibek\" \/>\n<meta name=\"twitter:card\" content=\"summary_large_image\" \/>\n<meta name=\"twitter:title\" content=\"10 gad\u017cet\u00f3w przydatnych w g\u00f3rach wiosn\u0105\" \/>\n<meta name=\"twitter:label1\" content=\"Napisane przez\" \/>\n\t<meta name=\"twitter:data1\" content=\"Pawe\u0142 Gibek\" \/>\n\t<meta name=\"twitter:label2\" content=\"Szacowany czas czytania\" \/>\n\t<meta name=\"twitter:data2\" content=\"10 minut\" \/>\n<!-- \/ Yoast SEO Premium plugin. -->","yoast_head_json":{"title":"10 gad\u017cet\u00f3w przydatnych w g\u00f3rach wiosn\u0105 | 8academy","description":"Gdy jeste\u015bmy\u00a0w g\u00f3rach wiosn\u0105, jak przygotowa\u0107 si\u0119 na nag\u0142e zmiany pogody? \u00a0I og\u00f3lnie jakie akcesoria mog\u0105 si\u0119 nam przyda\u0107 podczas w\u0119dr\u00f3wek wiosenn\u0105 por\u0105? Oto kilka propozycji.","robots":{"index":"index","follow":"follow","max-snippet":"max-snippet:-1","max-image-preview":"max-image-preview:large","max-video-preview":"max-video-preview:-1"},"canonical":"https:\/\/8a.pl\/8academy\/10-gadzetow-przydatnych-w-gorach-wiosna\/","og_locale":"pl_PL","og_type":"article","og_title":"10 gad\u017cet\u00f3w przydatnych w g\u00f3rach wiosn\u0105 | 8academy","og_description":"Gdy jeste\u015bmy\u00a0w g\u00f3rach wiosn\u0105, jak przygotowa\u0107 si\u0119 na nag\u0142e zmiany pogody? \u00a0I og\u00f3lnie jakie akcesoria mog\u0105 si\u0119 nam przyda\u0107 podczas w\u0119dr\u00f3wek wiosenn\u0105 por\u0105? Oto kilka propozycji.","og_url":"https:\/\/8a.pl\/8academy\/10-gadzetow-przydatnych-w-gorach-wiosna\/","og_site_name":"8academy.pl - portal g\u00f3rski i wspinaczkowy dla aktywnych","article_publisher":"https:\/\/pl-pl.facebook.com\/sklep8apl\/","article_published_time":"2018-04-21T05:40:11+00:00","article_modified_time":"2024-05-19T19:43:15+00:00","og_image":[{"width":1200,"height":628,"url":"http:\/\/8a.pl\/8academy\/wp-content\/uploads\/2018\/04\/cover-fb.jpg","type":"image\/jpeg"}],"author":"Pawe\u0142 Gibek","twitter_card":"summary_large_image","twitter_title":"10 gad\u017cet\u00f3w przydatnych w g\u00f3rach wiosn\u0105","twitter_misc":{"Napisane przez":"Pawe\u0142 Gibek","Szacowany czas czytania":"10 minut"},"schema":{"@context":"https:\/\/schema.org","@graph":[{"@type":"Article","@id":"https:\/\/8a.pl\/8academy\/10-gadzetow-przydatnych-w-gorach-wiosna\/#article","isPartOf":{"@id":"https:\/\/8a.pl\/8academy\/10-gadzetow-przydatnych-w-gorach-wiosna\/"},"author":{"name":"Pawe\u0142 Gibek","@id":"https:\/\/8a.pl\/8academy\/#\/schema\/person\/7cefcd43b1d94688eead417e6eda8434"},"headline":"10 gad\u017cet\u00f3w przydatnych w g\u00f3rach wiosn\u0105","datePublished":"2018-04-21T05:40:11+00:00","dateModified":"2024-05-19T19:43:15+00:00","mainEntityOfPage":{"@id":"https:\/\/8a.pl\/8academy\/10-gadzetow-przydatnych-w-gorach-wiosna\/"},"wordCount":1800,"commentCount":0,"publisher":{"@id":"https:\/\/8a.pl\/8academy\/#organization"},"image":{"@id":"https:\/\/8a.pl\/8academy\/10-gadzetow-przydatnych-w-gorach-wiosna\/#primaryimage"},"thumbnailUrl":"https:\/\/8a.pl\/8academy\/wp-content\/uploads\/2018\/04\/kompas.jpg","keywords":["Poradnik","Trekking","Wiosna"],"articleSection":["Turystyka \/ trekking"],"inLanguage":"pl-PL","potentialAction":[{"@type":"CommentAction","name":"Comment","target":["https:\/\/8a.pl\/8academy\/10-gadzetow-przydatnych-w-gorach-wiosna\/#respond"]}]},{"@type":"WebPage","@id":"https:\/\/8a.pl\/8academy\/10-gadzetow-przydatnych-w-gorach-wiosna\/","url":"https:\/\/8a.pl\/8academy\/10-gadzetow-przydatnych-w-gorach-wiosna\/","name":"10 gad\u017cet\u00f3w przydatnych w g\u00f3rach wiosn\u0105 | 8academy","isPartOf":{"@id":"https:\/\/8a.pl\/8academy\/#website"},"primaryImageOfPage":{"@id":"https:\/\/8a.pl\/8academy\/10-gadzetow-przydatnych-w-gorach-wiosna\/#primaryimage"},"image":{"@id":"https:\/\/8a.pl\/8academy\/10-gadzetow-przydatnych-w-gorach-wiosna\/#primaryimage"},"thumbnailUrl":"https:\/\/8a.pl\/8academy\/wp-content\/uploads\/2018\/04\/kompas.jpg","datePublished":"2018-04-21T05:40:11+00:00","dateModified":"2024-05-19T19:43:15+00:00","description":"Gdy jeste\u015bmy\u00a0w g\u00f3rach wiosn\u0105, jak przygotowa\u0107 si\u0119 na nag\u0142e zmiany pogody? \u00a0I og\u00f3lnie jakie akcesoria mog\u0105 si\u0119 nam przyda\u0107 podczas w\u0119dr\u00f3wek wiosenn\u0105 por\u0105? Oto kilka propozycji.","breadcrumb":{"@id":"https:\/\/8a.pl\/8academy\/10-gadzetow-przydatnych-w-gorach-wiosna\/#breadcrumb"},"inLanguage":"pl-PL","potentialAction":[{"@type":"ReadAction","target":["https:\/\/8a.pl\/8academy\/10-gadzetow-przydatnych-w-gorach-wiosna\/"]}]},{"@type":"ImageObject","inLanguage":"pl-PL","@id":"https:\/\/8a.pl\/8academy\/10-gadzetow-przydatnych-w-gorach-wiosna\/#primaryimage","url":"https:\/\/8a.pl\/8academy\/wp-content\/uploads\/2018\/04\/kompas.jpg","contentUrl":"https:\/\/8a.pl\/8academy\/wp-content\/uploads\/2018\/04\/kompas.jpg","width":1100,"height":715,"caption":"Gad\u017cety turysty. (fot. Piotr Deska)"},{"@type":"BreadcrumbList","@id":"https:\/\/8a.pl\/8academy\/10-gadzetow-przydatnych-w-gorach-wiosna\/#breadcrumb","itemListElement":[{"@type":"ListItem","position":1,"name":"Strona g\u0142\u00f3wna","item":"https:\/\/8a.pl\/8academy\/"},{"@type":"ListItem","position":2,"name":"10 gad\u017cet\u00f3w przydatnych w g\u00f3rach wiosn\u0105"}]},{"@type":"WebSite","@id":"https:\/\/8a.pl\/8academy\/#website","url":"https:\/\/8a.pl\/8academy\/","name":"8academy.pl - portal g\u00f3rski i wspinaczkowy dla aktywnych","description":"8academy to portal g\u00f3rski o wspinaczce, trekkingu i skiturach. Znajdziesz tu porady, testy sprz\u0119tu i opisy najlepszych rejon\u00f3w. Inspirujemy zdobywc\u00f3w!","publisher":{"@id":"https:\/\/8a.pl\/8academy\/#organization"},"potentialAction":[{"@type":"SearchAction","target":{"@type":"EntryPoint","urlTemplate":"https:\/\/8a.pl\/8academy\/?s={search_term_string}"},"query-input":{"@type":"PropertyValueSpecification","valueRequired":true,"valueName":"search_term_string"}}],"inLanguage":"pl-PL"},{"@type":"Organization","@id":"https:\/\/8a.pl\/8academy\/#organization","name":"8academy.pl - portal g\u00f3rski i wspinaczkowy dla aktywnych","url":"https:\/\/8a.pl\/8academy\/","logo":{"@type":"ImageObject","inLanguage":"pl-PL","@id":"https:\/\/8a.pl\/8academy\/#\/schema\/logo\/image\/","url":"https:\/\/8a.pl\/8academy\/wp-content\/uploads\/2015\/11\/logo.png","contentUrl":"https:\/\/8a.pl\/8academy\/wp-content\/uploads\/2015\/11\/logo.png","width":438,"height":315,"caption":"8academy.pl - portal g\u00f3rski i wspinaczkowy dla aktywnych"},"image":{"@id":"https:\/\/8a.pl\/8academy\/#\/schema\/logo\/image\/"},"sameAs":["https:\/\/pl-pl.facebook.com\/sklep8apl\/","https:\/\/www.instagram.com\/8apl\/"]},{"@type":"Person","@id":"https:\/\/8a.pl\/8academy\/#\/schema\/person\/7cefcd43b1d94688eead417e6eda8434","name":"Pawe\u0142 Gibek","image":{"@type":"ImageObject","inLanguage":"pl-PL","@id":"https:\/\/8a.pl\/8academy\/#\/schema\/person\/image\/","url":"https:\/\/8a.pl\/8academy\/wp-content\/uploads\/2017\/12\/Pawel-Gibek-b-150x150.jpg","contentUrl":"https:\/\/8a.pl\/8academy\/wp-content\/uploads\/2017\/12\/Pawel-Gibek-b-150x150.jpg","caption":"Pawe\u0142 Gibek"},"description":"G\u00f3rsk\u0105 pasj\u0119 odkry\u0142 w sobie do\u015b\u0107 p\u00f3\u017ano. Uderzy\u0142a jednak w niego ze zwielokrotnion\u0105 si\u0142\u0105. Obecnie ka\u017cd\u0105 woln\u0105 chwil\u0119 stara si\u0119 sp\u0119dza\u0107 chodz\u0105c po g\u00f3rach, pisz\u0105c o nich lub czytaj\u0105c. Lubi w\u0119dr\u00f3wki po Beskidach i Sudetach, ale najwi\u0119cej czasu sp\u0119dza w Tatrach. Gdy po raz pierwszy zobaczy\u0142 Dolin\u0119 Pi\u0119ciu Staw\u00f3w Polskich, nie chcia\u0142 wraca\u0107 do miasta. Musia\u0142, bo \u017cyje i pracuje w Krakowie, ale od tamtej pory marzy, aby w przysz\u0142o\u015bci m\u00f3c na sta\u0142e zamieszka\u0107 w g\u00f3rach. Lato i jesie\u0144 to dla niego czas pieszych w\u0119dr\u00f3wkach, a zim\u0119 i wczesn\u0105 wiosn\u0119 najch\u0119tniej sp\u0119dza z nartami na nogach. Prowadzi blog G\u00f3rsko z g\u00f3rskimi newsami, poradami, recenzjami ksi\u0105\u017cek i relacjami z wyjazd\u00f3w.","url":"https:\/\/8a.pl\/8academy\/author\/pawel-gibek\/"}]}},"_links":{"self":[{"href":"https:\/\/8a.pl\/8academy\/wp-json\/wp\/v2\/posts\/19585","targetHints":{"allow":["GET"]}}],"collection":[{"href":"https:\/\/8a.pl\/8academy\/wp-json\/wp\/v2\/posts"}],"about":[{"href":"https:\/\/8a.pl\/8academy\/wp-json\/wp\/v2\/types\/post"}],"author":[{"embeddable":true,"href":"https:\/\/8a.pl\/8academy\/wp-json\/wp\/v2\/users\/47"}],"replies":[{"embeddable":true,"href":"https:\/\/8a.pl\/8academy\/wp-json\/wp\/v2\/comments?post=19585"}],"version-history":[{"count":1,"href":"https:\/\/8a.pl\/8academy\/wp-json\/wp\/v2\/posts\/19585\/revisions"}],"predecessor-version":[{"id":64929,"href":"https:\/\/8a.pl\/8academy\/wp-json\/wp\/v2\/posts\/19585\/revisions\/64929"}],"wp:featuredmedia":[{"embeddable":true,"href":"https:\/\/8a.pl\/8academy\/wp-json\/wp\/v2\/media\/19497"}],"wp:attachment":[{"href":"https:\/\/8a.pl\/8academy\/wp-json\/wp\/v2\/media?parent=19585"}],"wp:term":[{"taxonomy":"category","embeddable":true,"href":"https:\/\/8a.pl\/8academy\/wp-json\/wp\/v2\/categories?post=19585"},{"taxonomy":"post_tag","embeddable":true,"href":"https:\/\/8a.pl\/8academy\/wp-json\/wp\/v2\/tags?post=19585"}],"curies":[{"name":"wp","href":"https:\/\/api.w.org\/{rel}","templated":true}]}}