{"id":15520,"date":"2017-12-04T09:06:05","date_gmt":"2017-12-04T08:06:05","guid":{"rendered":"http:\/\/8a.pl\/8academy\/?p=15520"},"modified":"2024-05-19T23:28:47","modified_gmt":"2024-05-19T21:28:47","slug":"trasy-skiturowe-w-rejonie-kasprowego-wierchu","status":"publish","type":"post","link":"https:\/\/8a.pl\/8academy\/trasy-skiturowe-w-rejonie-kasprowego-wierchu\/","title":{"rendered":"Trasy skiturowe w rejonie Kasprowego Wierchu"},"content":{"rendered":"<p><span style=\"font-weight: 400;\">Ku\u017anice s\u0105 \u0142atwo i stosunkowo szybko dost\u0119pnym punktem rozpocz\u0119cia wycieczki. W por\u00f3wnaniu do innych tatrza\u0144skich dolin, nie musimy pokonywa\u0107 d\u0142ugich i p\u0142askich odcink\u00f3w, a na nartach przy dobrym stanie pokrywy \u015bnie\u017cnej zje\u017cd\u017camy praktycznie do drzwi samochodu. Pocz\u0105tkuj\u0105cy skiturowcy mog\u0105 zaopatrzy\u0107 si\u0119 w niezb\u0119dny sprz\u0119t w wypo\u017cyczalni Tatra Trade przy rondzie im. Jana Paw\u0142a II lub w bezpo\u015brednio w Ku\u017anicach. Ponadto istnieje mo\u017cliwo\u015b\u0107 kontroli detektora lawinowego na specjalnych urz\u0105dzeniach przy wej\u015bciu na teren parku.<\/span><\/p>\n<div id=\"attachment_15525\" style=\"width: 1010px\" class=\"wp-caption alignnone\"><img fetchpriority=\"high\" decoding=\"async\" aria-describedby=\"caption-attachment-15525\" class=\"Gdzie mo\u017cna poje\u017adzi\u0107 na skiturach wp-image-15525 size-full\" title=\"Tatry na skiturach\" src=\"http:\/\/8a.pl\/8academy\/wp-content\/uploads\/2017\/12\/4-srodek.jpg\" alt=\"Trasy skiturowe w rejonie Kasprowego Wierchu\" width=\"1000\" height=\"650\" srcset=\"https:\/\/8a.pl\/8academy\/wp-content\/uploads\/2017\/12\/4-srodek.jpg 1000w, https:\/\/8a.pl\/8academy\/wp-content\/uploads\/2017\/12\/4-srodek-300x195.jpg 300w, https:\/\/8a.pl\/8academy\/wp-content\/uploads\/2017\/12\/4-srodek-768x499.jpg 768w\" sizes=\"(max-width: 1000px) 100vw, 1000px\" \/><p id=\"caption-attachment-15525\" class=\"wp-caption-text\">Hala G\u0105sienicowa (fot. Skiturowe Tatry)<\/p><\/div>\n<h2 style=\"text-align: center;\">Na Hal\u0119&nbsp;Goryczkow\u0105<\/h2>\n<p><span style=\"font-weight: 400;\">W Ku\u017anicach sw\u00f3j pocz\u0105tek ma kilka pi\u0119knych i wartych polecenia tras. <a href=\"https:\/\/8a.pl\/8academy\/skituring-jak-zaczac\/\" target=\"_blank\" rel=\"noopener noreferrer\">Na pierwsze wycieczki skiturowe<\/a> najlepiej wybra\u0107 si\u0119 szlakiem narciarskim prowadz\u0105cym na Hal\u0119 Goryczkow\u0105. Pocz\u0105tkowo wiedzie on \u0142agodn\u0105 i szerok\u0105 drog\u0105 przez Polan\u0119 Kalat\u00f3wki, nast\u0119pnie przez chwil\u0119 le\u015bn\u0105 drog\u0105, kt\u00f3ra przy tzw. \u201eesie\u201d dochodzi do nartostrady i dalej biegnie wzd\u0142u\u017c trasy zjazdowej do tzw. \u201ePolaka\u201d. Po oko\u0142o 1 godz. 20 min. dociera si\u0119 w okolice dolnej stacji wyci\u0105gu narciarskiego na Hali Goryczkowej. Od tego miejsca podej\u015bcie staje si\u0119 bardziej strome, a szlak skiturowy prowadzi wzd\u0142u\u017c trasy zjazdowej, lecz poza fladrami wyznaczaj\u0105cymi nartostrad\u0119. Niezb\u0119dne staje si\u0119 poruszanie zakosami b\u0105d\u017a podniesienie pi\u0119tki wi\u0105zania.<\/span><\/p>\n<div id=\"attachment_15532\" style=\"width: 1010px\" class=\"wp-caption alignnone\"><img decoding=\"async\" aria-describedby=\"caption-attachment-15532\" class=\"Skitury na Hali Goryczkowej wp-image-15532 size-full\" title=\"Tatry na nartach\" src=\"http:\/\/8a.pl\/8academy\/wp-content\/uploads\/2017\/12\/20170305_115657.jpg\" alt=\"Trasa na Hale Goryczkow\u0105\" width=\"1000\" height=\"650\" srcset=\"https:\/\/8a.pl\/8academy\/wp-content\/uploads\/2017\/12\/20170305_115657.jpg 1000w, https:\/\/8a.pl\/8academy\/wp-content\/uploads\/2017\/12\/20170305_115657-300x195.jpg 300w, https:\/\/8a.pl\/8academy\/wp-content\/uploads\/2017\/12\/20170305_115657-768x499.jpg 768w\" sizes=\"(max-width: 1000px) 100vw, 1000px\" \/><p id=\"caption-attachment-15532\" class=\"wp-caption-text\">Goryczkowy Kocio\u0142, w tle Po\u015bredni Goryczkowy Wierch, Goryczkowa Czuba, Kopa Kondracka, Giewont (fot. Skiturowe Tatry)<\/p><\/div>\n<p><span style=\"font-weight: 400;\">Du\u017c\u0105 zalet\u0105 tej trasy jest \u0142atwy zjazd nartostrad\u0105. Osoby, kt\u00f3re niepewnie czuj\u0105 si\u0119 na zjazdach, na pierwsze wycieczki skiturowe powinny wybiera\u0107 si\u0119 w\u0142a\u015bnie w&nbsp;takie miejsca. Zanim zdecydujemy si\u0119 na jazd\u0119 poza trasami, nale\u017cy opanowa\u0107 zjazdy do tego stopnia, aby bez problem\u00f3w radzi\u0107 sobie na nartostradzie z Kasprowego Wierchu. Zdarza si\u0119, \u017ce nawet wprawieni narciarze z wieloletnim do\u015bwiadczeniem w je\u017adzie na przygotowanych stokach, miewaj\u0105 problemy z jazd\u0105 w terenie na <a href=\"https:\/\/8a.pl\/narty-skiturowe\" target=\"_blank\" rel=\"noopener noreferrer\">nartach skiturowych<\/a>. W por\u00f3wnaniu do sprz\u0119tu zjazdowego, skitury s\u0105 du\u017co l\u017cejsze, a mniej sztywne buty s\u0142abiej stabilizuj\u0105 staw skokowy, dlatego warto na pierwsze zjazdy wybiera\u0107 stosunkowo \u0142atwe trasy, aby oswoi\u0107 i zapozna\u0107 si\u0119 ze <a href=\"https:\/\/8a.pl\/sprzet-skiturowy\" target=\"_blank\" rel=\"noopener noreferrer\">sprz\u0119tem<\/a>.<\/span><\/p>\n<div id=\"attachment_15531\" style=\"width: 1010px\" class=\"wp-caption alignnone\"><img decoding=\"async\" aria-describedby=\"caption-attachment-15531\" class=\"skitury w Polsce wp-image-15531 size-full\" title=\"Hala Goryczkowa narty\" src=\"http:\/\/8a.pl\/8academy\/wp-content\/uploads\/2017\/12\/20170305_115202.jpg\" alt=\"Gdzie w Tatrach mo\u017cna je\u017adzi\u0107 na skiturach\" width=\"1000\" height=\"650\" srcset=\"https:\/\/8a.pl\/8academy\/wp-content\/uploads\/2017\/12\/20170305_115202.jpg 1000w, https:\/\/8a.pl\/8academy\/wp-content\/uploads\/2017\/12\/20170305_115202-300x195.jpg 300w, https:\/\/8a.pl\/8academy\/wp-content\/uploads\/2017\/12\/20170305_115202-768x499.jpg 768w\" sizes=\"(max-width: 1000px) 100vw, 1000px\" \/><p id=\"caption-attachment-15531\" class=\"wp-caption-text\">Goryczkowy Kocio\u0142, w tle Po\u015bredni Goryczkowy Wierch, Goryczkowa Czuba, Kopa Kondracka, Giewont (fot. Skiturowe Tatry)<\/p><\/div>\n<h2 style=\"text-align: center;\">Na Hal\u0119 G\u0105sienicow\u0105<\/h2>\n<p><span style=\"font-weight: 400;\">Inn\u0105, pi\u0119kn\u0105 tras\u0105, kt\u00f3ra sw\u00f3j pocz\u0105tek ma w Ku\u017anicach, jest nartostrada prowadz\u0105ca na Hal\u0119 G\u0105sienicow\u0105. Wiedzie \u0142agodnym, lecz do\u015b\u0107 d\u0142ugim podej\u015bciem przez las nad Dolin\u0105 Olczysk\u0105. Po oko\u0142o 1 godz. 30 min. dochodzi si\u0119 do po\u0142\u0105czenia z niebieskim szlakiem, gdzie trzeba pokona\u0107 kr\u00f3tki zjazd <em><a href=\"https:\/\/8a.pl\/8academy\/foki-do-nart\/\" target=\"_blank\" rel=\"noopener noreferrer\">\u201ena foce\u201d<\/a><\/em>. Dla pocz\u0105tkuj\u0105cych skiturowc\u00f3w zjazd z przypi\u0119tymi fokami, a przy tym z odpi\u0119tymi butami i pi\u0119tkami w wi\u0105zaniach mo\u017ce by\u0107 ci\u0119\u017cki, ale gwarantuj\u0119, \u017ce jest to skuteczny i najszybszy spos\u00f3b pokonania tego kr\u00f3tkiego zjazdu.<\/span><\/p>\n<div id=\"attachment_15523\" style=\"width: 1010px\" class=\"wp-caption alignnone\"><img loading=\"lazy\" decoding=\"async\" aria-describedby=\"caption-attachment-15523\" class=\"Gdzie w polskich Tatrach na skitury wp-image-15523 size-full\" title=\"skitury w polskich Tatrach\" src=\"http:\/\/8a.pl\/8academy\/wp-content\/uploads\/2017\/12\/2-srodek.jpg\" alt=\"Skitury na Hali G\u0105sienicowej\" width=\"1000\" height=\"650\" srcset=\"https:\/\/8a.pl\/8academy\/wp-content\/uploads\/2017\/12\/2-srodek.jpg 1000w, https:\/\/8a.pl\/8academy\/wp-content\/uploads\/2017\/12\/2-srodek-300x195.jpg 300w, https:\/\/8a.pl\/8academy\/wp-content\/uploads\/2017\/12\/2-srodek-768x499.jpg 768w\" sizes=\"(max-width: 1000px) 100vw, 1000px\" \/><p id=\"caption-attachment-15523\" class=\"wp-caption-text\">Karb (fot. Skiturowe Tatry)<\/p><\/div>\n<p><span style=\"font-weight: 400;\">Na Hali G\u0105sienicowej mo\u017cemy wybiera\u0107 z wachlarza przecudnych tras. Opr\u00f3cz <\/span><b>podej\u015bcia na Kasprowy Wierch<\/b><span style=\"font-weight: 400;\">, kt\u00f3re jest naj\u0142atwiejsze technicznie, orientacyjnie, a tak\u017ce stosunkowo bezpieczne, w&nbsp;okolicy jest wiele innych szlak\u00f3w. Dla nieco bardziej zaawansowanych skiturowc\u00f3w polecam <\/span><b>wycieczk\u0119 na Prze\u0142\u0119cz Karb<\/b><span style=\"font-weight: 400;\">. Osobi\u015bcie najbardziej lubi\u0119 podchodzi\u0107 od strony Doliny Zielonej G\u0105sienicowej, nazywanej potocznie \u201epojezierzem\u201d. Cz\u0119sto jest to te\u017c jedyne bezpieczne doj\u015bcie na Karb. Ze wzgl\u0119du na ryzyko lawinowe, kt\u00f3re na znacznie bardziej stromych i zacienionych stokach opadaj\u0105cych do Czarnego Stawu G\u0105sienicowego, mo\u017ce by\u0107 du\u017co wy\u017csze, ni\u017c po zachodniej stronie prze\u0142\u0119czy.<\/span><\/p>\n<div id=\"attachment_15522\" style=\"width: 1010px\" class=\"wp-caption alignnone\"><img loading=\"lazy\" decoding=\"async\" aria-describedby=\"caption-attachment-15522\" class=\"Skitury w Tatrach co polecacie wp-image-15522 size-full\" title=\"trasy skiturowe w Tatrach \" src=\"http:\/\/8a.pl\/8academy\/wp-content\/uploads\/2017\/12\/1-srodek.jpg\" alt=\"tatrza\u0144skie trasy dla skiturowc\u00f3w\" width=\"1000\" height=\"650\" srcset=\"https:\/\/8a.pl\/8academy\/wp-content\/uploads\/2017\/12\/1-srodek.jpg 1000w, https:\/\/8a.pl\/8academy\/wp-content\/uploads\/2017\/12\/1-srodek-300x195.jpg 300w, https:\/\/8a.pl\/8academy\/wp-content\/uploads\/2017\/12\/1-srodek-768x499.jpg 768w\" sizes=\"(max-width: 1000px) 100vw, 1000px\" \/><p id=\"caption-attachment-15522\" class=\"wp-caption-text\">Zjazd z Karbu do Czarnego Stawu G\u0105sienicowego (fot. Skiturowe Tatry)<\/p><\/div>\n<p><span style=\"font-weight: 400;\">W wycieczce na Karb od strony Doliny Zielonych Staw\u00f3w lubi\u0119 efekt zaskoczenia, kt\u00f3ry powoduje wej\u015bcie na prze\u0142\u0119cz. Podej\u015bcie prowadzi niezbyt trudnym stokiem o \u0142agodnym nachyleniu, a sama prze\u0142\u0119cz jest bardzo niepozorna. Moment wej\u015bcia na Karb budzi w ludziach, szczeg\u00f3lnie tych, kt\u00f3rzy s\u0105 tam pierwszy raz, niesamowite emocje \u2013 druga strona, znacznie bardziej stroma, praktycznie przez ca\u0142\u0105 zim\u0119 zacieniona, wydaje si\u0119 gro\u017ana i nies\u0142ychanie trudna do pokonania. Je\u017celi chodzi o zjazd, to stoj\u0105c ju\u017c na prze\u0142\u0119czy mo\u017cemy podj\u0105\u0107 decyzj\u0119, oczywi\u015bcie bior\u0105c pod uwag\u0119 zagro\u017cenie lawinowe, pogod\u0119 i w\u0142asne umiej\u0119tno\u015bci, na kt\u00f3r\u0105 stron\u0119 zamierzamy zje\u017cd\u017ca\u0107. Oba warianty dostarczaj\u0105 niezapomnianych prze\u017cy\u0107 i oba bardzo polecam. (Mo\u017cna przecie\u017c podej\u015b\u0107 drugi raz).<\/span><\/p>\n<div id=\"attachment_15524\" style=\"width: 1010px\" class=\"wp-caption alignnone\"><img loading=\"lazy\" decoding=\"async\" aria-describedby=\"caption-attachment-15524\" class=\"ski-toury w Tatrach wp-image-15524 size-full\" title=\"Karb na skiturach\" src=\"http:\/\/8a.pl\/8academy\/wp-content\/uploads\/2017\/12\/3-srodek.jpg\" alt=\"Dolina Zielona G\u0105sienicowa\" width=\"1000\" height=\"650\" srcset=\"https:\/\/8a.pl\/8academy\/wp-content\/uploads\/2017\/12\/3-srodek.jpg 1000w, https:\/\/8a.pl\/8academy\/wp-content\/uploads\/2017\/12\/3-srodek-300x195.jpg 300w, https:\/\/8a.pl\/8academy\/wp-content\/uploads\/2017\/12\/3-srodek-768x499.jpg 768w\" sizes=\"(max-width: 1000px) 100vw, 1000px\" \/><p id=\"caption-attachment-15524\" class=\"wp-caption-text\">Zjazd z Karbu do Doliny Zielonej G\u0105sienicowej, w tle \u015awinica i Ko\u015bcielec(fot. Skiturowe Tatry)<\/p><\/div>\n<h2 style=\"text-align: center;\">Zawrat i Kozia Prze\u0142\u0119cz<\/h2>\n<p><span style=\"font-weight: 400;\">Bardziej zaawansowanym skiturowcom polecam wyj\u015bcie na Zawrat czy na Kozi\u0105 Prze\u0142\u0119cz. Mo\u017cna te\u017c po\u0142\u0105czy\u0107 oba przej\u015bcia, czyli np. z Zawratu zjecha\u0107 do Doliny Pi\u0119ciu Staw\u00f3w, a nast\u0119pnie podej\u015b\u0107 przez Dolink\u0119 Pust\u0105 na Kozi\u0105 Prze\u0142\u0119cz i dzi\u0119ki temu pokona\u0107 odcinek trasy zawod\u00f3w im. Piotra Malinowskiego. Na tak\u0105 wycieczk\u0119 koniecznie trzeba wzi\u0105\u0107 <a href=\"https:\/\/8a.pl\/8academy\/jakie-raki-w-tatry\/\" target=\"_blank\" rel=\"noopener noreferrer\">raki<\/a> \u2013 na stromych odcinkach prowadz\u0105cych na obie prze\u0142\u0119cze mog\u0105 by\u0107 niezb\u0119dne!<\/span><\/p>\n<h2 style=\"text-align: center;\">Zasady bezpiecze\u0144stwa<\/h2>\n<p><span style=\"font-weight: 400;\">Dolina Bystrej, czyli wspomniany rejon Ku\u017anic, Kasprowego Wierchu, &nbsp;a tak\u017ce Kopy Kondrackiej oraz Hala G\u0105sienicowa, nale\u017c\u0105 niew\u0105tpliwie do najch\u0119tniej ucz\u0119szczanych przez skiturowc\u00f3w miejsc w&nbsp;Tatrach Polskich. Opr\u00f3cz nat\u0119\u017conego ruchu skiturowego, teren ten charakteryzuje si\u0119 nasilon\u0105 turystyk\u0105 piesz\u0105, ch\u0119tnie uprawian\u0105 tak\u017ce w okresie zimowym. Poza tym na Kasprowym Wierchu znajduj\u0105 si\u0119 dwa wyci\u0105gi narciarskie, wi\u0119c na sie\u0107 szlak\u00f3w pieszych nak\u0142adaj\u0105 si\u0119 dodatkowo trasy zjazdowe. To wszystko powoduje, \u017ce konieczne by\u0142o wprowadzenie dodatkowych regulacji przez TPN dotycz\u0105cych poruszania si\u0119 na skiturach. Je\u017celi zaplanujecie przyjazd w Tatry i wycieczk\u0119 w tym rejonie, koniecznie zapoznajcie si\u0119 z przepisami dotycz\u0105cymi udost\u0119pniania Tatrza\u0144skiego Parku Narodowego, kt\u00f3re znajdziecie <a href=\"https:\/\/tpn.pl\/zwiedzaj\/narciarstwo\" target=\"_blank\" rel=\"noopener noreferrer\">tutaj<\/a>.<\/span><span style=\"font-weight: 400;\">&nbsp;Pami\u0119tajcie te\u017c aby sprawdzi\u0107 aktualny <a href=\"https:\/\/8a.pl\/8academy\/avaluator-2-0\/\" target=\"_blank\" rel=\"noopener noreferrer\">stopie\u0144 zagro\u017cenia lawinowego<\/a>, prognozy pogody, a przed wyruszeniem sprawno\u015b\u0107 detektor\u00f3w lawinowych ka\u017cdego z&nbsp;uczestnik\u00f3w. Bawcie si\u0119 dobrze uprawiaj\u0105c ten przepi\u0119kny sport &nbsp;w wyj\u0105tkowym miejscu!<\/span><\/p>\n<div id=\"attachment_15530\" style=\"width: 1010px\" class=\"wp-caption alignnone\"><img loading=\"lazy\" decoding=\"async\" aria-describedby=\"caption-attachment-15530\" class=\"Hala Kondratowa ski-toury wp-image-15530 size-full\" title=\"Hala Kondratowa narty\" src=\"http:\/\/8a.pl\/8academy\/wp-content\/uploads\/2017\/12\/20170219_102113.jpg\" alt=\"Skitury na Hali Kondratowej\" width=\"1000\" height=\"650\" srcset=\"https:\/\/8a.pl\/8academy\/wp-content\/uploads\/2017\/12\/20170219_102113.jpg 1000w, https:\/\/8a.pl\/8academy\/wp-content\/uploads\/2017\/12\/20170219_102113-300x195.jpg 300w, https:\/\/8a.pl\/8academy\/wp-content\/uploads\/2017\/12\/20170219_102113-768x499.jpg 768w\" sizes=\"(max-width: 1000px) 100vw, 1000px\" \/><p id=\"caption-attachment-15530\" class=\"wp-caption-text\">Hala Kondratowa ze schroniskiem, w tle Kopa Kondracka (fot. Skiturowe Tatry)<\/p><\/div>\n<p><em><strong>AUTOR: Anna Figura &#8211;&nbsp;Instruktor Skiturowe Tatry <\/strong><\/em><\/p>\n<p><em><a href=\"http:\/\/ski-alpinizm.pl\/\"><span style=\"font-weight: 400;\">http:\/\/ski-alpinizm.pl\/<br \/>\n<\/span><\/a><a href=\"https:\/\/www.facebook.com\/SkituroweTatry\/\"><span style=\"font-weight: 400;\">https:\/\/www.facebook.com\/SkituroweTatry\/<\/span><\/a><\/em><\/p>\n","protected":false},"excerpt":{"rendered":"<p>Ku\u017anice i rejon Kasprowego Wierchu mo\u017cna \u015bmia\u0142o uzna\u0107 za mekk\u0119 skiturowc\u00f3w. W weekendy, przy pi\u0119knej pogodzie nawet do 400 os\u00f3b dziennie podchodzi na fokach na Kasprowy Wierch, a kolejne 100 na Hal\u0119 Kondratow\u0105. Wcale mnie to nie dziwi i szczerze przyznam, \u017ce sama te\u017c cz\u0119sto decyduj\u0119 si\u0119 w\u0142a\u015bnie na te trasy. Maj\u0105 one bowiem, opr\u00f3cz niew\u0105tpliwych walor\u00f3w widokowych i przyrodniczych, kilka praktycznych zalet, wa\u017cnych szczeg\u00f3lnie dla pocz\u0105tkuj\u0105cych skiturowc\u00f3w.<\/p>\n","protected":false},"author":39,"featured_media":15529,"comment_status":"open","ping_status":"open","sticky":false,"template":"","format":"standard","meta":{"_acf_changed":false,"_uf_show_specific_survey":0,"_uf_disable_surveys":false,"footnotes":""},"categories":[26075],"tags":[26077,26097,26084],"class_list":["post-15520","post","type-post","status-publish","format-standard","has-post-thumbnail","hentry","category-sporty-zimowe","tag-przewodnik","tag-skitouring","tag-zima"],"acf":[],"yoast_head":"<!-- This site is optimized with the Yoast SEO Premium plugin v23.4 (Yoast SEO v25.5) - https:\/\/yoast.com\/wordpress\/plugins\/seo\/ -->\n<title>Trasy skiturowe w rejonie Kasprowego Wierchu. Anna Figura | 8academy<\/title>\n<meta name=\"description\" content=\"W weekendy, przy pi\u0119knej pogodzie nawet do 400 os\u00f3b dziennie podchodzi tam na fokach. Anna Figura przedstawia trasy skiturowe w rejonie Kasprowego Wierchu.\" \/>\n<meta name=\"robots\" content=\"index, follow, max-snippet:-1, max-image-preview:large, max-video-preview:-1\" \/>\n<link rel=\"canonical\" href=\"https:\/\/8a.pl\/8academy\/trasy-skiturowe-w-rejonie-kasprowego-wierchu\/\" \/>\n<meta property=\"og:locale\" content=\"pl_PL\" \/>\n<meta property=\"og:type\" content=\"article\" \/>\n<meta property=\"og:title\" content=\"Trasy skiturowe w rejonie Kasprowego Wierchu\" \/>\n<meta property=\"og:description\" content=\"W weekendy, przy pi\u0119knej pogodzie nawet do 400 os\u00f3b dziennie podchodzi tam na fokach. Anna Figura przedstawia trasy skiturowe w rejonie Kasprowego Wierchu.\" \/>\n<meta property=\"og:url\" content=\"https:\/\/8a.pl\/8academy\/trasy-skiturowe-w-rejonie-kasprowego-wierchu\/\" \/>\n<meta property=\"og:site_name\" content=\"8academy.pl - portal g\u00f3rski i wspinaczkowy dla aktywnych\" \/>\n<meta property=\"article:publisher\" content=\"https:\/\/pl-pl.facebook.com\/sklep8apl\/\" \/>\n<meta property=\"article:published_time\" content=\"2017-12-04T08:06:05+00:00\" \/>\n<meta property=\"article:modified_time\" content=\"2024-05-19T21:28:47+00:00\" \/>\n<meta property=\"og:image\" content=\"http:\/\/8a.pl\/8academy\/wp-content\/uploads\/2017\/12\/16864678_1883408081895377_3891491312710457007_n.jpg\" \/>\n\t<meta property=\"og:image:width\" content=\"1100\" \/>\n\t<meta property=\"og:image:height\" content=\"716\" \/>\n\t<meta property=\"og:image:type\" content=\"image\/jpeg\" \/>\n<meta name=\"author\" content=\"Anna Figura\" \/>\n<meta name=\"twitter:card\" content=\"summary_large_image\" \/>\n<meta name=\"twitter:label1\" content=\"Napisane przez\" \/>\n\t<meta name=\"twitter:data1\" content=\"Anna Figura\" \/>\n\t<meta name=\"twitter:label2\" content=\"Szacowany czas czytania\" \/>\n\t<meta name=\"twitter:data2\" content=\"7 minut\" \/>\n<!-- \/ Yoast SEO Premium plugin. -->","yoast_head_json":{"title":"Trasy skiturowe w rejonie Kasprowego Wierchu. Anna Figura | 8academy","description":"W weekendy, przy pi\u0119knej pogodzie nawet do 400 os\u00f3b dziennie podchodzi tam na fokach. Anna Figura przedstawia trasy skiturowe w rejonie Kasprowego Wierchu.","robots":{"index":"index","follow":"follow","max-snippet":"max-snippet:-1","max-image-preview":"max-image-preview:large","max-video-preview":"max-video-preview:-1"},"canonical":"https:\/\/8a.pl\/8academy\/trasy-skiturowe-w-rejonie-kasprowego-wierchu\/","og_locale":"pl_PL","og_type":"article","og_title":"Trasy skiturowe w rejonie Kasprowego Wierchu","og_description":"W weekendy, przy pi\u0119knej pogodzie nawet do 400 os\u00f3b dziennie podchodzi tam na fokach. Anna Figura przedstawia trasy skiturowe w rejonie Kasprowego Wierchu.","og_url":"https:\/\/8a.pl\/8academy\/trasy-skiturowe-w-rejonie-kasprowego-wierchu\/","og_site_name":"8academy.pl - portal g\u00f3rski i wspinaczkowy dla aktywnych","article_publisher":"https:\/\/pl-pl.facebook.com\/sklep8apl\/","article_published_time":"2017-12-04T08:06:05+00:00","article_modified_time":"2024-05-19T21:28:47+00:00","og_image":[{"width":1100,"height":716,"url":"http:\/\/8a.pl\/8academy\/wp-content\/uploads\/2017\/12\/16864678_1883408081895377_3891491312710457007_n.jpg","type":"image\/jpeg"}],"author":"Anna Figura","twitter_card":"summary_large_image","twitter_misc":{"Napisane przez":"Anna Figura","Szacowany czas czytania":"7 minut"},"schema":{"@context":"https:\/\/schema.org","@graph":[{"@type":"Article","@id":"https:\/\/8a.pl\/8academy\/trasy-skiturowe-w-rejonie-kasprowego-wierchu\/#article","isPartOf":{"@id":"https:\/\/8a.pl\/8academy\/trasy-skiturowe-w-rejonie-kasprowego-wierchu\/"},"author":{"name":"Anna Figura","@id":"https:\/\/8a.pl\/8academy\/#\/schema\/person\/99d8c5d9dadce0a25f5711f983ef9e6d"},"headline":"Trasy skiturowe w rejonie Kasprowego Wierchu","datePublished":"2017-12-04T08:06:05+00:00","dateModified":"2024-05-19T21:28:47+00:00","mainEntityOfPage":{"@id":"https:\/\/8a.pl\/8academy\/trasy-skiturowe-w-rejonie-kasprowego-wierchu\/"},"wordCount":1084,"commentCount":0,"publisher":{"@id":"https:\/\/8a.pl\/8academy\/#organization"},"image":{"@id":"https:\/\/8a.pl\/8academy\/trasy-skiturowe-w-rejonie-kasprowego-wierchu\/#primaryimage"},"thumbnailUrl":"https:\/\/8a.pl\/8academy\/wp-content\/uploads\/2017\/12\/16864678_1883408081895377_3891491312710457007_n.jpg","keywords":["Przewodnik","Skitouring","Zima"],"articleSection":["Sporty zimowe"],"inLanguage":"pl-PL","potentialAction":[{"@type":"CommentAction","name":"Comment","target":["https:\/\/8a.pl\/8academy\/trasy-skiturowe-w-rejonie-kasprowego-wierchu\/#respond"]}]},{"@type":"WebPage","@id":"https:\/\/8a.pl\/8academy\/trasy-skiturowe-w-rejonie-kasprowego-wierchu\/","url":"https:\/\/8a.pl\/8academy\/trasy-skiturowe-w-rejonie-kasprowego-wierchu\/","name":"Trasy skiturowe w rejonie Kasprowego Wierchu. Anna Figura | 8academy","isPartOf":{"@id":"https:\/\/8a.pl\/8academy\/#website"},"primaryImageOfPage":{"@id":"https:\/\/8a.pl\/8academy\/trasy-skiturowe-w-rejonie-kasprowego-wierchu\/#primaryimage"},"image":{"@id":"https:\/\/8a.pl\/8academy\/trasy-skiturowe-w-rejonie-kasprowego-wierchu\/#primaryimage"},"thumbnailUrl":"https:\/\/8a.pl\/8academy\/wp-content\/uploads\/2017\/12\/16864678_1883408081895377_3891491312710457007_n.jpg","datePublished":"2017-12-04T08:06:05+00:00","dateModified":"2024-05-19T21:28:47+00:00","description":"W weekendy, przy pi\u0119knej pogodzie nawet do 400 os\u00f3b dziennie podchodzi tam na fokach. Anna Figura przedstawia trasy skiturowe w rejonie Kasprowego Wierchu.","breadcrumb":{"@id":"https:\/\/8a.pl\/8academy\/trasy-skiturowe-w-rejonie-kasprowego-wierchu\/#breadcrumb"},"inLanguage":"pl-PL","potentialAction":[{"@type":"ReadAction","target":["https:\/\/8a.pl\/8academy\/trasy-skiturowe-w-rejonie-kasprowego-wierchu\/"]}]},{"@type":"ImageObject","inLanguage":"pl-PL","@id":"https:\/\/8a.pl\/8academy\/trasy-skiturowe-w-rejonie-kasprowego-wierchu\/#primaryimage","url":"https:\/\/8a.pl\/8academy\/wp-content\/uploads\/2017\/12\/16864678_1883408081895377_3891491312710457007_n.jpg","contentUrl":"https:\/\/8a.pl\/8academy\/wp-content\/uploads\/2017\/12\/16864678_1883408081895377_3891491312710457007_n.jpg","width":1100,"height":716,"caption":"Skitury w Tartach opinie"},{"@type":"BreadcrumbList","@id":"https:\/\/8a.pl\/8academy\/trasy-skiturowe-w-rejonie-kasprowego-wierchu\/#breadcrumb","itemListElement":[{"@type":"ListItem","position":1,"name":"Strona g\u0142\u00f3wna","item":"https:\/\/8a.pl\/8academy\/"},{"@type":"ListItem","position":2,"name":"Trasy skiturowe w rejonie Kasprowego Wierchu"}]},{"@type":"WebSite","@id":"https:\/\/8a.pl\/8academy\/#website","url":"https:\/\/8a.pl\/8academy\/","name":"8academy.pl - portal g\u00f3rski i wspinaczkowy dla aktywnych","description":"8academy to portal g\u00f3rski o wspinaczce, trekkingu i skiturach. Znajdziesz tu porady, testy sprz\u0119tu i opisy najlepszych rejon\u00f3w. Inspirujemy zdobywc\u00f3w!","publisher":{"@id":"https:\/\/8a.pl\/8academy\/#organization"},"potentialAction":[{"@type":"SearchAction","target":{"@type":"EntryPoint","urlTemplate":"https:\/\/8a.pl\/8academy\/?s={search_term_string}"},"query-input":{"@type":"PropertyValueSpecification","valueRequired":true,"valueName":"search_term_string"}}],"inLanguage":"pl-PL"},{"@type":"Organization","@id":"https:\/\/8a.pl\/8academy\/#organization","name":"8academy.pl - portal g\u00f3rski i wspinaczkowy dla aktywnych","url":"https:\/\/8a.pl\/8academy\/","logo":{"@type":"ImageObject","inLanguage":"pl-PL","@id":"https:\/\/8a.pl\/8academy\/#\/schema\/logo\/image\/","url":"https:\/\/8a.pl\/8academy\/wp-content\/uploads\/2015\/11\/logo.png","contentUrl":"https:\/\/8a.pl\/8academy\/wp-content\/uploads\/2015\/11\/logo.png","width":438,"height":315,"caption":"8academy.pl - portal g\u00f3rski i wspinaczkowy dla aktywnych"},"image":{"@id":"https:\/\/8a.pl\/8academy\/#\/schema\/logo\/image\/"},"sameAs":["https:\/\/pl-pl.facebook.com\/sklep8apl\/","https:\/\/www.instagram.com\/8apl\/"]},{"@type":"Person","@id":"https:\/\/8a.pl\/8academy\/#\/schema\/person\/99d8c5d9dadce0a25f5711f983ef9e6d","name":"Anna Figura","image":{"@type":"ImageObject","inLanguage":"pl-PL","@id":"https:\/\/8a.pl\/8academy\/#\/schema\/person\/image\/","url":"https:\/\/8a.pl\/8academy\/wp-content\/uploads\/2017\/10\/portret-min.jpg","contentUrl":"https:\/\/8a.pl\/8academy\/wp-content\/uploads\/2017\/10\/portret-min.jpg","caption":"Anna Figura"},"description":"Ski-alpinistka, siedmiokrotna medalistka Mistrzostw \u015awiata i Europy, pi\u0119ciokrotna mistrzyni Polski w narciarstwie wysokog\u00f3rskim, rekordzistka w biegu na Elbrus, zwyci\u0119\u017cczyni Biegu Grani\u0105 Tatr 2015. Przewodnik Tatrza\u0144ski, Instruktor Narciarstwa, absolwentka le\u015bnictwa na UR w Krakowie, obecnie pracuje w Nadle\u015bnictwie Kro\u015bcienko. Wspierana przez: Fundacj\u0119 LOTTO Milion Marze\u0144, Dynafit, Bukovina, Budrem.","url":"https:\/\/8a.pl\/8academy\/author\/ania-figura\/"}]}},"_links":{"self":[{"href":"https:\/\/8a.pl\/8academy\/wp-json\/wp\/v2\/posts\/15520","targetHints":{"allow":["GET"]}}],"collection":[{"href":"https:\/\/8a.pl\/8academy\/wp-json\/wp\/v2\/posts"}],"about":[{"href":"https:\/\/8a.pl\/8academy\/wp-json\/wp\/v2\/types\/post"}],"author":[{"embeddable":true,"href":"https:\/\/8a.pl\/8academy\/wp-json\/wp\/v2\/users\/39"}],"replies":[{"embeddable":true,"href":"https:\/\/8a.pl\/8academy\/wp-json\/wp\/v2\/comments?post=15520"}],"version-history":[{"count":1,"href":"https:\/\/8a.pl\/8academy\/wp-json\/wp\/v2\/posts\/15520\/revisions"}],"predecessor-version":[{"id":60980,"href":"https:\/\/8a.pl\/8academy\/wp-json\/wp\/v2\/posts\/15520\/revisions\/60980"}],"wp:featuredmedia":[{"embeddable":true,"href":"https:\/\/8a.pl\/8academy\/wp-json\/wp\/v2\/media\/15529"}],"wp:attachment":[{"href":"https:\/\/8a.pl\/8academy\/wp-json\/wp\/v2\/media?parent=15520"}],"wp:term":[{"taxonomy":"category","embeddable":true,"href":"https:\/\/8a.pl\/8academy\/wp-json\/wp\/v2\/categories?post=15520"},{"taxonomy":"post_tag","embeddable":true,"href":"https:\/\/8a.pl\/8academy\/wp-json\/wp\/v2\/tags?post=15520"}],"curies":[{"name":"wp","href":"https:\/\/api.w.org\/{rel}","templated":true}]}}