{"id":15432,"date":"2023-01-30T09:00:00","date_gmt":"2023-01-30T08:00:00","guid":{"rendered":"http:\/\/8a.pl\/8academy\/?p=15432"},"modified":"2023-12-19T12:33:02","modified_gmt":"2023-12-19T11:33:02","slug":"zimowe-rekawiczki-w-gory","status":"publish","type":"post","link":"https:\/\/8a.pl\/8academy\/zimowe-rekawiczki-w-gory\/","title":{"rendered":"Zimowe r\u0119kawiczki w g\u00f3ry"},"content":{"rendered":"\n<p class=\"wp-block-paragraph\">Zdarzy\u0142o si\u0119 wam kiedy\u015b solidnie przemarzn\u0105\u0107? Je\u015bli tak, to du\u017ce prawdopodobie\u0144stwo, \u017ce najbardziej ucierpia\u0142y wasze stopy i d\u0142onie. To normalne, zwa\u017cywszy na fakt, i\u017c to w\u0142a\u015bnie ko\u0144czyny znajduj\u0105 si\u0119 w po\u0142o\u017ceniu peryferyjnym. W przypadku, gdy sytuacja robi si\u0119 trudna, organizm postanawia chroni\u0107 najwa\u017cniejsze organy, ograniczaj\u0105c dop\u0142yw krwi (a wi\u0119c te\u017c \u201ctransfer ciep\u0142a\u201d) do miejsc, kt\u00f3re s\u0105 mniej wa\u017cne, a najbardziej cierpi\u0105 na tym palce (wi\u0119cej na ten temat przeczytacie w <em><a href=\"https:\/\/8a.pl\/8academy\/hipotermia\/\" target=\"_blank\" rel=\"noopener noreferrer\">artykule Janusza Go\u0142\u0105ba o hipotermii<\/a><\/em>). Tematem niniejszego poradnika s\u0105 zimowe r\u0119kawiczki w g\u00f3ry. Element garderoby wa\u017cny dla ka\u017cdego, kto my\u015bli o aktywnym sp\u0119dzaniu czasu w\u015br\u00f3d o\u015bnie\u017conych wierzcho\u0142k\u00f3w i takich atrakcji nie chce okupi\u0107 odmro\u017ceniami.<\/p>\n\n\n\n<p class=\"wp-block-paragraph\"><\/p>\n\n\n<div class=\"wp-block-image ciep\u0142e r\u0119kawice zimowe wp-image-27423 size-full\">\n<figure class=\"aligncenter\"><img fetchpriority=\"high\" decoding=\"async\" width=\"600\" height=\"900\" src=\"https:\/\/8a.pl\/8academy\/wp-content\/uploads\/2019\/02\/GarrettGrove_BakerPNW_Jan2021_0050.jpg\" alt=\"\" class=\"wp-image-62839\" srcset=\"https:\/\/8a.pl\/8academy\/wp-content\/uploads\/2019\/02\/GarrettGrove_BakerPNW_Jan2021_0050.jpg 600w, https:\/\/8a.pl\/8academy\/wp-content\/uploads\/2019\/02\/GarrettGrove_BakerPNW_Jan2021_0050-200x300.jpg 200w\" sizes=\"(max-width: 600px) 100vw, 600px\" \/><figcaption class=\"wp-element-caption\">Maksymalna ochrona przed zimnem, a mo\u017ce precyzja ruch\u00f3w? To cz\u0119sty dylemat os\u00f3b, kt\u00f3re maj\u0105 wybra\u0107 zimowe r\u0119kawiczki w g\u00f3ry. (fot. Black Diamond)<\/figcaption><\/figure>\n<\/div>\n\n\n<h2 class=\"wp-block-heading\" id=\"h-zimowe-rekawiczki-w-gory-o-czym-warto-wiedziec\">Zimowe r\u0119kawiczki w g\u00f3ry &#8211; o czym warto wiedzie\u0107?<\/h2>\n\n\n\n<p class=\"wp-block-paragraph\">Na wst\u0119pie trzeba zastanowi\u0107 si\u0119 nad dwiema podstawowymi kwestiami.<\/p>\n\n\n\n<ul class=\"wp-block-list\">\n<li>Na jak\u0105 konkretnie pogod\u0119 maj\u0105 to by\u0107 <a href=\"https:\/\/8a.pl\/rekawiczki-meskie\" target=\"_blank\" rel=\"noopener noreferrer\">r\u0119kawiczki<\/a>? Pytanie to jest zasadne, bo nigdy nie wiemy czym nas zaskoczy zima. Mo\u017ce by\u0107 tak, \u017ce obejdzie si\u0119 z nami \u0142agodnie, udaj\u0105c jesie\u0144 lub wczesn\u0105 wiosn\u0119. Niewykluczone te\u017c, \u017ce poka\u017ce bardzo srogie oblicze, krusz\u0105c nasze morale t\u0119gimi mrozami po\u0142\u0105czonymi z silnym wiatrem lub sypi\u0105cym si\u0119 bez opami\u0119tania bia\u0142ym puchem.<\/li>\n\n\n\n<li>Jakiej precyzji oczekujemy? Podczas g\u00f3rskich woja\u017cy wykonujemy czynno\u015bci, wymagaj\u0105ce wi\u0119kszego b\u0105d\u017a mniejszego czucia w d\u0142oniach. Je\u015bli dobrze dopasujemy zimowe r\u0119kawiczki do charakteru naszej aktywno\u015bci, ograniczymy do minimum konieczno\u015b\u0107 \u015bci\u0105gania r\u0119kawic (co zawsze wi\u0105\u017ce si\u0119 z utrat\u0105 ciep\u0142a).<\/li>\n<\/ul>\n\n\n\n<p class=\"wp-block-paragraph\">Najog\u00f3lniej rzecz bior\u0105c, nasze zadanie polega na znalezieniu najlepszego kompromisu pomi\u0119dzy po\u017c\u0105danymi w\u0142a\u015bciwo\u015bciami termicznymi oraz zdolno\u015bci\u0105 do wykonywania tych bardziej precyzyjnych czynno\u015bci. Problem w tym, \u017ce nie wszystko da si\u0119 ze sob\u0105 pogodzi\u0107, bo tam, gdzie szukamy rozwi\u0105za\u0144 najcieplejszych, nie znajdziemy modeli zapewniaj\u0105cych chirurgiczn\u0105 precyzj\u0119, a wersje pozwalaj\u0105ce na swobodn\u0105 obs\u0142ug\u0119 smartfona, raczej nie sprawdz\u0105 si\u0119 w przypadku syberyjskich mroz\u00f3w. O rozwi\u0105zanie, kt\u00f3re mog\u0142oby pretendowa\u0107 do miana w pe\u0142ni uniwersalnego, b\u0119dzie niezwykle ci\u0119\u017cko, no ale co\u015b wybra\u0107 trzeba. Oto kilka rzeczy, na kt\u00f3re warto zwr\u00f3ci\u0107 uwag\u0119 szukaj\u0105c rozwi\u0105zania dopasowanego do w\u0142asnych potrzeb.<\/p>\n\n\n\n<p class=\"wp-block-paragraph\"><\/p>\n\n\n<div class=\"wp-block-image\">\n<figure class=\"aligncenter size-full\"><img decoding=\"async\" width=\"600\" height=\"900\" src=\"https:\/\/8a.pl\/8academy\/wp-content\/uploads\/2019\/02\/Sean-Sullivan_2022-Snow-Summit_180.jpg\" alt=\"Zimowe r\u0119kawiczki\" class=\"wp-image-62841\" srcset=\"https:\/\/8a.pl\/8academy\/wp-content\/uploads\/2019\/02\/Sean-Sullivan_2022-Snow-Summit_180.jpg 600w, https:\/\/8a.pl\/8academy\/wp-content\/uploads\/2019\/02\/Sean-Sullivan_2022-Snow-Summit_180-200x300.jpg 200w\" sizes=\"(max-width: 600px) 100vw, 600px\" \/><figcaption class=\"wp-element-caption\">Wyb\u00f3r r\u0119kawiczek zale\u017cy przede wszystkim od tego do czego b\u0119dziemy ich u\u017cywa\u0107 (fot. Black Diamond)<\/figcaption><\/figure>\n<\/div>\n\n\n<h3 class=\"wp-block-heading\" id=\"h-kroj\">Kr\u00f3j<\/h3>\n\n\n\n<p class=\"wp-block-paragraph\">Sytuacja jest bardzo przejrzysta. Z jednej strony mamy modele <strong>pi\u0119ciopalczaste,<\/strong> kt\u00f3re pozwalaj\u0105 nam na wykonywanie bardziej precyzyjnych operacji (co doceni\u0105 osoby o zaci\u0119ciu wspinaczkowym, chodz\u0105ce z kijami trekkingowymi, oraz cz\u0119sto si\u0119gaj\u0105ce po aparat fotograficzny), ale nie zapewniaj\u0105 maksymalnej ochrony przed zimnem.<\/p>\n\n\n\n<p class=\"wp-block-paragraph\">Z drugiej strony s\u0105 ciep\u0142e <strong>\u0142apawice<\/strong>, w kt\u00f3rych niestraszna nam sroga zima, ale b\u0119dziemy mie\u0107 mocno ograniczon\u0105 sprawno\u015b\u0107 manualn\u0105. Dla \u201cniezdecydowanych\u201d wymy\u015blono te\u017c wersje po\u015brednie. Na rynku znajdziemy, na przyk\u0142ad, r\u0119kawice<strong> tr\u00f3jpalczaste<\/strong>, nieprzypadkowo zwane strzeleckimi. Dodatkowa komora na palec wskazuj\u0105cy powsta\u0142a, by u\u0142atwi\u0107 u\u017cytkownikom broni palnej naciskanie spustu. To rozwi\u0105zanie zosta\u0142o zaadaptowane przez bran\u017c\u0119 outdoorow\u0105, bo zapewnia dobr\u0105 izolacj\u0119 od ch\u0142odu i jednocze\u015bnie umo\u017cliwia sprawniejsze operowanie takimi przyrz\u0105dami, jak czekan.<\/p>\n\n\n\n<p class=\"wp-block-paragraph\">Ciekaw\u0105 funkcjonalno\u015b\u0107 oferuj\u0105 modele wyposa\u017cone w <strong>odpinan\u0105 klapk\u0119<\/strong>, kt\u00f3re &#8211; w zale\u017cno\u015bci od potrzeb &#8211; mog\u0105 by\u0107 precyzyjnymi <a href=\"https:\/\/8a.pl\/rekawice-5-palczaste-meskie\" target=\"_blank\" rel=\"noopener noreferrer\">r\u0119kawicami pi\u0119ciopalczastymi<\/a> lub cieplejszymi <a href=\"https:\/\/8a.pl\/lapawice-meskie\" target=\"_blank\" rel=\"noopener noreferrer\">\u0142apawicami<\/a>.<\/p>\n\n\n\n<p class=\"wp-block-paragraph\">Warto te\u017c zwr\u00f3ci\u0107 uwag\u0119 na pewien drobny szczeg\u00f3\u0142, a mianowicie na spos\u00f3b, w jaki wyprofilowane zosta\u0142y r\u0119kawice. Je\u015bli mamy si\u0119 czu\u0107 w nich wygodnie, powinny na\u015bladowa\u0107 naturalne u\u0142o\u017cenie naszych palc\u00f3w, a wi\u0119c lekko wygina\u0107 si\u0119 do wn\u0119trza d\u0142oni.<\/p>\n\n\n\n<h3 class=\"wp-block-heading\" id=\"h-material-zewnetrzny\">Materia\u0142 zewn\u0119trzny<\/h3>\n\n\n\n<p class=\"wp-block-paragraph\">Producenci korzystaj\u0105 tu z dosy\u0107 szerokiej gamy rozwi\u0105za\u0144. Na rynku outdoorowym znajdziemy r\u0119kawice we\u0142niane (w tym takie, kt\u00f3re zawieraj\u0105 w\u0142\u00f3kna s\u0142ynnej <a href=\"https:\/\/8a.pl\/8academy\/welna-merino\/\" target=\"_blank\" rel=\"noopener noreferrer\">we\u0142ny merino<\/a>), fleecowe, softshellowe czy wykorzystuj\u0105ce nylon. Dla wzmocnienia cz\u0119\u015bci najbardziej nara\u017conych na przetarcia, stosuje si\u0119 panele z mocnej sk\u00f3ry (naturalnej, b\u0105d\u017a syntetycznej), ale te\u017c z Cordury, a czasami tak\u017ce Kevlaru.<\/p>\n\n\n\n<p class=\"wp-block-paragraph\">Wytrzyma\u0142o\u015b\u0107 jest szczeg\u00f3lnie wa\u017cna, gdy nasza g\u00f3rska aktywno\u015b\u0107 ma zaci\u0119cie bardziej wspinaczkowe i nara\u017ceni jeste\u015bmy na bliski kontakt z szorstkimi ska\u0142ami. Je\u015bli podczas g\u00f3rskich woja\u017cy mamy zamiar operowa\u0107 lin\u0105 lub czekanem, przyda si\u0119 tak\u017ce pewny chwyt. Niekt\u00f3rzy producenci przewidzieli takie potrzeby i wyposa\u017caj\u0105 swoje r\u0119kawice w specjaln\u0105 warstw\u0119 antypo\u015blizgow\u0105, na przyk\u0142ad w formie pow\u0142oki z sylikonu.<\/p>\n\n\n\n<p class=\"wp-block-paragraph\"><\/p>\n\n\n<div class=\"wp-block-image Jaka membrana w r\u0119kawicach wp-image-15610 size-full\">\n<figure class=\"aligncenter\"><img decoding=\"async\" width=\"600\" height=\"900\" src=\"https:\/\/8a.pl\/8academy\/wp-content\/uploads\/2019\/02\/B-Dry.jpg\" alt=\"\" class=\"wp-image-62842\" srcset=\"https:\/\/8a.pl\/8academy\/wp-content\/uploads\/2019\/02\/B-Dry.jpg 600w, https:\/\/8a.pl\/8academy\/wp-content\/uploads\/2019\/02\/B-Dry-200x300.jpg 200w\" sizes=\"(max-width: 600px) 100vw, 600px\" \/><figcaption class=\"wp-element-caption\">BDry\u2122 to membrana, kt\u00f3r\u0105 spotka\u0107 mo\u017cna w r\u0119kawicach Black Diamond. (fot. 8a.pl)<\/figcaption><\/figure>\n<\/div>\n\n\n<h3 class=\"wp-block-heading\" id=\"h-membrana\">Membrana<\/h3>\n\n\n\n<p class=\"wp-block-paragraph\">Przegl\u0105daj\u0105c&nbsp; zimowe r\u0119kawiczki w g\u00f3ry zobaczymy, \u017ce niekt\u00f3re modele uzbrojone zosta\u0142y w membran\u0119. Taki dodatek jest skutecznym or\u0119\u017cem w zmaganiach z niesprzyjaj\u0105c\u0105 aur\u0105, jednak cen\u0105 za odci\u0119cie si\u0119 od zimnego wiatru i nieprzyjemnych opad\u00f3w jest zwykle nieco gorsza oddychalno\u015b\u0107.<\/p>\n\n\n\n<p class=\"wp-block-paragraph\">W lekkich wersjach softshellowych, popularnym rozwi\u0105zaniem jest <strong>GORE\u00ae WINDSTOPPER\u00ae<\/strong> &#8211; membrana, kt\u00f3ra zapewnia doskona\u0142\u0105 ochron\u0119 przed wiatrem. Modele dedykowane mocno zimowym warunkom, wyposa\u017cane s\u0105 w membrany gotowe stawi\u0107 czo\u0142a tak\u017ce wodzie.<\/p>\n\n\n\n<p class=\"wp-block-paragraph\">Chocia\u017c producenci odzie\u017cy outdoorowej wypuszczaj\u0105 na rynek swoje autorskie rozwi\u0105zania (np. Black Diamond &#8211; <strong>BDry\u2122, <\/strong>Columbia &#8211; <strong>Omni-Tech\u2122,<\/strong> Rab &#8211;<strong>&nbsp;eVent\u00ae<\/strong>) , najpopularniejszymi membranami s\u0105 wci\u0105\u017c te, sygnowane znaczkiem GORE-TEX\u00ae<\/p>\n\n\n\n<p class=\"wp-block-paragraph\"><em>[Polecamy artyku\u0142 <a href=\"https:\/\/8a.pl\/8academy\/gore-tex-rodzaje\/\" target=\"_blank\" rel=\"noopener noreferrer\">&#8220;GORE-TEX\u00ae \u2013 przewodnik po najpopularniejszej membranie \u015bwiata&#8221;<\/a>]<\/em><\/p>\n\n\n\n<p class=\"wp-block-paragraph\">Zreszt\u0105 legendarna marka przygotowa\u0142a oddzieln\u0105 seri\u0119, dedykowan\u0105 w\u0142a\u015bnie r\u0119kawicom. Jest ona dosy\u0107 mocno rozbudowana, a ka\u017cde z rozwi\u0105za\u0144 stanowi odpowied\u017a na nieco inne potrzeby:<\/p>\n\n\n\n<ul class=\"wp-block-list\">\n<li><strong>GORE-TEX\u00ae Gloves<\/strong><br>Wersja podstawowa membrany. Uniwersalna i spotykana najcz\u0119\u015bciej.<\/li>\n\n\n\n<li><strong>GORE-TEX\u00ae Gloves + Gore active technology<\/strong> (wyroby z tak\u0105 membran\u0105 poznamy po niebieskiej opasce)<br>Membrana przygotowana z my\u015bl\u0105 o osobach uprawiaj\u0105cych dynamiczne sporty (<a href=\"https:\/\/8a.pl\/8academy\/skituring-jak-zaczac\/\" target=\"_blank\" rel=\"noopener noreferrer\">skiturowcach<\/a>, alpinistach, ale te\u017c fanach <a href=\"https:\/\/8a.pl\/8academy\/co-to-jest-trekking\/\" target=\"_blank\" rel=\"noopener noreferrer\">trekkingu<\/a>), dla kt\u00f3rych najwi\u0119ksze znaczenie ma dobra oddychalno\u015b\u0107 i kt\u00f3rzy mimo wysi\u0142ku pragn\u0105 zachowa\u0107 suche d\u0142onie.<\/li>\n\n\n\n<li><strong>GORE-TEX\u00ae Gloves + Gore warm technology<\/strong> (opaska pomara\u0144czowa)<br>Je\u015bli w r\u0119kawicach znajduje si\u0119 takie rozwi\u0105zanie, to znak, \u017ce dysponujemy wersj\u0105 gotow\u0105, by zmierzy\u0107 si\u0119 z najni\u017cszymi temperaturami. Membrana, chroni\u0105ca nas przed wiatrem i opadami, wyst\u0119puje tu w towarzystwie ociepliny.<\/li>\n\n\n\n<li><strong>GORE-TEX\u00ae Gloves + Gore grip technology<\/strong> (opaska \u017c\u00f3\u0142ta)<br>W tej grupie znale\u017a\u0107 mo\u017cna r\u0119kawice oferuj\u0105ce najbardziej precyzyjny chwyt, dlatego ze wspomnianego rozwi\u0105zania najch\u0119tniej korzystaj\u0105 fani takich dyscyplin, jak: narciarstwo, <a href=\"https:\/\/8a.pl\/8academy\/wspinaczka-lodowa-podstawy\/\" target=\"_blank\" rel=\"noopener noreferrer\">wspinaczka lodowa<\/a> czy skituring.<\/li>\n\n\n\n<li><strong>GORE-TEX\u00ae Gloves + Gore 2 in 1 technology<\/strong> (opaska kremowa)<br>R\u0119kawice funkcjonuj\u0105ce w oparciu o tak\u0105 technologi\u0119, posiadaj\u0105 dwie niezale\u017cne komory: jedna gwarantuje maksymalne ciep\u0142o, druga &#8211; pewny chwyt.<\/li>\n<\/ul>\n\n\n<div class=\"wp-block-image R\u0119kawice z goreteksem wp-image-15611 size-full\">\n<figure class=\"aligncenter\"><img loading=\"lazy\" decoding=\"async\" width=\"1000\" height=\"649\" src=\"http:\/\/8a.pl\/8academy\/wp-content\/uploads\/2017\/12\/70901e5f80c5d1ff3ec54cdbd95a47bc.jpg\" alt=\"Zimowe r\u0119kawiczki\" class=\"wp-image-15611\" srcset=\"https:\/\/8a.pl\/8academy\/wp-content\/uploads\/2017\/12\/70901e5f80c5d1ff3ec54cdbd95a47bc.jpg 1000w, https:\/\/8a.pl\/8academy\/wp-content\/uploads\/2017\/12\/70901e5f80c5d1ff3ec54cdbd95a47bc-300x195.jpg 300w, https:\/\/8a.pl\/8academy\/wp-content\/uploads\/2017\/12\/70901e5f80c5d1ff3ec54cdbd95a47bc-768x498.jpg 768w\" sizes=\"(max-width: 1000px) 100vw, 1000px\" \/><figcaption class=\"wp-element-caption\">Uk\u0142ad warstw w <a href=\"https:\/\/8a.pl\/rekawice-gore-tex-meskie\" target=\"_blank\" rel=\"noopener noreferrer\">r\u0119kawicach z membran\u0105 GORE-TEX<\/a>\u00ae. (fot. GORE-TEX\u00ae)<\/figcaption><\/figure>\n<\/div>\n\n\n<h3 class=\"wp-block-heading\" id=\"h-ocieplina\">Ocieplina<\/h3>\n\n\n\n<p class=\"wp-block-paragraph\">R\u0119kawice dedykowane srogim zimom powinny by\u0107 wyposa\u017cone w warstw\u0119 ociepliny. Chocia\u017c tutaj &#8211; podobnie jak w przypadku kurtek &#8211; spotkamy dwa rozwi\u0105zania: naturalny puch oraz ociepliny sztuczne, ta druga opcja jest o wiele bardziej popularna. Syntetyki oferuj\u0105 bowiem zdecydowanie wy\u017csz\u0105 odporno\u015b\u0107 na wilgo\u0107, a przy tym s\u0105 znacznie ta\u0144sze.<\/p>\n\n\n\n<p class=\"wp-block-paragraph\"><em>[<a href=\"https:\/\/8a.pl\/8academy\/puch-naturalny-czy-syntetyczny\/\" target=\"_blank\" rel=\"noopener noreferrer\">O r\u00f3\u017cnicach pomi\u0119dzy puchem naturalnym a syntetycznym<\/a> przeczyta\u0107 mo\u017cna w naszym wcze\u015bniejszym artykule]<\/em><\/p>\n\n\n\n<p class=\"wp-block-paragraph\">W\u015br\u00f3d wype\u0142nie\u0144 sztucznych du\u017c\u0105 popularno\u015bci\u0105 cieszy si\u0119 legendarny ju\u017c <a href=\"https:\/\/8a.pl\/8academy\/co-to-jest-primaloft\" target=\"_blank\" rel=\"noopener noreferrer\">PrimaLoft<\/a>.&nbsp;W dost\u0119pnych na rynku r\u0119kawicach mo\u017cemy znale\u017a\u0107 przedstawicieli trzech \u201cprimaloftowych\u201d grup: klasy podstawowej (Black Series), \u015bredniej (Silver Series) oraz najbardziej zaawansowanej technicznie (Gold Series). Ka\u017cda z tych grup jest wewn\u0119trznie rozbudowana, co producentom daje mo\u017cliwo\u015b\u0107 \u015bci\u015blejszego dopasowania ociepliny do funkcjonalno\u015bci konkretnych r\u0119kawic.<\/p>\n\n\n\n<p class=\"wp-block-paragraph\">Nie oznacza to jednak, \u017ce jest to jedyne wype\u0142nienie, jakie spotkamy w r\u0119kawicach zimowych. Firmy outdoorowe si\u0119gaj\u0105 te\u017c czasami po inne patenty, takie jak zbudowana z bardzo cienkich w\u0142\u00f3kien o du\u017cej zdolno\u015bci magazynowania powietrza, ocieplina <strong>Thinsulate<\/strong> &#8211; stosowana m.in. przez mark\u0119 Black Diamond (przyk\u0142ad:&nbsp;<a href=\"https:\/\/8a.pl\/rekawiczki-black-diamond-arc-glove-black\" target=\"_blank\" rel=\"noopener noreferrer\">Black Diamond Arc<\/a>), czy bardzo \u015bci\u015bliwa oraz wytrzyma\u0142a ocieplina <strong>Heatseeker\u00ae<\/strong>, kt\u00f3r\u0105 znajdziemy w niekt\u00f3rych wyrobach The North Face.<\/p>\n\n\n\n<p class=\"wp-block-paragraph\"><\/p>\n\n\n<div class=\"wp-block-image R\u0119kawice 2 w 1 wp-image-15615 size-full\">\n<figure class=\"aligncenter 2 1\"><img loading=\"lazy\" decoding=\"async\" width=\"600\" height=\"900\" src=\"https:\/\/8a.pl\/8academy\/wp-content\/uploads\/2019\/02\/Sean-Sullivan_2022-Snow-Summit_224.jpg\" alt=\"Zimowe r\u0119kawiczki\" class=\"wp-image-62843\" srcset=\"https:\/\/8a.pl\/8academy\/wp-content\/uploads\/2019\/02\/Sean-Sullivan_2022-Snow-Summit_224.jpg 600w, https:\/\/8a.pl\/8academy\/wp-content\/uploads\/2019\/02\/Sean-Sullivan_2022-Snow-Summit_224-200x300.jpg 200w\" sizes=\"(max-width: 600px) 100vw, 600px\" \/><figcaption class=\"wp-element-caption\">Black Diamond Legend z ocieplin\u0105 PrimaLoft Gold (fot. Black Diamond)<\/figcaption><\/figure>\n<\/div>\n\n\n<h3 class=\"wp-block-heading\" id=\"h-wyjmowana-wkladka\">Wyjmowana wk\u0142adka<\/h3>\n\n\n\n<p class=\"wp-block-paragraph\">R\u0119kawice ze spor\u0105 warstw\u0105 ociepliny sprawdz\u0105 si\u0119 w przypadku du\u017cych mroz\u00f3w, ale je\u017celi zima postanowi nieco odpu\u015bci\u0107, noszenie ich nie zagwarantuje ju\u017c komfortu, bo nasze d\u0142onie zaczn\u0105 si\u0119 poci\u0107. Poza tym, \u017ce nie jest to przyjemne, wp\u0142ynie negatywnie na izolacj\u0119 ciepln\u0105. Je\u015bli zale\u017cy nam na r\u0119kawicach troch\u0119 bardziej uniwersalnych, warto rozejrze\u0107 si\u0119 za modelami sk\u0142adaj\u0105cymi si\u0119 z dw\u00f3ch cz\u0119\u015bci (warstwy zewn\u0119trznej oraz ocieplanej wk\u0142adki), kt\u00f3rymi mo\u017cemy &#8220;\u017conglowa\u0107&#8221; w zale\u017cno\u015bci od warunk\u00f3w atmosferycznych.<\/p>\n\n\n\n<h3 class=\"wp-block-heading\" id=\"h-obsluga-urzadzen-dotykowych\">Obs\u0142uga urz\u0105dze\u0144 dotykowych<\/h3>\n\n\n\n<p class=\"wp-block-paragraph\">Wraz z rozwojem techniki, pojawi\u0142 si\u0119 nowy problem &#8211; chodzi o wszechobecne dzi\u015b urz\u0105dzenia z ekranami dotykowymi. Operowanie smartfonami do niedawna wi\u0105za\u0142o si\u0119 ze \u015bci\u0105ganiem r\u0119kawiczek, co &#8211; je\u015bli we\u017amiemy pod uwag\u0119 cz\u0119stotliwo\u015b\u0107, z jak\u0105 si\u0119gamy po telefon i warunki, jakimi potrafi zaskoczy\u0107 nas zima &#8211; mo\u017ce sko\u0144czy\u0107 si\u0119 odmro\u017ceniami. Producenci odzie\u017cy outdoorowej postanowili dzia\u0142a\u0107, dlatego coraz wi\u0119cej r\u0119kawic posiada dzi\u015b specjalne panele z materia\u0142u dobrze \u201cwsp\u00f3\u0142pracuj\u0105cego\u201d z ekranami.<\/p>\n\n\n\n<p class=\"wp-block-paragraph\"><\/p>\n\n\n<div class=\"wp-block-image R\u0119kawice na kom\u00f3rki wp-image-27431 size-full\">\n<figure class=\"aligncenter\"><img loading=\"lazy\" decoding=\"async\" width=\"600\" height=\"900\" src=\"https:\/\/8a.pl\/8academy\/wp-content\/uploads\/2019\/02\/The_North_Face_Apex_Etip_Glove___tnf_black_24_1269.jpg\" alt=\"Zimowe r\u0119kawiczki\" class=\"wp-image-62844\" srcset=\"https:\/\/8a.pl\/8academy\/wp-content\/uploads\/2019\/02\/The_North_Face_Apex_Etip_Glove___tnf_black_24_1269.jpg 600w, https:\/\/8a.pl\/8academy\/wp-content\/uploads\/2019\/02\/The_North_Face_Apex_Etip_Glove___tnf_black_24_1269-200x300.jpg 200w\" sizes=\"(max-width: 600px) 100vw, 600px\" \/><figcaption class=\"wp-element-caption\">Coraz cz\u0119\u015bciej producenci r\u0119kawic wyposa\u017caj\u0105 je w panele umo\u017cliwiaj\u0105ce obs\u0142ug\u0119 ekran\u00f3w dotykowych. Na zdj\u0119ciu model The North Face Apex Etip Glove (fot. The North Face)<\/figcaption><\/figure>\n<\/div>\n\n\n<p class=\"wp-block-paragraph\">Oczywi\u015bcie takie rozwi\u0105zanie ma sens w przypadku modeli pi\u0119ciopalczastych. Obs\u0142uga smartfona w \u0142apawicach by\u0142aby sporym wyczynem. No ale ta technologia stale si\u0119 rozwija, o czym \u015bwiadczy fakt, \u017ce systemy umo\u017cliwiaj\u0105ce obs\u0142ug\u0119 ekran\u00f3w dotykowych, kt\u00f3ry jeszcze do niedawna znajdowa\u0142 zastosowanie jedynie w r\u0119kawicach najl\u017cejszych, dzi\u015b spotykany jest te\u017c w wersjach dedykowanych prawdziwej zimie.<\/p>\n\n\n\n<h3 class=\"wp-block-heading\" id=\"h-mankiety\">Mankiety<\/h3>\n\n\n\n<p class=\"wp-block-paragraph\">O ile \u201ckompatybilno\u015b\u0107\u201d ze smartfonami, to temat nowy, walka z uprzykrzaj\u0105cym \u017cycie \u015bniegiem, kt\u00f3ry lubi wsypywa\u0107 si\u0119 do \u015brodka, trwa odk\u0105d wynaleziono r\u0119kawice. Dosy\u0107 skuteczn\u0105 recept\u0105 na zaborcze zap\u0119dy bia\u0142ego puchu, s\u0105 wszelkiego rodzaju mankiety ze \u015bci\u0105gaczami.<\/p>\n\n\n\n<p class=\"wp-block-paragraph\">Takie przed\u0142u\u017cone wersje r\u0119kawic dodatkowo &#8211; chroni\u0105 jeszcze nasze nadgarstki i odcinaj\u0105 drog\u0119 zimnemu powietrzu, kt\u00f3re pr\u00f3buje si\u0119 dosta\u0107 do \u015brodka.<\/p>\n\n\n\n<p class=\"wp-block-paragraph\"><\/p>\n\n\n<div class=\"wp-block-image Jakie r\u0119kawice wzi\u0105\u0107 w g\u00f3ry wp-image-27434 size-full\">\n<figure class=\"aligncenter\"><img loading=\"lazy\" decoding=\"async\" width=\"600\" height=\"900\" src=\"https:\/\/8a.pl\/8academy\/wp-content\/uploads\/2019\/02\/AdamClark_IsaacFreeland_2021_0027.jpg\" alt=\"Zimowe r\u0119kawiczki\" class=\"wp-image-62845\" srcset=\"https:\/\/8a.pl\/8academy\/wp-content\/uploads\/2019\/02\/AdamClark_IsaacFreeland_2021_0027.jpg 600w, https:\/\/8a.pl\/8academy\/wp-content\/uploads\/2019\/02\/AdamClark_IsaacFreeland_2021_0027-200x300.jpg 200w\" sizes=\"(max-width: 600px) 100vw, 600px\" \/><figcaption class=\"wp-element-caption\">Zimowe r\u0119kawiczki w g\u00f3ry? To, kt\u00f3re wybra\u0107, zale\u017cy od tego, gdzie dok\u0142adnie si\u0119 wybieramy i co chcemy tam robi\u0107. (fot. Black Diamond)<\/figcaption><\/figure>\n<\/div>\n\n\n<h2 class=\"wp-block-heading\" id=\"h-a-wiec-jak-wybrac-zimowe-rekawiczki-w-gory\">A wi\u0119c jak wybra\u0107 zimowe r\u0119kawiczki w g\u00f3ry?<\/h2>\n\n\n\n<p class=\"wp-block-paragraph\">Odpowied\u017a na to pytanie wymaga chwili zastanowienia. Przyjrzyjmy si\u0119 kilku typowym sytuacjom.<\/p>\n\n\n\n<ul class=\"wp-block-list\">\n<li>Je\u015bli zima jest dosy\u0107 \u0142agodna i nie dokucza nam porywisty wiatr, ani nie uprzykrzaj\u0105 \u017cycia uci\u0105\u017cliwe opady, od\u0142\u00f3\u017cmy na bok modele cieplejsze (ze spor\u0105 ilo\u015bci\u0105 ociepliny, dwupalczaste \u0142apawice), w kt\u00f3rych d\u0142onie mog\u0142yby si\u0119 poci\u0107 (co mo\u017ce prowadzi\u0107 do wych\u0142odzenia). W tym przypadku lepsze b\u0119d\u0105 wersje umiarkowanie grube z we\u0142ny merino (np. <em><a href=\"https:\/\/8a.pl\/rekawiczki-extremities-merino-touch-liner-glove-black\" target=\"_blank\" rel=\"noreferrer noopener\">Extremities Merino Touch Liner Glove<\/a><\/em>), fleece`u (np. Berghaus Windystopper Glove), b\u0105d\u017a strechtu (np. <a href=\"https:\/\/8a.pl\/rekawiczki-black-diamond-midweight-wooltech-anthracite\" target=\"_blank\" rel=\"noopener noreferrer\">Black Diamond MidWeight Wooltech<\/a>).<\/li>\n\n\n\n<li>Gdy szykujemy si\u0119 na du\u017ce mrozy, szukajmy wersji z solidn\u0105 dawk\u0105 ociepliny. Skutecznym or\u0119\u017cem, b\u0119d\u0105 dobre \u0142apawice. Warto zastanowi\u0107 si\u0119 nad modelami z wk\u0142adk\u0105 wewn\u0119trzn\u0105, kt\u00f3r\u0105 mo\u017cna wyj\u0105\u0107 i u\u017cywa\u0107, jako odr\u0119bn\u0105 par\u0119 &#8211; s\u0105 one zdecydowanie bardziej uniwersalne, gdy\u017c sprawdz\u0105 si\u0119 te\u017c wtedy, gdy temperatura nieco wzro\u015bnie. W przypadku, gdy aura jest wyj\u0105tkowo nieprzychylna, przydadz\u0105 si\u0119 zimowe r\u0119kawiczki w g\u00f3ry ocieplane i uzbrojone w membran\u0119 (np. <em><a href=\"https:\/\/8a.pl\/lapawice-black-diamond-mercury-mitts-black-black\" target=\"_blank\" rel=\"noreferrer noopener\">Black Diamond Mercury Mitts<\/a><\/em>&nbsp;&#8211; przygotowane na temperatury rz\u0119du: \u2013 29\u00b0\/-12\u00b0C). Niekt\u00f3rzy w takich sytuacjach preferuj\u0105 system warstwowy, o kt\u00f3rym b\u0119dzie w dalszej cz\u0119\u015bci artyku\u0142u.<\/li>\n\n\n\n<li>Je\u015bli zabieramy ze sob\u0105 lin\u0119 lub czekan, albo &#8211; po prostu &#8211; spodziewamy si\u0119, \u017ce nasze d\u0142onie nara\u017cone b\u0119d\u0105 na kontakt z szorstkimi ska\u0142ami, zwr\u00f3\u0107my szczeg\u00f3ln\u0105 uwag\u0119 na wzmocnienia z bardziej wytrzyma\u0142ych materia\u0142\u00f3w. W przypadku, gdy potrzebny b\u0119dzie pewny chwyt, przydadz\u0105 si\u0119 r\u0119kawice z pow\u0142ok\u0105 antypo\u015blizgow\u0105.<\/li>\n\n\n\n<li>Je\u015bli uprawiamy nieco bardziej dynamiczne sporty, takie jak narciarstwo zjazdowe, snowboard czy skituring lub wybieramy si\u0119 w rejony s\u0142yn\u0105ce z wietrznej pogody, powinni\u015bmy zainteresowa\u0107 si\u0119 r\u0119kawicami z membran\u0105 chroni\u0105c\u0105 przed wiatrem (np. <a href=\"https:\/\/8a.pl\/rekawice-salewa-sesvenna-ws-grip-gloves-black-out\" target=\"_blank\" rel=\"noopener noreferrer\">Salewa Sesvenna WS Grip Gloves<\/a> z membran\u0105 GORE\u00ae WINDSTOPPER\u00ae).<em><br><\/em><\/li>\n<\/ul>\n\n\n\n<p class=\"wp-block-paragraph\"><em>[<a href=\"https:\/\/8a.pl\/8academy\/jakie-rekawice-narciarskie-rekawiczki-na-narty\/\" target=\"_blank\" rel=\"noopener noreferrer\">R\u0119kawicom narciarskim po\u015bwi\u0119cili\u015bmy osobny artyku\u0142<\/a>]<\/em><\/p>\n\n\n\n<h2 class=\"wp-block-heading\" id=\"h-jedna-para-to-za-malo\">Jedna para to za ma\u0142o!<\/h2>\n\n\n\n<p class=\"wp-block-paragraph\">R\u0119kawiczki w g\u00f3ry s\u0105 tak wa\u017cn\u0105 cz\u0119\u015bci\u0105 zimowego ekwipunku, \u017ce nie warto ryzykowa\u0107, zabieraj\u0105c w tras\u0119 tylko jedn\u0105 par\u0119. No bo, gdyby zdarzy\u0142o si\u0119, \u017ce nam one przemokn\u0105, to mo\u017cemy narazi\u0107 si\u0119 nie tylko na dyskomfort, ale tak\u017ce na odmro\u017cenia. Zestaw na zmian\u0119 schowany w bezpiecznym zak\u0105tku plecaka, ograniczy do minimum ryzyko prze\u017cycia tak nieprzyjemnej przygody.<\/p>\n\n\n\n<p class=\"wp-block-paragraph\"><\/p>\n\n\n<div class=\"wp-block-image r\u0119kawice na deszcz wp-image-15626 size-full\">\n<figure class=\"aligncenter\"><img loading=\"lazy\" decoding=\"async\" width=\"600\" height=\"900\" src=\"https:\/\/8a.pl\/8academy\/wp-content\/uploads\/2019\/02\/GarrettGrove_BakerPNW_Jan2021_0325-1.jpg\" alt=\"Zimowe r\u0119kawiczki\" class=\"wp-image-62846\" srcset=\"https:\/\/8a.pl\/8academy\/wp-content\/uploads\/2019\/02\/GarrettGrove_BakerPNW_Jan2021_0325-1.jpg 600w, https:\/\/8a.pl\/8academy\/wp-content\/uploads\/2019\/02\/GarrettGrove_BakerPNW_Jan2021_0325-1-200x300.jpg 200w\" sizes=\"(max-width: 600px) 100vw, 600px\" \/><figcaption class=\"wp-element-caption\">Marzn\u0105cy deszcz, m\u017cawka, kontakt ze \u015bniegiem&#8230; Zimowe r\u0119kawiczki na d\u0142oniach mog\u0105 nie wystarczy\u0107. Na wszelki wypadek warto mie\u0107 w plecaku drug\u0105 par\u0119. (fot. Black Diamond)<\/figcaption><\/figure>\n<\/div>\n\n\n<h2 class=\"wp-block-heading\" id=\"h-zimowe-rekawiczki-w-gory-w-systemie-warstwowym\">Zimowe r\u0119kawiczki w g\u00f3ry&nbsp;w &#8220;systemie&#8221; warstwowym<\/h2>\n\n\n\n<p class=\"wp-block-paragraph\">Niekt\u00f3rzy mi\u0142o\u015bnicy g\u00f3r zabieraj\u0105 ze sob\u0105 jeszcze wi\u0119cej, bo trzy pary i &#8211; gdy sytuacja tego wymaga &#8211; wszystkie na raz nak\u0142adaj\u0105 na d\u0142onie, tworz\u0105c swoist\u0105 odmian\u0119 outdoorowej cebulki. W takim uk\u0142adzie kolejno\u015b\u0107 nie jest przypadkowa, a ka\u017cda z warstw ma inne zadanie. Jak mo\u017ce wygl\u0105da\u0107 taki system? Oto przyk\u0142adowy zestaw warstw.<\/p>\n\n\n\n<ol class=\"wp-block-list\">\n<li><strong>Warstwa wewn\u0119trzna<\/strong> (znana te\u017c jako \u201cliner\u201d)<br>Stanowi\u0105 j\u0105 cienkie r\u0119kawiczki przylegaj\u0105ce do sk\u00f3ry. Gdy nie ma du\u017cego mrozu, taki sprz\u0119t u\u017cywany mo\u017ce by\u0107 solo. \u201cLinery\u201d wsp\u00f3\u0142pracuj\u0105ce z innymi warstwami maj\u0105 za zadanie utrzymywanie ciep\u0142a w najbli\u017cszym otoczeniu cia\u0142a oraz odprowadzanie potu. W tej roli wyst\u0119powa\u0107 mog\u0105 r\u0119kawiczki z we\u0142ny merino, albo &#8211; uchodz\u0105ce za bardziej odporne na uszkodzenia mechaniczne &#8211; z cienkiego materia\u0142u stretchowego.<\/li>\n\n\n\n<li><strong>Warstwa termiczna<\/strong><br>Dodaje si\u0119 j\u0105 w sytuacji, gdy s\u0142upki rt\u0119ci szybuj\u0105 troch\u0119 bardziej w d\u00f3\u0142. Zadaniem warstwy termicznej jest odizolowanie d\u0142oni od niskich temperatur. Je\u015bli nie dokuczaj\u0105 nam: silniejszy wiatr i opady, takie podw\u00f3jne zabezpieczenie powinno wystarczy\u0107. W tej roli dobrze sprawdzaj\u0105 si\u0119 <a href=\"https:\/\/8a.pl\/rekawiczki-polarowe-meskie\" target=\"_blank\" rel=\"noopener noreferrer\">r\u0119kawiczki w g\u00f3ry z ciep\u0142ego polaru<\/a>\/fleecu. Niekt\u00f3rzy si\u0119gaj\u0105 te\u017c po wyroby z tradycyjnej we\u0142ny.<\/li>\n\n\n\n<li><strong>Warstwa zewn\u0119trzna<br><\/strong>Je\u015bli jest zimno, wieje lub pada, na pierwszej \u201clinii ognia\u201d powinny znale\u017a\u0107 si\u0119 zimowe r\u0119kawiczki z membran\u0105. Najcz\u0119\u015bciej s\u0105 to ciep\u0142e \u0142apawice.<\/li>\n<\/ol>\n\n\n\n<p style=\"text-align: center;\"><strong>Szukasz odpowiednich r\u0119kawic w g\u00f3ry? Sprawd\u017a nasz wideo poradnik: <em>R\u0119kawice g\u00f3rskie. Jakie r\u0119kawice w g\u00f3ry?<\/em><\/strong><\/p>\n<p><iframe src=\"\/\/www.youtube.com\/embed\/eV0hpqC_jT8\" width=\"850\" height=\"477\" allowfullscreen=\"allowfullscreen\"><\/iframe><\/p>\n","protected":false},"excerpt":{"rendered":"<p>G\u00f3ry w bia\u0142ej szacie wygl\u0105daj\u0105 niesamowicie &#8211; co do tego nie ma w\u0105tpliwo\u015bci. Ale wszelkie aktywno\u015bci prowadzone w tych pi\u0119knych okoliczno\u015bciach przyrody wymagaj\u0105 bardzo starannego przygotowania. Niezwykle istotnym elementem zimowej garderoby s\u0105 niepozorne r\u0119kawice.<\/p>\n","protected":false},"author":7,"featured_media":62838,"comment_status":"open","ping_status":"open","sticky":false,"template":"","format":"standard","meta":{"_acf_changed":false,"_uf_show_specific_survey":0,"_uf_disable_surveys":false,"footnotes":""},"categories":[26075,26070],"tags":[26069,26097,26085,26084],"class_list":["post-15432","post","type-post","status-publish","format-standard","has-post-thumbnail","hentry","category-sporty-zimowe","category-turystyka-trekking","tag-poradnik","tag-skitouring","tag-trekking","tag-zima"],"acf":[],"yoast_head":"<!-- This site is optimized with the Yoast SEO Premium plugin v23.4 (Yoast SEO v25.5) - https:\/\/yoast.com\/wordpress\/plugins\/seo\/ -->\n<title>Zimowe r\u0119kawiczki w g\u00f3ry. Kt\u00f3re wybra\u0107? | 8academy<\/title>\n<meta name=\"description\" content=\"Tematem tego poradnika s\u0105 zimowe r\u0119kawiczki w g\u00f3ry. Element garderoby wa\u017cny dla ka\u017cdego, kto sp\u0119dza czas w\u015br\u00f3d o\u015bnie\u017conych wierzcho\u0142k\u00f3w\" \/>\n<meta name=\"robots\" content=\"index, follow, max-snippet:-1, max-image-preview:large, max-video-preview:-1\" \/>\n<link rel=\"canonical\" href=\"https:\/\/8a.pl\/8academy\/zimowe-rekawiczki-w-gory\/\" \/>\n<meta property=\"og:locale\" content=\"pl_PL\" \/>\n<meta property=\"og:type\" content=\"article\" \/>\n<meta property=\"og:title\" content=\"Zimowe r\u0119kawiczki w g\u00f3ry\" \/>\n<meta property=\"og:description\" content=\"Tematem tego poradnika s\u0105 zimowe r\u0119kawiczki w g\u00f3ry. Element garderoby wa\u017cny dla ka\u017cdego, kto sp\u0119dza czas w\u015br\u00f3d o\u015bnie\u017conych wierzcho\u0142k\u00f3w\" \/>\n<meta property=\"og:url\" content=\"https:\/\/8a.pl\/8academy\/zimowe-rekawiczki-w-gory\/\" \/>\n<meta property=\"og:site_name\" content=\"8academy.pl - portal g\u00f3rski i wspinaczkowy dla aktywnych\" \/>\n<meta property=\"article:publisher\" content=\"https:\/\/pl-pl.facebook.com\/sklep8apl\/\" \/>\n<meta property=\"article:published_time\" content=\"2023-01-30T08:00:00+00:00\" \/>\n<meta property=\"article:modified_time\" content=\"2023-12-19T11:33:02+00:00\" \/>\n<meta property=\"og:image\" content=\"http:\/\/8a.pl\/8academy\/wp-content\/uploads\/2019\/02\/8ACADEMY_FB_-1.jpg\" \/>\n\t<meta property=\"og:image:width\" content=\"1200\" \/>\n\t<meta property=\"og:image:height\" content=\"628\" \/>\n\t<meta property=\"og:image:type\" content=\"image\/jpeg\" \/>\n<meta name=\"author\" content=\"Redakcja 8Academy\" \/>\n<meta name=\"twitter:card\" content=\"summary_large_image\" \/>\n<meta name=\"twitter:label1\" content=\"Napisane przez\" \/>\n\t<meta name=\"twitter:data1\" content=\"Redakcja 8Academy\" \/>\n\t<meta name=\"twitter:label2\" content=\"Szacowany czas czytania\" \/>\n\t<meta name=\"twitter:data2\" content=\"14 minut\" \/>\n<!-- \/ Yoast SEO Premium plugin. -->","yoast_head_json":{"title":"Zimowe r\u0119kawiczki w g\u00f3ry. Kt\u00f3re wybra\u0107? | 8academy","description":"Tematem tego poradnika s\u0105 zimowe r\u0119kawiczki w g\u00f3ry. Element garderoby wa\u017cny dla ka\u017cdego, kto sp\u0119dza czas w\u015br\u00f3d o\u015bnie\u017conych wierzcho\u0142k\u00f3w","robots":{"index":"index","follow":"follow","max-snippet":"max-snippet:-1","max-image-preview":"max-image-preview:large","max-video-preview":"max-video-preview:-1"},"canonical":"https:\/\/8a.pl\/8academy\/zimowe-rekawiczki-w-gory\/","og_locale":"pl_PL","og_type":"article","og_title":"Zimowe r\u0119kawiczki w g\u00f3ry","og_description":"Tematem tego poradnika s\u0105 zimowe r\u0119kawiczki w g\u00f3ry. Element garderoby wa\u017cny dla ka\u017cdego, kto sp\u0119dza czas w\u015br\u00f3d o\u015bnie\u017conych wierzcho\u0142k\u00f3w","og_url":"https:\/\/8a.pl\/8academy\/zimowe-rekawiczki-w-gory\/","og_site_name":"8academy.pl - portal g\u00f3rski i wspinaczkowy dla aktywnych","article_publisher":"https:\/\/pl-pl.facebook.com\/sklep8apl\/","article_published_time":"2023-01-30T08:00:00+00:00","article_modified_time":"2023-12-19T11:33:02+00:00","og_image":[{"width":1200,"height":628,"url":"http:\/\/8a.pl\/8academy\/wp-content\/uploads\/2019\/02\/8ACADEMY_FB_-1.jpg","type":"image\/jpeg"}],"author":"Redakcja 8Academy","twitter_card":"summary_large_image","twitter_misc":{"Napisane przez":"Redakcja 8Academy","Szacowany czas czytania":"14 minut"},"schema":{"@context":"https:\/\/schema.org","@graph":[{"@type":"Article","@id":"https:\/\/8a.pl\/8academy\/zimowe-rekawiczki-w-gory\/#article","isPartOf":{"@id":"https:\/\/8a.pl\/8academy\/zimowe-rekawiczki-w-gory\/"},"author":{"name":"Redakcja 8Academy","@id":"https:\/\/8a.pl\/8academy\/#\/schema\/person\/2e392153a51786e6c3d5ede231b5d2a4"},"headline":"Zimowe r\u0119kawiczki w g\u00f3ry","datePublished":"2023-01-30T08:00:00+00:00","dateModified":"2023-12-19T11:33:02+00:00","mainEntityOfPage":{"@id":"https:\/\/8a.pl\/8academy\/zimowe-rekawiczki-w-gory\/"},"wordCount":2480,"commentCount":0,"publisher":{"@id":"https:\/\/8a.pl\/8academy\/#organization"},"image":{"@id":"https:\/\/8a.pl\/8academy\/zimowe-rekawiczki-w-gory\/#primaryimage"},"thumbnailUrl":"https:\/\/8a.pl\/8academy\/wp-content\/uploads\/2019\/02\/Sean-Sullivan_2022-Snow-Summit_124.jpg","keywords":["Poradnik","Skitouring","Trekking","Zima"],"articleSection":["Sporty zimowe","Turystyka \/ trekking"],"inLanguage":"pl-PL","potentialAction":[{"@type":"CommentAction","name":"Comment","target":["https:\/\/8a.pl\/8academy\/zimowe-rekawiczki-w-gory\/#respond"]}]},{"@type":"WebPage","@id":"https:\/\/8a.pl\/8academy\/zimowe-rekawiczki-w-gory\/","url":"https:\/\/8a.pl\/8academy\/zimowe-rekawiczki-w-gory\/","name":"Zimowe r\u0119kawiczki w g\u00f3ry. Kt\u00f3re wybra\u0107? | 8academy","isPartOf":{"@id":"https:\/\/8a.pl\/8academy\/#website"},"primaryImageOfPage":{"@id":"https:\/\/8a.pl\/8academy\/zimowe-rekawiczki-w-gory\/#primaryimage"},"image":{"@id":"https:\/\/8a.pl\/8academy\/zimowe-rekawiczki-w-gory\/#primaryimage"},"thumbnailUrl":"https:\/\/8a.pl\/8academy\/wp-content\/uploads\/2019\/02\/Sean-Sullivan_2022-Snow-Summit_124.jpg","datePublished":"2023-01-30T08:00:00+00:00","dateModified":"2023-12-19T11:33:02+00:00","description":"Tematem tego poradnika s\u0105 zimowe r\u0119kawiczki w g\u00f3ry. Element garderoby wa\u017cny dla ka\u017cdego, kto sp\u0119dza czas w\u015br\u00f3d o\u015bnie\u017conych wierzcho\u0142k\u00f3w","breadcrumb":{"@id":"https:\/\/8a.pl\/8academy\/zimowe-rekawiczki-w-gory\/#breadcrumb"},"inLanguage":"pl-PL","potentialAction":[{"@type":"ReadAction","target":["https:\/\/8a.pl\/8academy\/zimowe-rekawiczki-w-gory\/"]}]},{"@type":"ImageObject","inLanguage":"pl-PL","@id":"https:\/\/8a.pl\/8academy\/zimowe-rekawiczki-w-gory\/#primaryimage","url":"https:\/\/8a.pl\/8academy\/wp-content\/uploads\/2019\/02\/Sean-Sullivan_2022-Snow-Summit_124.jpg","contentUrl":"https:\/\/8a.pl\/8academy\/wp-content\/uploads\/2019\/02\/Sean-Sullivan_2022-Snow-Summit_124.jpg","width":1100,"height":715},{"@type":"BreadcrumbList","@id":"https:\/\/8a.pl\/8academy\/zimowe-rekawiczki-w-gory\/#breadcrumb","itemListElement":[{"@type":"ListItem","position":1,"name":"Strona g\u0142\u00f3wna","item":"https:\/\/8a.pl\/8academy\/"},{"@type":"ListItem","position":2,"name":"Zimowe r\u0119kawiczki w g\u00f3ry"}]},{"@type":"WebSite","@id":"https:\/\/8a.pl\/8academy\/#website","url":"https:\/\/8a.pl\/8academy\/","name":"8academy.pl - portal g\u00f3rski i wspinaczkowy dla aktywnych","description":"8academy to portal g\u00f3rski o wspinaczce, trekkingu i skiturach. Znajdziesz tu porady, testy sprz\u0119tu i opisy najlepszych rejon\u00f3w. Inspirujemy zdobywc\u00f3w!","publisher":{"@id":"https:\/\/8a.pl\/8academy\/#organization"},"potentialAction":[{"@type":"SearchAction","target":{"@type":"EntryPoint","urlTemplate":"https:\/\/8a.pl\/8academy\/?s={search_term_string}"},"query-input":{"@type":"PropertyValueSpecification","valueRequired":true,"valueName":"search_term_string"}}],"inLanguage":"pl-PL"},{"@type":"Organization","@id":"https:\/\/8a.pl\/8academy\/#organization","name":"8academy.pl - portal g\u00f3rski i wspinaczkowy dla aktywnych","url":"https:\/\/8a.pl\/8academy\/","logo":{"@type":"ImageObject","inLanguage":"pl-PL","@id":"https:\/\/8a.pl\/8academy\/#\/schema\/logo\/image\/","url":"https:\/\/8a.pl\/8academy\/wp-content\/uploads\/2015\/11\/logo.png","contentUrl":"https:\/\/8a.pl\/8academy\/wp-content\/uploads\/2015\/11\/logo.png","width":438,"height":315,"caption":"8academy.pl - portal g\u00f3rski i wspinaczkowy dla aktywnych"},"image":{"@id":"https:\/\/8a.pl\/8academy\/#\/schema\/logo\/image\/"},"sameAs":["https:\/\/pl-pl.facebook.com\/sklep8apl\/","https:\/\/www.instagram.com\/8apl\/"]},{"@type":"Person","@id":"https:\/\/8a.pl\/8academy\/#\/schema\/person\/2e392153a51786e6c3d5ede231b5d2a4","name":"Redakcja 8Academy","image":{"@type":"ImageObject","inLanguage":"pl-PL","@id":"https:\/\/8a.pl\/8academy\/#\/schema\/person\/image\/","url":"https:\/\/8a.pl\/8academy\/wp-content\/uploads\/2017\/10\/logo_obrobione_2_150_59ICJ.jpg","contentUrl":"https:\/\/8a.pl\/8academy\/wp-content\/uploads\/2017\/10\/logo_obrobione_2_150_59ICJ.jpg","caption":"Redakcja 8Academy"},"url":"https:\/\/8a.pl\/8academy\/author\/redakcja\/"}]}},"_links":{"self":[{"href":"https:\/\/8a.pl\/8academy\/wp-json\/wp\/v2\/posts\/15432","targetHints":{"allow":["GET"]}}],"collection":[{"href":"https:\/\/8a.pl\/8academy\/wp-json\/wp\/v2\/posts"}],"about":[{"href":"https:\/\/8a.pl\/8academy\/wp-json\/wp\/v2\/types\/post"}],"author":[{"embeddable":true,"href":"https:\/\/8a.pl\/8academy\/wp-json\/wp\/v2\/users\/7"}],"replies":[{"embeddable":true,"href":"https:\/\/8a.pl\/8academy\/wp-json\/wp\/v2\/comments?post=15432"}],"version-history":[{"count":4,"href":"https:\/\/8a.pl\/8academy\/wp-json\/wp\/v2\/posts\/15432\/revisions"}],"predecessor-version":[{"id":66492,"href":"https:\/\/8a.pl\/8academy\/wp-json\/wp\/v2\/posts\/15432\/revisions\/66492"}],"wp:featuredmedia":[{"embeddable":true,"href":"https:\/\/8a.pl\/8academy\/wp-json\/wp\/v2\/media\/62838"}],"wp:attachment":[{"href":"https:\/\/8a.pl\/8academy\/wp-json\/wp\/v2\/media?parent=15432"}],"wp:term":[{"taxonomy":"category","embeddable":true,"href":"https:\/\/8a.pl\/8academy\/wp-json\/wp\/v2\/categories?post=15432"},{"taxonomy":"post_tag","embeddable":true,"href":"https:\/\/8a.pl\/8academy\/wp-json\/wp\/v2\/tags?post=15432"}],"curies":[{"name":"wp","href":"https:\/\/api.w.org\/{rel}","templated":true}]}}