{"id":14913,"date":"2017-11-10T08:00:18","date_gmt":"2017-11-10T07:00:18","guid":{"rendered":"http:\/\/8a.pl\/8academy\/?p=14913"},"modified":"2024-05-19T23:39:04","modified_gmt":"2024-05-19T21:39:04","slug":"rysy-to-nie-jest-gora-dla-kazdego","status":"publish","type":"post","link":"https:\/\/8a.pl\/8academy\/rysy-to-nie-jest-gora-dla-kazdego\/","title":{"rendered":"Rysy to nie jest g\u00f3ra dla ka\u017cdego"},"content":{"rendered":"<p><span style=\"font-weight: 400;\">Wybrali\u015bmy si\u0119 na Rysy na wsch\u00f3d s\u0142o\u0144ca. Piotrek, Piotrek i ja. Rozgwie\u017cd\u017cone niebo i ch\u0142\u00f3d nocy zwiastowa\u0142 spektakularn\u0105 panoram\u0119 o wschodzie s\u0142o\u0144ca z najwy\u017cszej g\u00f3ry w naszym kraju. Podchodzili\u015bmy sami, ka\u017cdy swoim tempem. Na szlaku pojawi\u0142o si\u0119 troch\u0119 lodu, troch\u0119 szadzi \u2013 normalka o tej porze roku, przecie\u017c by\u0142 ju\u017c koniec wrze\u015bnia. Spieszyli\u015bmy si\u0119, byli\u015bmy lekko sp\u00f3\u017anieni. Niebo przybra\u0142o kolor ultramarynu, po paru chwilach zacz\u0119\u0142o bladn\u0105\u0107. Po chwili, przedzieraj\u0105ce si\u0119 zza Lodowego, pomara\u0144czowe p\u0142omienie wschodu obla\u0142y nas swym \u015bwiat\u0142em na samym wierzcho\u0142ku. Aby cho\u0107 na chwil\u0119 zatrzyma\u0107 czas, aparaty fotograficzne posz\u0142y w ruch. Pierwszy raz widzia\u0142em wsch\u00f3d s\u0142o\u0144ca z tego miejsca. Cisza, spok\u00f3j. Ka\u017cdy z nas ma spory baga\u017c do\u015bwiadcze\u0144, wi\u0119c towarzyszy\u0142o nam poczucie bezpiecze\u0144stwa. Prawdziwa sielanka, a w zasadzie istny piknik, bo i termosik i bu\u0142ki od Zosi, a i og\u00f3rki si\u0119 znalaz\u0142y&#8230;<\/span><\/p>\n<div id=\"attachment_14917\" style=\"width: 1010px\" class=\"wp-caption alignnone\"><img fetchpriority=\"high\" decoding=\"async\" aria-describedby=\"caption-attachment-14917\" class=\"Tatrza\u0144skie szlaki wp-image-14917 size-full\" title=\"Tatry szlaki \" src=\"http:\/\/8a.pl\/8academy\/wp-content\/uploads\/2017\/11\/Szlak-na-Rysy-o-swicie.jpg\" alt=\"Rysy to nie jest g\u00f3ra dla ka\u017cdego\" width=\"1000\" height=\"650\" srcset=\"https:\/\/8a.pl\/8academy\/wp-content\/uploads\/2017\/11\/Szlak-na-Rysy-o-swicie.jpg 1000w, https:\/\/8a.pl\/8academy\/wp-content\/uploads\/2017\/11\/Szlak-na-Rysy-o-swicie-300x195.jpg 300w, https:\/\/8a.pl\/8academy\/wp-content\/uploads\/2017\/11\/Szlak-na-Rysy-o-swicie-768x499.jpg 768w\" sizes=\"(max-width: 1000px) 100vw, 1000px\" \/><p id=\"caption-attachment-14917\" class=\"wp-caption-text\">Szlak na Rysy o \u015bwicie (fot. Piotr Deska)<\/p><\/div>\n<p><span style=\"font-weight: 400;\"> Postanowili\u015bmy pozosta\u0107 na wierzcho\u0142ku i poczeka\u0107, a\u017c s\u0142o\u0144ce wzejdzie wy\u017cej i cho\u0107 troch\u0119 nas ogrzeje. Po p\u00f3\u0142torej godzinie zobaczy\u0142em podchodz\u0105cych z do\u0142u turyst\u00f3w. Po kolejnych \u00a030 minutach spostrzeg\u0142em, \u017ce w g\u00f3r\u0119 idzie dos\u0142ownie ca\u0142y poch\u00f3d ludzi, a przecie\u017c pomimo prawie bezchmurnego nieba, warunki s\u0105 dla mniej wprawnych piechur\u00f3w po prostu trudne. Co zreszt\u0105 jest najzupe\u0142niej normalne, bo w g\u00f3rach praktycznie panowa\u0142a ju\u017c jesie\u0144. Ca\u0142y wierzcho\u0142ek oraz ca\u0142a p\u00f3\u0142nocna strona g\u00f3r pokryta by\u0142a szadzi\u0105. W miejscach, gdzie wyst\u0119puj\u0105 cieki wody, ska\u0142a pokry\u0142a si\u0119 warstw\u0105 lodu. Na wierzcho\u0142ku zacz\u0119\u0142o gromadzi\u0107 si\u0119 coraz wi\u0119cej ludzi &#8211; czas schodzi\u0107 w doliny. Na szlaku to samo, czyli t\u0142oczno, a nawet bardzo t\u0142oczno. Schodz\u0105c zaobserwowali\u015bmy, \u017ce zdecydowana wi\u0119kszo\u015b\u0107 ludzi id\u0105ca do g\u00f3ry, s\u0142abo radzi sobie na \u015bliskiej \u00a0skale oraz na odcinkach szlaku, gdzie zabezpieczony \u00a0jest on \u0142a\u0144cuchami. Jedni byli lepiej wyposa\u017ceni w odzie\u017c i sprz\u0119t, inni gorzej, a jeszcze inni absolutnie beznadziejnie lub wr\u0119cz niedopuszczalnie.<\/span><\/p>\n<p><span style=\"font-weight: 400;\">No dobrze, s\u0105 \u0142a\u0144cuchy, jest czego si\u0119 przytrzyma\u0107,ale nie zmienia to faktu, \u017ce trzeba si\u0119 umie\u0107 porusza\u0107 w takim terenie. To co zobaczyli\u015bmy na wysoko\u015bci Buli, czyli ju\u017c w miejscu, gdzie nie ma \u0142a\u0144cuch\u00f3w, bo jest tam po prostu zbyt p\u0142asko, wprowadzi\u0142o nas w os\u0142upienie. Tu\u017c powy\u017cej Buli szlak przecina ciek wodny. Woda na niewielkim odcinku, dos\u0142ownie fragmentarycznie, rozla\u0142a si\u0119 na \u015bcie\u017ck\u0119 i oczywi\u015bcie zamarz\u0142a. W zasadzie zero k\u0142opotu i trudno\u015bci dla cz\u0142owieka umiej\u0105cego porusza\u0107 si\u0119 w g\u00f3rskim terenie i to niezale\u017cnie czy ma si\u0119 raczki czy nie. Po prostu p\u00f3\u0142torametrowy bana\u0142 do pokonania. A tu kolejka, deliberacje, dywagacje, r\u00f3\u017cne dziwne sztuki, liny uprz\u0119\u017ce i inne cuda i to wszystko w piargu. Jeszcze ni\u017cej ju\u017c, pod Bul\u0105, widzimy kobiet\u0119, sparali\u017cowan\u0105 prawdopodobnie otaczaj\u0105ca j\u0105 przestrzeni\u0105, le\u017c\u0105c\u0105, czo\u0142gaj\u0105c\u0105 si\u0119 po skale. Tak czo\u0142gaj\u0105c\u0105 si\u0119 po skalnej p\u0142ycie o trudno\u015bciach 0. Nad ni\u0105 grupka ludzi mobilizuj\u0105ca j\u0105, aby si\u0119 nie poddawa\u0142a i sz\u0142a (czo\u0142ga\u0142a?) do g\u00f3ry!<\/span><\/p>\n<div id=\"attachment_14918\" style=\"width: 1010px\" class=\"wp-caption alignnone\"><img decoding=\"async\" aria-describedby=\"caption-attachment-14918\" class=\"Sk\u0105d na Rysy wp-image-14918 size-full\" title=\"Szlak na Rysy\" src=\"http:\/\/8a.pl\/8academy\/wp-content\/uploads\/2017\/11\/Szlak-na-Rysy-kolejka-ludzi.jpg\" alt=\"Wyj\u015bcie na Rysy\" width=\"1000\" height=\"650\" srcset=\"https:\/\/8a.pl\/8academy\/wp-content\/uploads\/2017\/11\/Szlak-na-Rysy-kolejka-ludzi.jpg 1000w, https:\/\/8a.pl\/8academy\/wp-content\/uploads\/2017\/11\/Szlak-na-Rysy-kolejka-ludzi-300x195.jpg 300w, https:\/\/8a.pl\/8academy\/wp-content\/uploads\/2017\/11\/Szlak-na-Rysy-kolejka-ludzi-768x499.jpg 768w\" sizes=\"(max-width: 1000px) 100vw, 1000px\" \/><p id=\"caption-attachment-14918\" class=\"wp-caption-text\">W drodze na Rysy bywa do\u015b\u0107 t\u0142oczno (fot. Piotr Deska)<\/p><\/div>\n<p><span style=\"font-weight: 400;\">Zim\u0105 nie jest lepiej, a zdecydowanie gorzej. Rysy to znane ratownikom miejsce. Co roku dochodzi tu do wypadk\u00f3w, w tym tych ko\u0144cz\u0105cych si\u0119 tragicznie. S\u0105 to wypadki zwi\u0105zane z uprawianiem turystyki pieszej czy narciarstwa, zwi\u0105zane w wi\u0119kszym stopniu z brakiem umiej\u0119tno\u015bci w poruszaniu si\u0119 w terenie ni\u017c niebezpiecze\u0144stwami obiektywnymi. Nie pami\u0119tam, aby tam wydarzy\u0142 si\u0119 jaki\u015b wypadek zwi\u0105zany z uprawianiem taternictwa. Wraz z przyjaci\u00f3\u0142mi zauwa\u017cyli\u015bmy, \u017ce uprawianie wspinaczki znacznie poprawia koordynacj\u0119 ruchow\u0105, co wymiernie poprawia bezpiecze\u0144stwo i kontrol\u0119 podczas poruszania si\u0119 w terenie, zw\u0142aszcza eksponowanym.<\/span><\/p>\n<p><span style=\"font-weight: 400;\">W grudniu ubieg\u0142ego roku w\u0142a\u015bnie na Rysach o ma\u0142y w\u0142os sam sta\u0142bym si\u0119 wraz z przyjaci\u00f3\u0142mi ofiar\u0105 wypadku. Znajdowali\u015bmy si\u0119 ju\u017c w g\u00f3rnej cz\u0119\u015bci \u017clebu (rysa). Przed nami by\u0142y dwie osoby, a poni\u017cej pod \u017clebem kilka podchodz\u0105cych w g\u00f3r\u0119 grup. Nagle zauwa\u017cy\u0142em powy\u017cej jaki\u015b ruch &#8211; bez \u017cadnego ostrze\u017cenia, bez \u017cadnych krzyk\u00f3w czy ha\u0142asu. Spostrzegli\u015bmy, i\u017c leci wprost na nas plecak. W u\u0142amku sekundy zorientowa\u0142em si\u0119, \u017ce nie jest to plecak, tylko cz\u0142owiek! Dzia\u0142o si\u0119 to wszystko dos\u0142ownie w kilku sekundach. Zim\u0105 w tym miejscu \u017cleb jest w\u0105ski i nie ma gdzie ucieka\u0107. Znajdowali\u015bmy si\u0119 dok\u0142adnie na linii upadku. Widz\u0105c k\u0105tem oka zbli\u017caj\u0105ca si\u0119 z ogromn\u0105 pr\u0119dko\u015bci\u0105 ciemn\u0105 bry\u0142\u0119 zd\u0105\u017cy\u0142em tylko krzykn\u0105\u0107: <\/span><i><span style=\"font-weight: 400;\">ucieka\u0107 pod ska\u0142\u0119!<\/span><\/i><span style=\"font-weight: 400;\"> Odskoczyli\u015bmy dos\u0142ownie w ostatniej \u00a0sekundzie. Spadaj\u0105cy cz\u0142owiek uderzy\u0142 w nog\u0119 Stefana, co pokazuje jak \u00a0niewiele brakowa\u0142o\u2026 Z przera\u017ceniem i bezsilno\u015bci\u0105 patrzyli\u015bmy, jak ten cz\u0142owiek walczy o to, aby si\u0119 zatrzyma\u0107, po czym znikn\u0105\u0142 nam z oczu za prze\u0142amaniem terenu. Pobieg\u0142em na grz\u0119d\u0119 sk\u0105d zobaczy\u0142em, \u017ce s\u0105 przy nim inni ludzie. Nawi\u0105za\u0142em kontakt g\u0142osowy. Okaza\u0142o si\u0119, \u017ce poni\u017cej by\u0142 kolega ratownik z TOPR. <\/span><\/p>\n<p><span style=\"font-weight: 400;\">Dla tego cz\u0142owieka wszystko dobrze si\u0119 sko\u0144czy\u0142o. Zdziwi\u0142o mnie, \u017ce tego dnia na portalach spo\u0142eczno\u015bciowych chwali\u0142 si\u0119 zdj\u0119ciami z zabanda\u017cowan\u0105 g\u0142ow\u0105 siedz\u0105c w Morskim Oku! Zszokowa\u0142o mnie to, bo przecie\u017c o ma\u0142o co nie zgin\u0105\u0142, o ma\u0142o co nie poci\u0105gn\u0105\u0142 za sob\u0105 innych, kt\u00f3rzy r\u00f3wnie\u017c mogli zgin\u0105\u0107.<\/span><\/p>\n<p><span style=\"font-weight: 400;\">Inny wypadek, tym razem z udzia\u0142em narciarza, kt\u00f3ry wjecha\u0142 w grup\u0119 ludzi. Zgin\u0119\u0142y dwie osoby. Zastanawia\u0142em si\u0119 ze znajomymi, czy ten cz\u0142owiek w og\u00f3le rozumia\u0142 co si\u0119 wydarzy\u0142o? Tamtego dnia rozmawia\u0142em z lud\u017ami, kt\u00f3rzy byli bezpo\u015brednimi \u015bwiadkami tego wypadku. A wi\u0119c turysta ten pr\u00f3bowa\u0142 zej\u015b\u0107 ze szczerbiny poni\u017cej wierzcho\u0142ka do \u017clebu. Teren lekko stromy, tamtego dnia by\u0142o twardo i miejscowo z polewkami szklistego lodu. Dla kogo\u015b kto potrafi si\u0119 porusza\u0107 w takich warunkach, teren nie nastr\u0119cza\u0142 \u017cadnych problem\u00f3w. Ten cz\u0142owiek pr\u00f3bowa\u0142 zej\u015b\u0107 najpierw twarz\u0105 do ekspozycji jak sprawia\u0142o to k\u0142opot, to pr\u00f3bowa\u0142 twarz\u0105 do stoku, a gdy i to nie wychodzi\u0142o stan\u0105\u0142 bokiem pr\u00f3buj\u0105c zmieni\u0107 pozycj\u0119 i spad\u0142.<\/span><\/p>\n<div id=\"attachment_14919\" style=\"width: 1010px\" class=\"wp-caption alignnone\"><img decoding=\"async\" aria-describedby=\"caption-attachment-14919\" class=\"Szlaki w z Morskiego Oka wp-image-14919 size-full\" title=\"Wycieczka na Rysy\" src=\"http:\/\/8a.pl\/8academy\/wp-content\/uploads\/2017\/11\/W-drodze-na-Rysy-Tatry.jpg\" alt=\"Na tatrza\u0144skich szlakach\" width=\"1000\" height=\"650\" srcset=\"https:\/\/8a.pl\/8academy\/wp-content\/uploads\/2017\/11\/W-drodze-na-Rysy-Tatry.jpg 1000w, https:\/\/8a.pl\/8academy\/wp-content\/uploads\/2017\/11\/W-drodze-na-Rysy-Tatry-300x195.jpg 300w, https:\/\/8a.pl\/8academy\/wp-content\/uploads\/2017\/11\/W-drodze-na-Rysy-Tatry-768x499.jpg 768w\" sizes=\"(max-width: 1000px) 100vw, 1000px\" \/><p id=\"caption-attachment-14919\" class=\"wp-caption-text\">Trasa na Rysy (fot. Piotr Deska)<\/p><\/div>\n<p><span style=\"font-weight: 400;\">Zar\u00f3wno latem, jak i zim\u0105 widzia\u0142em w okolicach Rys\u00f3w wielu turyst\u00f3w, kt\u00f3rzy w og\u00f3le nie powinni si\u0119 tam znale\u017a\u0107. Turyst\u00f3w nie umiej\u0105cych porusza\u0107 si\u0119 w terenie wysokog\u00f3rskim lub poruszaj\u0105cych si\u0119 na granicy swoich mo\u017cliwo\u015bci\/umiej\u0119tno\u015bci, co r\u00f3wnie\u017c stanowi zagro\u017cenie. Od koleg\u00f3w pracuj\u0105cych w g\u00f3rach nie raz s\u0142ysza\u0142em, \u017ce obawiaj\u0105 si\u0119 chodzi\u0107 na Rysy, bo mo\u017cna sta\u0107 si\u0119 przez przypadek ofiar\u0105 wypadku. Za\u0142o\u017c\u0119 si\u0119, \u017ce zdecydowana wi\u0119kszo\u015b\u0107 ludzi wchodz\u0105ca na Rysy zim\u0105 nie rozumie jak bardzo r\u00f3\u017cni\u0105 si\u0119 warunki na szlakach po po\u0142udniowej stronie Tatr, od tych po p\u00f3\u0142nocnej. Tu ma\u0142a dygresja: wspomniany powy\u017cej Stefan wspinaj\u0105c si\u0119 trudn\u0105 i odleg\u0142\u0105 wschodni\u0105 \u015bcian\u0105 Rys\u00f3w (z doliny Ci\u0119\u017ckiej), b\u0119d\u0105c w trakcie prowadzenia jednego z wyci\u0105g\u00f3w oberwa\u0142 termosem upuszczonym przez turyst\u0119 na wierzcho\u0142ku!<\/span><\/p>\n<h2 style=\"text-align: center;\"><b>Z kroniki wypadk\u00f3w tatrza\u0144skich<\/b><\/h2>\n<h3 style=\"text-align: left;\"><b>Giewont ju\u017c wszystko widzia\u0142<\/b><\/h3>\n<p><span style=\"font-weight: 400;\">Turystom siedz\u0105cym na wierzcho\u0142ku Giewontu wskutek nieuwagi spada plecach wprost w p\u00f3\u0142nocn\u0105 przepa\u015bcist\u0105 \u015bcian\u0119. \u00a0To \u015bciana trudna nawet dla taternik\u00f3w. Dw\u00f3ch turyst\u00f3w schodzi \u015bcian\u0105 po plecak! Ca\u0142onocna skomplikowana akcja ratownik\u00f3w TOPR ratuje im \u017cycie.<\/span><\/p>\n<h3 style=\"text-align: left;\"><b>Selfi nad wodospadem<\/b><\/h3>\n<p><span style=\"font-weight: 400;\">Kobieta pragnie zrobi\u0107 sobie zdj\u0119cie nad Wodogrzmotami Mickiewicza. Schodzi ze szlaku bo chce mie\u0107 zdj\u0119cie jak najbli\u017cej wodospadu. Wskutek upadku z kilkunastometrowego progu do wody ponosi \u015bmier\u0107.<\/span><\/p>\n<h3 style=\"text-align: left;\"><b>Nie wystarczy kupi\u0107 sprz\u0119t, trzeba umie\u0107 jeszcze nim si\u0119 pos\u0142ugiwa\u0107<\/b><\/h3>\n<p><span style=\"font-weight: 400;\">Szlak na Prze\u0142\u0119cz pod Ch\u0142opkiem. Turysta w schronisku chwali si\u0119 przed innymi przypadkowo spotkanymi turystami, \u017ce zdoby\u0142 <a href=\"https:\/\/8a.pl\/8academy\/grossglockner-o-tym-jak-nie-weszlismy-na-szczyt-na-skiturach\/\" target=\"_blank\" rel=\"noopener noreferrer\">Grossglocknera<\/a>. Wysoko\u015b\u0107, jak\u017ceby inaczej imponuje innym, przecie\u017c \u00a0to 3798 metr\u00f3w, wi\u0119c wycieczka na Prze\u0142\u0119cz pod Ch\u0142opkiem to bana\u0142. By\u0142o ich troje, mieli <a href=\"https:\/\/8a.pl\/liny-wspinaczkowe\" target=\"_blank\" rel=\"noopener noreferrer\">liny<\/a>, <a href=\"https:\/\/8a.pl\/uprzeze-wspinaczkowe\" target=\"_blank\" rel=\"noopener noreferrer\">uprz\u0119\u017ce<\/a>, <a href=\"https:\/\/8a.pl\/raki\" target=\"_blank\" rel=\"noopener noreferrer\">raki<\/a>, <a href=\"https:\/\/8a.pl\/czekany\" target=\"_blank\" rel=\"noopener noreferrer\">czekany<\/a>. Ten, kt\u00f3ry poprzedniego wieczoru w schronisku przechwala\u0142 si\u0119 swym bogatym do\u015bwiadczeniem g\u00f3rskim, schodz\u0105c z Kazalnicy nie radzi sobie z terenem na \u00a0szlaku. Traci r\u00f3wnowag\u0119 i spada. Cudem lina zahacza si\u0119 o wyst\u0119p skalny. Gdyby nie to, poci\u0105gn\u0105\u0142by za sob\u0105 pozosta\u0142\u0105 dw\u00f3jk\u0119. Tu ju\u017c nast\u0105pi\u0142a ca\u0142a seria braku umiej\u0119tno\u015bci, nie tylko w poruszaniu si\u0119 zim\u0105 w takim terenie, ale r\u00f3wnie\u017c braku wiedzy, jak prawid\u0142owo realizowa\u0107 asekuracj\u0119 z u\u017cyciem liny. Cz\u0142owiek osun\u0105\u0142 si\u0119 w eksponowany teren, a pozosta\u0142a dw\u00f3jka nie potrafi mu pom\u00f3c. Cz\u0142owiek umiera wskutek g\u0142\u0119bokiej hipotermii.<\/span><\/p>\n<div id=\"attachment_14972\" style=\"width: 1010px\" class=\"wp-caption alignnone\"><img loading=\"lazy\" decoding=\"async\" aria-describedby=\"caption-attachment-14972\" class=\"obuwie na szlaku wp-image-14972 size-full\" title=\"wycieczka w Tatry\" src=\"http:\/\/8a.pl\/8academy\/wp-content\/uploads\/2017\/11\/butki-na-rysach-1.jpg\" alt=\"Na tatrza\u0144skich szlakach\" width=\"1000\" height=\"650\" srcset=\"https:\/\/8a.pl\/8academy\/wp-content\/uploads\/2017\/11\/butki-na-rysach-1.jpg 1000w, https:\/\/8a.pl\/8academy\/wp-content\/uploads\/2017\/11\/butki-na-rysach-1-300x195.jpg 300w, https:\/\/8a.pl\/8academy\/wp-content\/uploads\/2017\/11\/butki-na-rysach-1-768x499.jpg 768w\" sizes=\"(max-width: 1000px) 100vw, 1000px\" \/><p id=\"caption-attachment-14972\" class=\"wp-caption-text\">Przera\u017caj\u0105ce, \u017ce takie sytuacje zdarzaj\u0105 si\u0119 w Tatrach nie tylko latem&#8230; (fot, Micha\u0142 Bilko)<\/p><\/div>\n<h3 style=\"text-align: left;\"><b>Umawianie na wspinanie<\/b><\/h3>\n<p><span style=\"font-weight: 400;\">Wypadki dotycz\u0105 tak\u017ce tych, kt\u00f3rzy w g\u00f3ry chodz\u0105 si\u0119 wspina\u0107. Okolice Morskiego Oka. Na serwisie spo\u0142eczno\u015bciowym dw\u00f3jka ludzi umawia si\u0119 na wspinanie \u0142atw\u0105 grani\u0105. W trakcie wspinaczki pomi\u0119dzy dwojga zupe\u0142nie nie znaj\u0105cymi si\u0119 osobami &#8211; co jest najzupe\u0142niej zrozumia\u0142e, bo przecie\u017c dopiero co si\u0119 poznali w internecie &#8211; dochodzi do sprzeczki, kt\u00f3ra skutkuje tym, \u017ce rozwi\u0105zuj\u0105 si\u0119 i ka\u017cdy idzie w swoim kierunku. Jeden z nich schodzi samodzielnie z eksponowanej grani, drugi wzywa pogotowie, kt\u00f3re udziela mu pomocy i bezpiecznie sprowadza w doliny. Partnerstwo w g\u00f3rach, to \u201etroch\u0119\u201d wi\u0119cej ni\u017c klikni\u0119cie w klawiatur\u0119.<\/span><\/p>\n<h3 style=\"text-align: left;\"><b>Ch\u0142opak\/dziewczyna mnie rzuci\u0142\/a<\/b><\/h3>\n<p><span style=\"font-weight: 400;\">Coraz cz\u0119stszym zjawiskiem jest pojawianie si\u0119 w g\u00f3rach ludzi w stanie obni\u017conej kondycji psychicznej czy wr\u0119cz depresji. <\/span><i><span style=\"font-weight: 400;\">Ch\u0142opak mnie rzuci\u0142, wi\u0119c zakocha\u0142am si\u0119 w g\u00f3rach i sta\u0142am si\u0119 cenion\u0105 blogerk\u0105, tatro-maniaczk\u0105, m\u00f3wi\u0105c\u0105 innym jakie to odbywam wycieczki, czasami udzielam rad innym mniej do\u015bwiadczonym<\/span><\/i><span style=\"font-weight: 400;\"> &#8211; chwali si\u0119 na internecie dziewczyna. G\u00f3ry to nie jest miejsce na roz\u0142adowywanie, a w istocie rzeczy kompensowanie swych frustracji. G\u00f3ry to nie gabinet u specjalisty, jak wielu s\u0105dzi. Tu trzeba by\u0107 specjalist\u0105, a wtedy w g\u00f3rach stajemy si\u0119 bezpieczni.<\/span><\/p>\n<h3 style=\"text-align: left;\"><b>Herosi z czekanem i rakami i z przypi\u0119tym na zewn\u0105trz kubkiem na herbat\u0119<\/b><\/h3>\n<p><span style=\"font-weight: 400;\">Motywacja w\u015br\u00f3d ludzi chodz\u0105cych w g\u00f3ry jest r\u00f3\u017cna. Cz\u0119stym powodem jest najzwyklejsze pochwalenie si\u0119 przed kolegami swoimi osi\u0105gni\u0119ciami. To rzecz ludzka&#8230; Tylko, \u017ce i tu nale\u017cy zachowa\u0107 zdrowy rozs\u0105dek, bo je\u017celi m\u00f3j kolega chwali si\u0119 w\u015br\u00f3d znajomych, \u017ce zrobi\u0142 to czy tamto w g\u00f3rach, to wcale to nie znaczy, \u017ce sta\u0107 mnie na to samo i \u017ce ka\u017cda droga w g\u00f3rach jest dla mnie. Nie, nie ka\u017cda. Na tym polega do\u015bwiadczenie i to jest w\u0142a\u015bnie znajomo\u015b\u0107 swych mo\u017cliwo\u015bci. <\/span><\/p>\n<p><span style=\"font-weight: 400;\">Le\u017ca\u0142em z koleg\u0105 na trawie przed schroniskiem w Starej Roztoce. Przysiad\u0142 si\u0119 do nas turysta i spyta\u0142 si\u0119 nas, gdzie dzisiaj byli\u015bmy. Odpowiedzia\u0142em, \u017ce nad Czarnym Stawem (wspinali\u015bmy si\u0119 na Kazalnicy na drodze Ma\u0142olata). Ch\u0142opak omi\u00f3t\u0142 nas i otoczenie spojrzeniem gladiatora i stwierdzi\u0142, \u017ce to my lecimy po piwo, bo on by\u0142<\/span><i><span style=\"font-weight: 400;\"> wy\u017cej, na Rysach!<\/span><\/i><span style=\"font-weight: 400;\"> Chc\u0105c nie chc\u0105c, wys\u0142uchali\u015bmy jego opowie\u015bci. Wybra\u0142 si\u0119 na Rysy <\/span><i><span style=\"font-weight: 400;\">solo<\/span><\/i><span style=\"font-weight: 400;\">, us\u0142yszeli\u015bmy r\u00f3wnie\u017c, \u017ce jest tam <\/span><i><span style=\"font-weight: 400;\">bardzo trudno<\/span><\/i><span style=\"font-weight: 400;\"> i \u017ce wchodz\u0105c <\/span><i><span style=\"font-weight: 400;\">na te Rysy<\/span><\/i><span style=\"font-weight: 400;\"> udowodni\u0142 przed kolegami i kole\u017cankami z jednego z popularnych forum po\u015bwi\u0119conych tematyce g\u00f3rskiej, \u017ce jest go\u015bciem i \u017ce w\u0142a\u015bnie o to chodzi\u0142o, bo szydzili tam z niego. Przy tym wszystkim doda\u0142, \u017ce o ma\u0142o nie spad\u0142 i \u017ce niechc\u0105cy zrzuci\u0142 kamie\u0144 na innych ludzi o co mieli do niego nieuzasadnione pretensje <\/span><i><span style=\"font-weight: 400;\">bo sami te\u017c rzucali!<\/span><\/i><span style=\"font-weight: 400;\"> Co\u015b tam wtr\u0105ci\u0142em delikatne, \u017ce kask w g\u00f3rach, to bardzo przydatna rzecz\u2026 Po wys\u0142uchaniu odszed\u0142 na Palenic\u0119. Zwr\u00f3ci\u0142em uwag\u0119, \u017ce kasku nie mia\u0142, ale mia\u0142 za to raki i czekan, a by\u0142 to upalny sierpniowy dzie\u0144 i w og\u00f3le lato by\u0142o ciep\u0142e. Na jego plecaku dynda\u0142 przypi\u0119ty stalowy kubek na herbat\u0119&#8230; \u00a0Zachodz\u0119 w g\u0142ow\u0119, kto tych ludzi tak uczy, chodzi\u0107 z kubkami przypi\u0119tymi na zewn\u0105trz plecaka, dzwoni\u0105cymi niczym barany na polu. Kiedy\u015b w Tatrach takich si\u0119 nie spotyka\u0142o&#8230;<\/span><\/p>\n<div id=\"attachment_15075\" style=\"width: 1010px\" class=\"wp-caption alignnone\"><img loading=\"lazy\" decoding=\"async\" aria-describedby=\"caption-attachment-15075\" class=\"wp-image-15075 size-full\" src=\"https:\/\/8a.pl\/8academy\/wp-content\/uploads\/2017\/11\/W3.jpg\" alt=\"Giewont jesieni\u0105 i zim\u0105, to wcale nie jest g\u00f3ra dla ka\u017cdego\" width=\"1000\" height=\"650\" srcset=\"https:\/\/8a.pl\/8academy\/wp-content\/uploads\/2017\/11\/W3.jpg 1000w, https:\/\/8a.pl\/8academy\/wp-content\/uploads\/2017\/11\/W3-300x195.jpg 300w, https:\/\/8a.pl\/8academy\/wp-content\/uploads\/2017\/11\/W3-768x499.jpg 768w\" sizes=\"(max-width: 1000px) 100vw, 1000px\" \/><p id=\"caption-attachment-15075\" class=\"wp-caption-text\">Giewont jesieni\u0105 i zim\u0105, to wcale nie jest g\u00f3ra dla ka\u017cdego (fot. Micha\u0142 Bilko)<\/p><\/div>\n<h3 style=\"text-align: left;\"><b>Nie\u015bmiertelni<\/b><\/h3>\n<p><span style=\"font-weight: 400;\">I tacy w g\u00f3ry przyje\u017cd\u017caj\u0105, co szukaj\u0105 w nich \u015bmierci. Ch\u0142opak wieczorem przychodzi do schroniska, \u015bwiadkowie potem m\u00f3wi\u0105, <\/span><i><span style=\"font-weight: 400;\">\u017ce by\u0142o co\u015b w nim dziwnego, \u017ce dziwnie mu z oczu patrzy\u0142o<\/span><\/i><span style=\"font-weight: 400;\">. Wyszed\u0142 i zagin\u0105\u0142. Wiosn\u0105 na jego szcz\u0105tki natrafiaj\u0105 pracownicy lasu. <\/span><\/p>\n<p><span style=\"font-weight: 400;\">By\u0142em \u015bwiadkiem, gdy kobieta przychodzi do schroniska i pyta si\u0119 kierownictwa, <\/span><i><span style=\"font-weight: 400;\">gdzie s\u0105 tu g\u00f3ry w pobli\u017cu, bo chce pope\u0142ni\u0107 samob\u00f3jstwo<\/span><\/i><span style=\"font-weight: 400;\">. W odpowiedzi us\u0142ysza\u0142a, \u017ce schronisko le\u017cy w dolinie, z dala od g\u00f3r, \u017ce ma jeszcze d\u0142uga drog\u0119 w g\u00f3r\u0119. Rozczarowana tym faktem wr\u00f3ci\u0142a do domu, do bliskich.<\/span><\/p>\n<h3 style=\"text-align: left;\"><b>Mistrz z You Tube\u2019a<\/b><\/h3>\n<p><span style=\"font-weight: 400;\">Po jednej z prelekcji zosta\u0142em poproszony przez grup\u0119 m\u0142odych ludzi, \u017cebym przysiad\u0142 si\u0119 do nich do sto\u0142u. Mia\u0142em chwil\u0119 wolnego czasu, wi\u0119c to uczyni\u0142em. Dowiedzia\u0142em si\u0119, \u017ce s\u0105 grup\u0105, kt\u00f3ra chodzi po g\u00f3rach, r\u00f3wnie\u017c poza szlakami w Tatrach i nazwali si\u0119 Do G\u00f3ry Nogami. No pi\u0119knie! Po chwili jeden jegomo\u015b\u0107 \u00a0zacz\u0105\u0142 reklamowa\u0107 grup\u0119 jako tak\u0105, co wszystkiego co zwi\u0105zane z g\u00f3rami ucz\u0105 si\u0119 na You Tube. <\/span><i><span style=\"font-weight: 400;\">No ok<\/span><\/i><span style=\"font-weight: 400;\"> &#8211; my\u015bl\u0119 &#8211; <\/span><i><span style=\"font-weight: 400;\">doszkala\u0107 zawsze si\u0119 mo\u017cna, a nawet powinno i internet akurat mo\u017ce tu by\u0107 przydatnym narz\u0119dziem<\/span><\/i><span style=\"font-weight: 400;\">. Ludzie z Do G\u00f3ry Nogami jednak spraw\u0119 szkole\u0144 inaczej widz\u0105. Ze szkole\u0144 na You Tube uczynili sw\u00f3j znak wizerunkowy, czym si\u0119 chwalili przede mn\u0105 twierdz\u0105c, \u017ce szkolenia z kwalifikowanymi, uprawnionymi instruktorami s\u0105 zb\u0119dne, bo wszystko co nale\u017cy wiedzie\u0107 jest w sieci, b\u0105d\u017a mo\u017cna nauczy\u0107 si\u0119 tego samemu zbieraj\u0105c do\u015bwiadczenie. Istotnie ta grupa ma ,,do g\u00f3ry nogami\u201d postawione pewne bardzo istotne kwestie dotycz\u0105ce bezpiecze\u0144stwa w g\u00f3rach. Napisz\u0119 kr\u00f3tko. Nie chcia\u0142bym chodzi\u0107 do dentysty, kt\u00f3ry wie wszystko z You Tube. Mia\u0142em ogromne szcz\u0119\u015bcie, \u017ce na swej drodze spotka\u0142em Marka P\u0142onk\u0119, Wac\u0142awa Sonelskiego czy Jana Wolfa, to moi instruktorzy i tu jest kim i czym si\u0119 pochwali\u0107 czy ekscytowa\u0107.<\/span><\/p>\n<div id=\"attachment_15074\" style=\"width: 1010px\" class=\"wp-caption alignnone\"><img loading=\"lazy\" decoding=\"async\" aria-describedby=\"caption-attachment-15074\" class=\"wp-image-15074 size-full\" src=\"https:\/\/8a.pl\/8academy\/wp-content\/uploads\/2017\/11\/W6.jpg\" alt=\"Pi\u0119\u0107 Staw\u00f3w zim\u0105\" width=\"1000\" height=\"650\" srcset=\"https:\/\/8a.pl\/8academy\/wp-content\/uploads\/2017\/11\/W6.jpg 1000w, https:\/\/8a.pl\/8academy\/wp-content\/uploads\/2017\/11\/W6-300x195.jpg 300w, https:\/\/8a.pl\/8academy\/wp-content\/uploads\/2017\/11\/W6-768x499.jpg 768w\" sizes=\"(max-width: 1000px) 100vw, 1000px\" \/><p id=\"caption-attachment-15074\" class=\"wp-caption-text\">Pi\u0119\u0107 Staw\u00f3w zim\u0105 (fot. Micha\u0142 Bilko)<\/p><\/div>\n<h2 style=\"text-align: center;\"><strong>Bezpiecze\u0144stwo przede wszystkim<\/strong><\/h2>\n<p><span style=\"font-weight: 400;\"> Proponowa\u0142bym \u00a0chwil\u0119 refleksji nad sensem takiego post\u0119powania. Historii zwi\u0105zanych z wypadkami, niestety, mo\u017cna przywo\u0142a\u0107 ca\u0142e mn\u00f3stwo. Zima za pasem, a ju\u017c mamy par\u0119 wypadk\u00f3w \u015bmiertelnych. Nie ma co g\u0142owy chowa\u0107 w piasek, czy udawa\u0107, \u017ce nie ma problemu. Jeste\u015bmy krajem nizinnym, wiedza o g\u00f3rach jest p\u0142ytka, a dost\u0119pno\u015b\u0107 sprz\u0119tu, kt\u00f3ry u\u0142atwia trekking du\u017ca. Wypadki w g\u00f3rach b\u0119d\u0105 si\u0119 zdarza\u0107, lecz go\u0142ym okiem wida\u0107, \u017ce problem narasta, a co za tym idzie ilo\u015b\u0107 \u201eniepotrzebnych \u015bmierci\u201d. Nadchodzi zima, dla turyst\u00f3w, kt\u00f3rzy zaczynaj\u0105 przygod\u0119 z g\u00f3rami czy maj\u0105 ma\u0142e do\u015bwiadczenie zawsze b\u0119d\u0119 poleca\u0142 szkolenia czy skorzystanie z us\u0142ug przewodnika.<\/span><\/p>\n<blockquote>\n<p style=\"text-align: left;\"><span style=\"font-weight: 400;\">Pozostaj\u0105c w temacie, na koniec polecam wpis mojego serdecznego kolegi <strong>Ma\u0107ka Ciesielskiego<\/strong>, kt\u00f3ry jest \u015bwietnym alpinist\u0105, ratownikiem, w g\u00f3rach pracuje z lud\u017ami, wi\u0119c Jego g\u0142os jest tym bardziej cenny.\u00a0<\/span><\/p>\n<\/blockquote>\n<p><strong>MACIEK CIESIELSKI:<\/strong>\u00a0&#8220;<em>Nie lubi\u0119 czyta\u0107, jak kto\u015b m\u00f3wi mi co mam robi\u0107 w g\u00f3rach, uwa\u017cam, \u017ce g\u00f3ry s\u0105 dla ka\u017cdego i dop\u00f3ki nie zagra\u017camy innym osobom lub w rzeczywisty spos\u00f3b przyrodzie, mo\u017cemy sobie robi\u0107 co chcemy. Dlatego nie zwracam uwagi spotkanym osobom w g\u00f3rach nawet, jak robi\u0105 najwi\u0119ksze g\u0142upoty, chyba \u017ce s\u0105 z dzie\u0107mi i ryzykuj\u0105 ich \u017cycie.<\/em><\/p>\n<p><em>D\u0142ugo si\u0119 zastanawia\u0142em, czy napisa\u0107 tego posta, ale doszed\u0142em do wniosku, \u017ce mo\u017ce kogo\u015b zmusi to do jakiej\u015b refleksji. Weekend sp\u0119dzi\u0142em w moim ulubionym schronisku &#8211; w 5 stawach. W sobot\u0119, w przepi\u0119kn\u0105 pogod\u0119, by\u0142em w okolicy Zawratu.<\/em><\/p>\n<p><em>Od 1800 metr\u00f3w by\u0142 \u015bnieg, rano bardzo zmro\u017cony. Kiedy by\u0142em na Zawracie &#8211; na 36 os\u00f3b (specjalnie policzy\u0142em) tylko 5 mia\u0142o raki (w tym ja i dw\u00f3jka moich go\u015bci). Przez ca\u0142y dzie\u0144 spotka\u0142em tylko kilka os\u00f3b, kt\u00f3re mia\u0142y czekany w r\u0119kach lub przy plecaku. Spotka\u0142em tylko jedn\u0105! osob\u0119 w uprz\u0119\u017cy, z absorberami, w rakach, z czekanem i w kasku. Generalnie ludzi z kaskami przez ca\u0142y dzie\u0144 spotka\u0142em dos\u0142ownie kilku. W sumie, w za\u015bnie\u017conym, stromym (zagro\u017conym upadkiem) i momentami zlodowacia\u0142ym terenie, spotka\u0142em tego dnia kilkaset os\u00f3b&#8230;<\/em><\/p>\n<p><em>Bardzo wiele os\u00f3b by\u0142o w miejskich butach, lub &#8220;adidasach&#8221;, czasem zdarza\u0142y si\u0119 jakie\u015b &#8220;podej\u015bci\u00f3wki&#8221; lub <a href=\"https:\/\/8a.pl\/buty-trekkingowe-meskie\" target=\"_blank\" rel=\"noopener noreferrer\">buty ponad kostk\u0119<\/a>. Wiele os\u00f3b by\u0142o s\u0142abo ubranych np. bez r\u0119kawiczek. By\u0142o bardzo du\u017co biegaczy, totalnie ubranych na lekko i w butach biegowych&#8230;.<\/em><\/p>\n<p><em>Teoretycznie, ka\u017cdy niech sobie robi co chce, ale w tych miejscach np. zej\u015bcie z Zawratu na Hale, jest tak, \u017ce ka\u017cdy upadek kogo\u015b wy\u017cej mo\u017ce sprawi\u0107, i\u017c ta osoba &#8220;wyczy\u015bci&#8221; ca\u0142y podej\u015bciowy \u017cleb i kto\u015b inny na tym ucierpi. Czyli przez nasz\u0105 g\u0142upot\u0119 konsekwencje\u00a0b\u0119dzie ponosi\u0107 kto\u015b inny&#8230; Na moich oczach, przy zej\u015bciu do &#8220;Pi\u0105tki&#8221;, jedna osoba spadaj\u0105c podci\u0119\u0142a 2 inne, na szcz\u0119\u015bcie popo\u0142udniowy \u015bnieg by\u0142 na tyle mi\u0119kki, \u017ce si\u0119 wszyscy zatrzymali.<\/em><\/p>\n<p><em>Widzia\u0142em kilkana\u015bcie grup, grupek, cz\u0119sto par, gdzie np. jedna z os\u00f3b zupe\u0142nie sobie nie radzi\u0142a, zsuwa\u0142a si\u0119 na ty\u0142ku, mia\u0142a \u0142zy w oczach lub ogromne przera\u017cenie&#8230; Po co? Po co zabiera\u0107 tam znajomych, rodzin\u0119, partner\u00f3w \u017cyciowych, je\u015bli jest to dla nich niebezpieczne i nie sprawia im, przynajmniej w tym momencie, rado\u015bci? (zaraz si\u0119 pewnie dowiem, \u017ce to chodzi o prze\u0142amywanie swoich s\u0142abo\u015bci&#8230;)<\/em><\/p>\n<p><em>S\u0142ysza\u0142em te\u017c, na sw\u00f3j spos\u00f3b szokuj\u0105ce mnie konwersacje. Np. tury\u015bci schodz\u0105cy w kierunku Zawratu, informuj\u0105 tych podchodz\u0105cych w kierunku Ma\u0142ego Koziego, &#8220;\u017ce nie da si\u0119 przej\u015b\u0107 dalej &#8211; oni doszli do Koziej prze\u0142\u0119czy i zawr\u00f3cili&#8221; &#8211; oczywi\u015bcie chodzi\u0142o im o Honoratk\u0119, kt\u00f3ra by\u0142a tak zalodzona i z przykrytymi \u015bniegiem \u0142a\u0144cuchami, \u017ce bez liny jej trawers by\u0142 bardzo niebezpieczny (czyli znajomo\u015b\u0107 terenu zerowa). Pan na Zawracie startuj\u0105cy w stron\u0119 Ma\u0142ego Koziego m\u00f3wi do znajomych &#8211; &#8220;widzimy si\u0119 za 3h w Stawach, zejd\u0119 z Koziej &#8221; Oczywi\u015bcie pan bez rak\u00f3w i czekana, a w tych warunkach samo doj\u015bcie do Koziej, zaj\u0119\u0142oby prawie 3h z odpowiednim sprz\u0119tem i do\u015bwiadczeniem.<\/em><\/p>\n<div id=\"attachment_14971\" style=\"width: 1010px\" class=\"wp-caption alignnone\"><img loading=\"lazy\" decoding=\"async\" aria-describedby=\"caption-attachment-14971\" class=\"Tarty zim\u0105 wp-image-14971 size-full\" title=\"Tatry w zimie\" src=\"http:\/\/8a.pl\/8academy\/wp-content\/uploads\/2017\/11\/snieg.jpg\" alt=\"Pejza\u017ce tatrza\u0144skie\" width=\"1000\" height=\"650\" srcset=\"https:\/\/8a.pl\/8academy\/wp-content\/uploads\/2017\/11\/snieg.jpg 1000w, https:\/\/8a.pl\/8academy\/wp-content\/uploads\/2017\/11\/snieg-300x195.jpg 300w, https:\/\/8a.pl\/8academy\/wp-content\/uploads\/2017\/11\/snieg-768x499.jpg 768w\" sizes=\"(max-width: 1000px) 100vw, 1000px\" \/><p id=\"caption-attachment-14971\" class=\"wp-caption-text\">Zimy w Tatrach trzeba si\u0119 nauczy\u0107 (fot. Micha\u0142 Bilko)<\/p><\/div>\n<p><em>Albo to, pan bez sprz\u0119tu idzie ju\u017c po zalodzonej i za\u015bnie\u017conej grani, ma przy plecaku raki, czekan i kask, ale informuje, \u017ce on je za\u0142o\u017cy jak si\u0119 zrobi to konieczne&#8230;. \u017ceby nie by\u0142o, w\u0142a\u015bnie podszed\u0142 na Zawrat od strony Hali&#8230;<\/em><\/p>\n<p><em>I ostatnie &#8211; co mnie martwi i denerwuje najbardziej &#8211; w grupie, u kogo\u015b zaczyna wyst\u0119powa\u0107 instynkt samozachowawczy i po zej\u015bciu w &#8220;adidasach&#8221; ze \u015awinicy, chce schodzi\u0107 do Pi\u0119ciu Staw\u00f3w, a znajomi ci\u0105gn\u0105 go na Hal\u0119, bo tamt\u0119dy bli\u017cej do auta, bo nie ma by\u0107 pierdo\u0142\u0105, bo przecie\u017c jest \u0142atwo, bo ka\u017cdy tam idzie bez rak\u00f3w&#8230;<\/em><\/p>\n<p><em>Nie chce prawi\u0107 mora\u0142\u00f3w, ale ludzie, mamy jedno \u017cycie, inni te\u017c maj\u0105 jedno \u017cycie, nie ryzykujmy tak, nie jeste\u015bmy nie\u015bmiertelni. Je\u015bli nie szanujemy swojego \u017cycia lub mimo wszystko uwa\u017camy si\u0119 za nie\u015bmiertelnych, to szanujmy innych, a je\u015bli ju\u017c macie gdzie\u015b innych turyst\u00f3w, to szanujcie ratownik\u00f3w <a href=\"https:\/\/8a.pl\/8academy\/topr-historia-i-wspolczesnosc\/\" target=\"_blank\" rel=\"noopener noreferrer\">TOPR<\/a> &#8211; na wszystkich facebookowych grupach po\u015bwi\u0119conych Tatrom, wszyscy z ogromnym szacunkiem odnosz\u0105 si\u0119 do ich pracy. Lepiej zamiast pisa\u0107 s\u0142owa uznania, po prostu stara\u0107 si\u0119 im ogranicza\u0107 konieczno\u015b\u0107 ratowania w takich warunkach, bo nawet najprostsza akcja \u0142\u0105czy si\u0119 z ryzykiem.<\/em><\/p>\n<p><em>Je\u015bli przyjedziemy w Tatry i warunki nas zaskocz\u0105, bo na dole jest s\u0142onecznie i bez \u015bniegu, a wy\u017cej jest pe\u0142na zima, to zmie\u0144my nasze plany &#8211; p\u00f3jd\u017amy gdzie\u015b indziej, nic si\u0119 nie stanie, g\u00f3ry nie zaj\u0105c &#8211; nie uciekn\u0105.\u00a0<\/em><em>Przygotujmy si\u0119 te\u017c troch\u0119 do naszej wycieczki, sp\u00f3jrzmy na map\u0119, sprawd\u017amy warunki, a nie tylko prognoz\u0119 pogody, we\u017amy chocia\u017c jakie\u015b raczki (to w szczeg\u00f3lno\u015bci do biegaczy:-) )Po prostu dajmy sobie szans\u0119 na powr\u00f3t w doliny, do rodziny. \ud83d\ude42<\/em><\/p>\n<p><em>Ps. i grajmy w Totka, wed\u0142ug mnie ludzie w ten weekend mieli tyle szcz\u0119\u015bcia, bo by\u0142o tak ma\u0142o wypadk\u00f3w, \u017ce wszyscy powinni zagra\u0107, kilka &#8220;sz\u00f3stek&#8221; na pewno b\u0119dzie trafione.<\/em><\/p>\n<p><em>Pozdrawiam serdecznie i\u00a0do zobaczenia bezpiecznie w g\u00f3rach:-)<\/em>&#8221; (<em>\u0179r\u00f3d\u0142o: All Mountains &#8211; Maciek Ciesielski, guide &amp; alpinist<\/em>)<\/p>\n<p>Niezniech\u0119conych i \u015bwiadomych odsy\u0142am do artyku\u0142u &#8220;<a href=\"https:\/\/8a.pl\/8academy\/wejscie-na-rysy\/\" target=\"_blank\" rel=\"noopener noreferrer\"><em>Korona G\u00f3r Polski: Wej\u015bcie na Rysy od polskiej strony<\/em><\/a>&#8221; gdzie opisany zosta\u0142 nie tylko sam szlak, ale r\u00f3wnie\u017c podstawowy sprz\u0119t kt\u00f3ry u\u0142atwi wej\u015bcie i podniesie bezpiecze\u0144stwo (Uwaga: tekst traktuje o jeszcze ciep\u0142ym okresie z\u0142otej, polskiej jesieni &#8211; nie mo\u017ce stanowi\u0107 podstawowego \u017ar\u00f3d\u0142a wiedzy dla zimowych wej\u015b\u0107!).<\/p>\n","protected":false},"excerpt":{"rendered":"<p>Tatry w ostatnich latach zanotowa\u0142y du\u017cy wzrost zainteresowania w kwestii turystyki, tak\u017ce zimowej. Niestety, wzrost zainteresowania tatrza\u0144skimi szlakami poci\u0105gn\u0105\u0142 za sob\u0105 wzrost wypadk\u00f3w, tak\u017ce \u015bmiertelnych.<\/p>\n","protected":false},"author":10,"featured_media":14916,"comment_status":"open","ping_status":"open","sticky":false,"template":"","format":"standard","meta":{"_acf_changed":false,"_uf_show_specific_survey":0,"_uf_disable_surveys":false,"footnotes":""},"categories":[26070],"tags":[26104,26068,26085],"class_list":["post-14913","post","type-post","status-publish","format-standard","has-post-thumbnail","hentry","category-turystyka-trekking","tag-caloroczne","tag-felieton","tag-trekking"],"acf":[],"yoast_head":"<!-- This site is optimized with the Yoast SEO Premium plugin v23.4 (Yoast SEO v25.5) - https:\/\/yoast.com\/wordpress\/plugins\/seo\/ -->\n<title>Rysy to nie jest g\u00f3ra dla ka\u017cdego. Janusz Go\u0142\u0105b | 8academy<\/title>\n<meta name=\"description\" content=\"Tatry w ostatnich latach zanotowa\u0142y du\u017cy wzrost zainteresowania w kwestii turystyki, tak\u017ce zimowej, a Rysy to jeden z najpopularniejszych kierunk\u00f3w.\" \/>\n<meta name=\"robots\" content=\"index, follow, max-snippet:-1, max-image-preview:large, max-video-preview:-1\" \/>\n<link rel=\"canonical\" href=\"https:\/\/8a.pl\/8academy\/rysy-to-nie-jest-gora-dla-kazdego\/\" \/>\n<meta property=\"og:locale\" content=\"pl_PL\" \/>\n<meta property=\"og:type\" content=\"article\" \/>\n<meta property=\"og:title\" content=\"Rysy to nie jest g\u00f3ra dla ka\u017cdego\" \/>\n<meta property=\"og:description\" content=\"Tatry w ostatnich latach zanotowa\u0142y du\u017cy wzrost zainteresowania w kwestii turystyki, tak\u017ce zimowej, a Rysy to jeden z najpopularniejszych kierunk\u00f3w.\" \/>\n<meta property=\"og:url\" content=\"https:\/\/8a.pl\/8academy\/rysy-to-nie-jest-gora-dla-kazdego\/\" \/>\n<meta property=\"og:site_name\" content=\"8academy.pl - portal g\u00f3rski i wspinaczkowy dla aktywnych\" \/>\n<meta property=\"article:publisher\" content=\"https:\/\/pl-pl.facebook.com\/sklep8apl\/\" \/>\n<meta property=\"article:published_time\" content=\"2017-11-10T07:00:18+00:00\" \/>\n<meta property=\"article:modified_time\" content=\"2024-05-19T21:39:04+00:00\" \/>\n<meta property=\"og:image\" content=\"http:\/\/8a.pl\/8academy\/wp-content\/uploads\/2017\/11\/01-Cover-Rysy.jpg\" \/>\n\t<meta property=\"og:image:width\" content=\"1100\" \/>\n\t<meta property=\"og:image:height\" content=\"715\" \/>\n\t<meta property=\"og:image:type\" content=\"image\/jpeg\" \/>\n<meta name=\"author\" content=\"Janusz Go\u0142\u0105b\" \/>\n<meta name=\"twitter:card\" content=\"summary_large_image\" \/>\n<meta name=\"twitter:label1\" content=\"Napisane przez\" \/>\n\t<meta name=\"twitter:data1\" content=\"Janusz Go\u0142\u0105b\" \/>\n\t<meta name=\"twitter:label2\" content=\"Szacowany czas czytania\" \/>\n\t<meta name=\"twitter:data2\" content=\"19 minut\" \/>\n<!-- \/ Yoast SEO Premium plugin. -->","yoast_head_json":{"title":"Rysy to nie jest g\u00f3ra dla ka\u017cdego. Janusz Go\u0142\u0105b | 8academy","description":"Tatry w ostatnich latach zanotowa\u0142y du\u017cy wzrost zainteresowania w kwestii turystyki, tak\u017ce zimowej, a Rysy to jeden z najpopularniejszych kierunk\u00f3w.","robots":{"index":"index","follow":"follow","max-snippet":"max-snippet:-1","max-image-preview":"max-image-preview:large","max-video-preview":"max-video-preview:-1"},"canonical":"https:\/\/8a.pl\/8academy\/rysy-to-nie-jest-gora-dla-kazdego\/","og_locale":"pl_PL","og_type":"article","og_title":"Rysy to nie jest g\u00f3ra dla ka\u017cdego","og_description":"Tatry w ostatnich latach zanotowa\u0142y du\u017cy wzrost zainteresowania w kwestii turystyki, tak\u017ce zimowej, a Rysy to jeden z najpopularniejszych kierunk\u00f3w.","og_url":"https:\/\/8a.pl\/8academy\/rysy-to-nie-jest-gora-dla-kazdego\/","og_site_name":"8academy.pl - portal g\u00f3rski i wspinaczkowy dla aktywnych","article_publisher":"https:\/\/pl-pl.facebook.com\/sklep8apl\/","article_published_time":"2017-11-10T07:00:18+00:00","article_modified_time":"2024-05-19T21:39:04+00:00","og_image":[{"width":1100,"height":715,"url":"http:\/\/8a.pl\/8academy\/wp-content\/uploads\/2017\/11\/01-Cover-Rysy.jpg","type":"image\/jpeg"}],"author":"Janusz Go\u0142\u0105b","twitter_card":"summary_large_image","twitter_misc":{"Napisane przez":"Janusz Go\u0142\u0105b","Szacowany czas czytania":"19 minut"},"schema":{"@context":"https:\/\/schema.org","@graph":[{"@type":"Article","@id":"https:\/\/8a.pl\/8academy\/rysy-to-nie-jest-gora-dla-kazdego\/#article","isPartOf":{"@id":"https:\/\/8a.pl\/8academy\/rysy-to-nie-jest-gora-dla-kazdego\/"},"author":{"name":"Janusz Go\u0142\u0105b","@id":"https:\/\/8a.pl\/8academy\/#\/schema\/person\/1248a547d04150e8d48f07282830284c"},"headline":"Rysy to nie jest g\u00f3ra dla ka\u017cdego","datePublished":"2017-11-10T07:00:18+00:00","dateModified":"2024-05-19T21:39:04+00:00","mainEntityOfPage":{"@id":"https:\/\/8a.pl\/8academy\/rysy-to-nie-jest-gora-dla-kazdego\/"},"wordCount":3732,"commentCount":0,"publisher":{"@id":"https:\/\/8a.pl\/8academy\/#organization"},"image":{"@id":"https:\/\/8a.pl\/8academy\/rysy-to-nie-jest-gora-dla-kazdego\/#primaryimage"},"thumbnailUrl":"https:\/\/8a.pl\/8academy\/wp-content\/uploads\/2017\/11\/01-Cover-Rysy.jpg","keywords":["Ca\u0142oroczne","Felieton","Trekking"],"articleSection":["Turystyka \/ trekking"],"inLanguage":"pl-PL","potentialAction":[{"@type":"CommentAction","name":"Comment","target":["https:\/\/8a.pl\/8academy\/rysy-to-nie-jest-gora-dla-kazdego\/#respond"]}]},{"@type":"WebPage","@id":"https:\/\/8a.pl\/8academy\/rysy-to-nie-jest-gora-dla-kazdego\/","url":"https:\/\/8a.pl\/8academy\/rysy-to-nie-jest-gora-dla-kazdego\/","name":"Rysy to nie jest g\u00f3ra dla ka\u017cdego. Janusz Go\u0142\u0105b | 8academy","isPartOf":{"@id":"https:\/\/8a.pl\/8academy\/#website"},"primaryImageOfPage":{"@id":"https:\/\/8a.pl\/8academy\/rysy-to-nie-jest-gora-dla-kazdego\/#primaryimage"},"image":{"@id":"https:\/\/8a.pl\/8academy\/rysy-to-nie-jest-gora-dla-kazdego\/#primaryimage"},"thumbnailUrl":"https:\/\/8a.pl\/8academy\/wp-content\/uploads\/2017\/11\/01-Cover-Rysy.jpg","datePublished":"2017-11-10T07:00:18+00:00","dateModified":"2024-05-19T21:39:04+00:00","description":"Tatry w ostatnich latach zanotowa\u0142y du\u017cy wzrost zainteresowania w kwestii turystyki, tak\u017ce zimowej, a Rysy to jeden z najpopularniejszych kierunk\u00f3w.","breadcrumb":{"@id":"https:\/\/8a.pl\/8academy\/rysy-to-nie-jest-gora-dla-kazdego\/#breadcrumb"},"inLanguage":"pl-PL","potentialAction":[{"@type":"ReadAction","target":["https:\/\/8a.pl\/8academy\/rysy-to-nie-jest-gora-dla-kazdego\/"]}]},{"@type":"ImageObject","inLanguage":"pl-PL","@id":"https:\/\/8a.pl\/8academy\/rysy-to-nie-jest-gora-dla-kazdego\/#primaryimage","url":"https:\/\/8a.pl\/8academy\/wp-content\/uploads\/2017\/11\/01-Cover-Rysy.jpg","contentUrl":"https:\/\/8a.pl\/8academy\/wp-content\/uploads\/2017\/11\/01-Cover-Rysy.jpg","width":1100,"height":715,"caption":"wej\u015bcie na Rysy"},{"@type":"BreadcrumbList","@id":"https:\/\/8a.pl\/8academy\/rysy-to-nie-jest-gora-dla-kazdego\/#breadcrumb","itemListElement":[{"@type":"ListItem","position":1,"name":"Strona g\u0142\u00f3wna","item":"https:\/\/8a.pl\/8academy\/"},{"@type":"ListItem","position":2,"name":"Rysy to nie jest g\u00f3ra dla ka\u017cdego"}]},{"@type":"WebSite","@id":"https:\/\/8a.pl\/8academy\/#website","url":"https:\/\/8a.pl\/8academy\/","name":"8academy.pl - portal g\u00f3rski i wspinaczkowy dla aktywnych","description":"8academy to portal g\u00f3rski o wspinaczce, trekkingu i skiturach. Znajdziesz tu porady, testy sprz\u0119tu i opisy najlepszych rejon\u00f3w. Inspirujemy zdobywc\u00f3w!","publisher":{"@id":"https:\/\/8a.pl\/8academy\/#organization"},"potentialAction":[{"@type":"SearchAction","target":{"@type":"EntryPoint","urlTemplate":"https:\/\/8a.pl\/8academy\/?s={search_term_string}"},"query-input":{"@type":"PropertyValueSpecification","valueRequired":true,"valueName":"search_term_string"}}],"inLanguage":"pl-PL"},{"@type":"Organization","@id":"https:\/\/8a.pl\/8academy\/#organization","name":"8academy.pl - portal g\u00f3rski i wspinaczkowy dla aktywnych","url":"https:\/\/8a.pl\/8academy\/","logo":{"@type":"ImageObject","inLanguage":"pl-PL","@id":"https:\/\/8a.pl\/8academy\/#\/schema\/logo\/image\/","url":"https:\/\/8a.pl\/8academy\/wp-content\/uploads\/2015\/11\/logo.png","contentUrl":"https:\/\/8a.pl\/8academy\/wp-content\/uploads\/2015\/11\/logo.png","width":438,"height":315,"caption":"8academy.pl - portal g\u00f3rski i wspinaczkowy dla aktywnych"},"image":{"@id":"https:\/\/8a.pl\/8academy\/#\/schema\/logo\/image\/"},"sameAs":["https:\/\/pl-pl.facebook.com\/sklep8apl\/","https:\/\/www.instagram.com\/8apl\/"]},{"@type":"Person","@id":"https:\/\/8a.pl\/8academy\/#\/schema\/person\/1248a547d04150e8d48f07282830284c","name":"Janusz Go\u0142\u0105b","image":{"@type":"ImageObject","inLanguage":"pl-PL","@id":"https:\/\/8a.pl\/8academy\/#\/schema\/person\/image\/","url":"https:\/\/8a.pl\/8academy\/wp-content\/uploads\/2017\/10\/janusz_golab-min.jpg","contentUrl":"https:\/\/8a.pl\/8academy\/wp-content\/uploads\/2017\/10\/janusz_golab-min.jpg","caption":"Janusz Go\u0142\u0105b"},"description":"Polski alpinista i himalaista, pierwszy zimowy zdobywca o\u015bmiotysi\u0119cznika Gaszerbrum I (9 marca 2012 r., wraz z Adamem Bieleckim). Wspina si\u0119 od 1986 roku, jest cz\u0142onkiem Klubu Wysokog\u00f3rskiego Gliwice. Wraz z Jackiem Fluderem i Stanis\u0142awem Piecuchem stworzyli zesp\u00f3\u0142 wspinaczkowy, kt\u00f3ry zyska\u0142 przydomek \u201eDream Team\u201d. P\u00f3\u017aniej do\u0142\u0105czy\u0142 do nich Grzegorz Skorek (1978\u20132004). Ekipa ta w latach 90 XX w. i na pocz\u0105tku XXI w. dokona\u0142a serii najznakomitszych wspinaczek o charakterze alpejskim w historii polskiego alpinizmu. Pisze dla nas o: g\u00f3rach wysokich, wspinaczce, poradach g\u00f3rskich i wyprawach.","url":"https:\/\/8a.pl\/8academy\/author\/janusz-golab\/"}]}},"_links":{"self":[{"href":"https:\/\/8a.pl\/8academy\/wp-json\/wp\/v2\/posts\/14913","targetHints":{"allow":["GET"]}}],"collection":[{"href":"https:\/\/8a.pl\/8academy\/wp-json\/wp\/v2\/posts"}],"about":[{"href":"https:\/\/8a.pl\/8academy\/wp-json\/wp\/v2\/types\/post"}],"author":[{"embeddable":true,"href":"https:\/\/8a.pl\/8academy\/wp-json\/wp\/v2\/users\/10"}],"replies":[{"embeddable":true,"href":"https:\/\/8a.pl\/8academy\/wp-json\/wp\/v2\/comments?post=14913"}],"version-history":[{"count":1,"href":"https:\/\/8a.pl\/8academy\/wp-json\/wp\/v2\/posts\/14913\/revisions"}],"predecessor-version":[{"id":69336,"href":"https:\/\/8a.pl\/8academy\/wp-json\/wp\/v2\/posts\/14913\/revisions\/69336"}],"wp:featuredmedia":[{"embeddable":true,"href":"https:\/\/8a.pl\/8academy\/wp-json\/wp\/v2\/media\/14916"}],"wp:attachment":[{"href":"https:\/\/8a.pl\/8academy\/wp-json\/wp\/v2\/media?parent=14913"}],"wp:term":[{"taxonomy":"category","embeddable":true,"href":"https:\/\/8a.pl\/8academy\/wp-json\/wp\/v2\/categories?post=14913"},{"taxonomy":"post_tag","embeddable":true,"href":"https:\/\/8a.pl\/8academy\/wp-json\/wp\/v2\/tags?post=14913"}],"curies":[{"name":"wp","href":"https:\/\/api.w.org\/{rel}","templated":true}]}}