{"id":14645,"date":"2017-11-11T08:00:58","date_gmt":"2017-11-11T07:00:58","guid":{"rendered":"http:\/\/8a.pl\/8academy\/?p=14645"},"modified":"2024-05-19T23:34:26","modified_gmt":"2024-05-19T21:34:26","slug":"korona-himalajow-i-karakorum-polskim-wydaniu","status":"publish","type":"post","link":"https:\/\/8a.pl\/8academy\/korona-himalajow-i-karakorum-polskim-wydaniu\/","title":{"rendered":"Korona Himalaj\u00f3w i Karakorum w polskim wydaniu"},"content":{"rendered":"<h2 style=\"text-align: center;\"><span style=\"font-weight: 400;\">Polska na o\u015bmiotysi\u0119cznikach<\/span><\/h2>\n<p><span style=\"font-weight: 400;\">Polska historia zdobywania o\u015bmiotysi\u0119cznik\u00f3w to w wielu przypadkach historia ogromnych sukces\u00f3w, przeplatana druzgoc\u0105cymi tragediami. Zmaganie si\u0119 z ekstremalnie trudnymi warunkami panuj\u0105cymi w strefie \u015bmierci, wymaga od alpinisty wspi\u0119cia si\u0119 na wy\u017cyny swoich umiej\u0119tno\u015bci. Niestety wielu te trudy przeros\u0142y. Ale nie o smutnych wydarzeniach b\u0119dzie dzisiaj mowa, lecz o polskich sukcesach.<\/span><\/p>\n<p><span style=\"font-weight: 400;\">Za takie \u015bmia\u0142o mo\u017cna uzna\u0107 pierwsze wej\u015bcia na o\u015bmiotysi\u0119czniki zim\u0105. By\u0142y lata, \u017ce nie mieli\u015bmy w tej dziedzinie sobie r\u00f3wnych. Wystarczy zreszt\u0105 otworzy\u0107 list\u0119 pierwszych zimowych wej\u015b\u0107 na g\u00f3ry o\u015bmiotysi\u0119czne, a przed oczami zaroi nam si\u0119 od polskich nazwisk. Mount Everest, Manaslu, Dhaulagiri, Czo Oju, Kanczendzonga, Annapurna, Lhotse, Sziszapangma, Gaszerbrum I, Broad Peak. Na tych wszystkich szczytach, jako pierwsi swoje stopy, a raczej <a href=\"https:\/\/8a.pl\/raki\" target=\"_blank\" rel=\"noopener noreferrer\">raki<\/a>, postawili zim\u0105 Polacy. Tej zimy mamy szans\u0119 wej\u015b\u0107 na <a href=\"https:\/\/8a.pl\/8academy\/gory-wysokie\/\" target=\"_blank\" rel=\"noopener noreferrer\">ostatni niezdobyty zim\u0105 o\u015bmiotysi\u0119cznik<\/a> oraz postawi\u0107 kropk\u0119 nad i. Mowa oczywi\u015bcie o przepi\u0119knym, ale i niezwykle niebezpiecznym K2. Trzymajmy wi\u0119c wszyscy kciuki, ale nie tylko za #K2 dla Polak\u00f3w, ale przede wszystkim za bezpieczny powr\u00f3t ch\u0142opak\u00f3w do domu.<\/span><\/p>\n<div id=\"attachment_14908\" style=\"width: 1010px\" class=\"wp-caption alignnone\"><img fetchpriority=\"high\" decoding=\"async\" aria-describedby=\"caption-attachment-14908\" class=\"Najwy\u017csza g\u00f3ra \u015bwiata wp-image-14908 size-full\" title=\"wyprawy na Mount Everest\" src=\"http:\/\/8a.pl\/8academy\/wp-content\/uploads\/2017\/11\/Everest-photo1-1000-650.jpg\" alt=\"Korona Himalaj\u00f3w i Karakorum w polskim wydaniu\" width=\"1000\" height=\"650\" srcset=\"https:\/\/8a.pl\/8academy\/wp-content\/uploads\/2017\/11\/Everest-photo1-1000-650.jpg 1000w, https:\/\/8a.pl\/8academy\/wp-content\/uploads\/2017\/11\/Everest-photo1-1000-650-300x195.jpg 300w, https:\/\/8a.pl\/8academy\/wp-content\/uploads\/2017\/11\/Everest-photo1-1000-650-768x499.jpg 768w\" sizes=\"(max-width: 1000px) 100vw, 1000px\" \/><p id=\"caption-attachment-14908\" class=\"wp-caption-text\">Mount Everest (fot. archiwum Krzysztofa Wielickiego)<\/p><\/div>\n<h2 style=\"text-align: center;\"><span style=\"font-weight: 400;\">Korona Himalaj\u00f3w i Karakorum<\/span><\/h2>\n<p><span style=\"font-weight: 400;\">Tematem przewodnim tego wpisu s\u0105 natomiast nie tyle polskie wyczyny w himalaizmie og\u00f3lnie, ale bardziej polskie sukcesy w zdobywaniu Korony Himalaj\u00f3w i Karakorum. Himalaje znajduj\u0105 si\u0119 w po\u0142udniowej Azji, na terenie Pakistanu, Indii, Nepalu, Chin oraz Bhutanu. Karakorum z kolei wysuni\u0119te jest bardziej na p\u00f3\u0142noc i mie\u015bci si\u0119 na pograniczu Indii, Pakistanu i Chin.<\/span><\/p>\n<p><span style=\"font-weight: 400;\">Poj\u0119cie Korony Himalaj\u00f3w i Karakorum zosta\u0142o wprowadzone w 1986 roku, kiedy to pierwsza osoba stan\u0119\u0142a na swoim czternastym z kolei o\u015bmiotysi\u0119czniku. By\u0142 to oczywi\u015bcie Reinhold Messner, ale o zdobywcach wi\u0119cej za chwil\u0119.<\/span><\/p>\n<p><span style=\"font-weight: 400;\">Wiele os\u00f3b u\u017cywa w skr\u00f3cie okre\u015blenia Korona Himalaj\u00f3w. Jest ono jednak b\u0142\u0119dne, bo geograficznie w Himalajach le\u017cy tylko dziesi\u0119\u0107 o\u015bmiotysi\u0119cznik\u00f3w: <\/span><\/p>\n<p><span style=\"font-weight: 400;\">1. <a href=\"https:\/\/8a.pl\/8academy\/everest-kilka-slow-o-wyprawach-na-najwyzsza-gore-swiata\/\" target=\"_blank\" rel=\"noopener noreferrer\"><strong>Mount Everest<\/strong><\/a> 8850 m n.p.m.,<br \/>\n<\/span>2. <strong>Kanczendzonga<\/strong> 8586 m n.p.m.,<br \/>\n<span style=\"font-weight: 400;\">3. <strong>Lhotse<\/strong> 8516 m n.p.m.,<br \/>\n<\/span><span style=\"font-weight: 400;\">4. <strong>Makalu<\/strong> 8463 mn.p.m. ,<br \/>\n<\/span><span style=\"font-weight: 400;\">5. <strong>Czo Oju<\/strong> 8201 m n.p.m.,<br \/>\n<\/span><span style=\"font-weight: 400;\">5. <strong>Dhaulagiri<\/strong> 8167 m n.p.m.,<br \/>\n<\/span><span style=\"font-weight: 400;\">7. <strong>Manaslu<\/strong> 8156 m n.p.m.,<br \/>\n<\/span><span style=\"font-weight: 400;\">8. <strong>Nanga Parbat<\/strong> 8126 m n.p.m.,<br \/>\n<\/span>9. <strong>Annapurna I<\/strong> 8091 m n.p.m.,<br \/>\n<span style=\"font-weight: 400;\">10. <strong>Sziszapangma<\/strong> 8013 m n.p.m.<\/span><\/p>\n<p><span style=\"font-weight: 400;\">Pozosta\u0142e &#8211; wymienione ni\u017cej &#8211; znajduj\u0105 si\u0119 na znacznie bardziej nieprzyjaznym dla cz\u0142owieka, zw\u0142aszcza zim\u0105, obszarze Karakorum. Poprawna nazwa to zatem <strong>Korona Himalaj\u00f3w i Karakorum:<\/strong><\/span><\/p>\n<p><span style=\"font-weight: 400;\">11. <strong>K2<\/strong> 8611 m n.p.m.,<br \/>\n<\/span>12. <strong>Gaszerbrum<\/strong> I 8068 m n.p.m.,<br \/>\n<span style=\"font-weight: 400;\">13. <strong>Broad Peak<\/strong> 8047 m n.p.m.,<br \/>\n<\/span><span style=\"font-weight: 400;\">14. <strong>Gaszerbrum II<\/strong> 8035 m n.p.m.<\/span><\/p>\n<div id=\"attachment_14909\" style=\"width: 1010px\" class=\"wp-caption alignnone\"><img decoding=\"async\" aria-describedby=\"caption-attachment-14909\" class=\"Karakorum zim\u0105 wp-image-14909 size-full\" title=\"Wyprawa na K2\" src=\"http:\/\/8a.pl\/8academy\/wp-content\/uploads\/2017\/11\/w-drodze-pod-K2-zima-1987-1000-650.jpg\" alt=\"ekspedycja na K2\" width=\"1000\" height=\"650\" srcset=\"https:\/\/8a.pl\/8academy\/wp-content\/uploads\/2017\/11\/w-drodze-pod-K2-zima-1987-1000-650.jpg 1000w, https:\/\/8a.pl\/8academy\/wp-content\/uploads\/2017\/11\/w-drodze-pod-K2-zima-1987-1000-650-300x195.jpg 300w, https:\/\/8a.pl\/8academy\/wp-content\/uploads\/2017\/11\/w-drodze-pod-K2-zima-1987-1000-650-768x499.jpg 768w\" sizes=\"(max-width: 1000px) 100vw, 1000px\" \/><p id=\"caption-attachment-14909\" class=\"wp-caption-text\">W drodze pod K2 zim\u0105, 1987 r. (fot. archiwum Krzysztofa Wielickiego)<\/p><\/div>\n<p><span style=\"font-weight: 400;\">Warto doda\u0107, \u017ce co pewien czas pojawiaj\u0105 si\u0119 pomys\u0142y, aby rozszerzy\u0107 list\u0119 o\u015bmiotysi\u0119cznik\u00f3w. A wszystko dlatego, \u017ce g\u00f3ry maj\u0105 z regu\u0142y po kilka wierzcho\u0142k\u00f3w. Obecnie na li\u015bcie o\u015bmiotysi\u0119cznik\u00f3w znajduj\u0105 si\u0119 tylko szczyty g\u0142\u00f3wne. Przyk\u0142adowo w\u0142adze Nepalu chcia\u0142yby natomiast, aby do listy samodzielnych o\u015bmiotysi\u0119cznik\u00f3w do\u0142\u0105czy\u0142y g\u00f3ry, kt\u00f3re dotychczas by\u0142y tylko ni\u017cszymi wierzcho\u0142kami. W ich propozycji s\u0105 to konkretnie: <\/span><\/p>\n<ul>\n<li><span style=\"font-weight: 400;\">Kanczendzonga Zachodnia 8505 m n.p.m.,<\/span><\/li>\n<li><span style=\"font-weight: 400;\"> Kanczendzonga Centralna 8482 m n.p.m., <\/span><\/li>\n<li><span style=\"font-weight: 400;\">Kanczendzonga Po\u0142udniowa 8476 m n.p.m., <\/span><\/li>\n<li><span style=\"font-weight: 400;\">Lhotse Middle 8410 m n.p.m., <\/span><\/li>\n<li><span style=\"font-weight: 400;\">Lhotse Shar 8382 m n.p.m. <\/span><\/li>\n<li><span style=\"font-weight: 400;\">oraz Broad Peak Middle 8011 m n.p.m.<sup>1<\/sup><\/span><span style=\"font-weight: 400;\">. <\/span><\/li>\n<\/ul>\n<p><span style=\"font-weight: 400;\">Gdyby Mi\u0119dzynarodowa Unia Towarzystw Alpinistycznych podzieli\u0142a zdanie w\u0142adz Nepalu, to liczba o\u015bmiotysi\u0119cznik\u00f3w wzros\u0142aby z czternastu do dwudziestu. W nied\u0142ugim czasie spowodowa\u0142oby to zapewne zmian\u0119 sk\u0142adu Korony Himalaj\u00f3w i Karakorum. I co wi\u0119cej, mog\u0142oby otworzy\u0107 drog\u0119 dla kolejnych wierzcho\u0142k\u00f3w, bo np. wed\u0142ug serwisu 8000ers.com, ni\u017cszych wierzcho\u0142k\u00f3w szczyt\u00f3w o\u015bmiotysi\u0119cznych (na stronie okre\u015blane jako subsidiary peaks) jest nie sze\u015b\u0107, a a\u017c dwadzie\u015bcia dwa!<sup>2<\/sup><\/span><span style=\"font-weight: 400;\"> Czy kiedy\u015b taka zmiana zostanie wprowadzona? W tym momencie jest to ma\u0142o prawdopodobne, bo z\u0142amana zosta\u0142aby zasada wybitno\u015bci, a do tego mieliby\u015bmy ogromne zamieszanie, ale ci\u0119\u017cko powiedzie\u0107 co stanie si\u0119 w przysz\u0142o\u015bci.<\/span><\/p>\n<h2 style=\"text-align: center;\"><span style=\"font-weight: 400;\">Zdobywcy<\/span><\/h2>\n<p><span style=\"font-weight: 400;\">Klub zdobywc\u00f3w Korony Himalaj\u00f3w i Karakorum to do\u015b\u0107 w\u0105skie grono. Do niedawna by\u0142y to 33 osoby, ale ten rok sprzyja\u0142 kolejnym wej\u015bciom. Tyko w 2017 roku do grona zdobywc\u00f3w do\u0142\u0105czy\u0142o 6 os\u00f3b, zwi\u0119kszaj\u0105c jednocze\u015bnie liczb\u0119 himalaist\u00f3w z najwy\u017csz\u0105 z koron do <strong>39<\/strong>.<\/span><\/p>\n<p><span style=\"font-weight: 400;\">Najwi\u0119ksz\u0105 liczb\u0105 os\u00f3b, kt\u00f3re stan\u0119\u0142y na wszystkich 14 szczytach korony mog\u0105 pochwali\u0107 si\u0119 W\u0142ochy. Obecnie jest to a\u017c 7 himalaist\u00f3w, w tym pierwszy zdobywca tytu\u0142u Reinhold Messner. Messner jest r\u00f3wnie\u017c pierwszym himalaist\u0105, kt\u00f3ry na wszystkie szczyty wszed\u0142 nie korzystaj\u0105c z dodatkowego tlenu. W\u0142osi mog\u0105 si\u0119 r\u00f3wnie\u017c pochwali\u0107 pierwsz\u0105 par\u0105, kt\u00f3r\u0105 ca\u0142\u0105 koron\u0119 skompletowa\u0142a we dw\u00f3jk\u0119. Mowa o ma\u0142\u017ce\u0144stwie Nives Meroi i Romano Benet, kt\u00f3re w 2017 roku stan\u0119\u0142o na szczycie Annapurny, swoim ostatnim o\u015bmiotysi\u0119czniku z korony.<\/span><\/p>\n<div id=\"attachment_14907\" style=\"width: 1010px\" class=\"wp-caption alignnone\"><img decoding=\"async\" aria-describedby=\"caption-attachment-14907\" class=\"polscy zdobywcy Karakorum wp-image-14907 size-full\" title=\"Polacy w Himalajach\" src=\"http:\/\/8a.pl\/8academy\/wp-content\/uploads\/2017\/11\/Krzysztof-Wielicki-and-Leszek-Cichy.Everest.February1980.Fot-2-Kopia-1000-650.jpg\" alt=\"Polscy himalai\u015bci\" width=\"1000\" height=\"650\" srcset=\"https:\/\/8a.pl\/8academy\/wp-content\/uploads\/2017\/11\/Krzysztof-Wielicki-and-Leszek-Cichy.Everest.February1980.Fot-2-Kopia-1000-650.jpg 1000w, https:\/\/8a.pl\/8academy\/wp-content\/uploads\/2017\/11\/Krzysztof-Wielicki-and-Leszek-Cichy.Everest.February1980.Fot-2-Kopia-1000-650-300x195.jpg 300w, https:\/\/8a.pl\/8academy\/wp-content\/uploads\/2017\/11\/Krzysztof-Wielicki-and-Leszek-Cichy.Everest.February1980.Fot-2-Kopia-1000-650-768x499.jpg 768w\" sizes=\"(max-width: 1000px) 100vw, 1000px\" \/><p id=\"caption-attachment-14907\" class=\"wp-caption-text\">Krzysztof Wielicki i Leszek Cichy &#8211; pierwsze zimowe wej\u015bcie na Mount Everest, luty 1980 r. (fot. archiwum Krzysztofa Wielickiego)<\/p><\/div>\n<p><span style=\"font-weight: 400;\">Drugim krajem z najwi\u0119ksz\u0105 liczb\u0105 himalaist\u00f3w w koronie jest Hiszpania. \u0141\u0105czna liczba zdobywc\u00f3w z hiszpa\u0144skim paszportem to 6 os\u00f3b. Na trzecim miejscu z kolei znajduje si\u0119 Korea Po\u0142udniowa z 5 zdobywcami. <strong>Polska maj\u0105c 3 himalaist\u00f3w z Koron\u0105 Himalaj\u00f3w i Karakorum<\/strong> znajduje si\u0119 w tym zestawieniu<strong> na czwartym miejscu<\/strong> ex aequo z Kazachstanem.<\/span><\/p>\n<p><span style=\"font-weight: 400;\">Najm\u0142odszym zdobywc\u0105 jest Chhang Dawa Sherpa z Nepalu, kt\u00f3ry skompletowa\u0142 koron\u0119 w wieku 30 lat. Z kolei najm\u0142odszym zdobywc\u0105, kt\u00f3ry dokona\u0142 tego nie u\u017cywaj\u0105c dodatkowego tlenu z butli jest pochodz\u0105cy z Hiszpanii Alberto I\u00f1urrategi, kt\u00f3ry projekt zako\u0144czy\u0142 maj\u0105c 33 lata<sup>3<\/sup>. A himalaist\u0105, kt\u00f3ry wchodz\u0105c na sw\u00f3j ostatni o\u015bmiotysi\u0119cznik by\u0142 najstarszy jest \u00d2scar Cadiach, r\u00f3wnie\u017c pochodz\u0105cy z Hiszpanii. \u00d2scar Cadiach koron\u0119 zdoby\u0142 maj\u0105c 64 lata i zrobi\u0142 to nie korzystaj\u0105c z dodatkowego tlenu.<\/span><\/p>\n<p><span style=\"font-weight: 400;\">Z kolei <strong>najmniej czasu na skompletowanie Korony Himalaj\u00f3w i Karakorum<\/strong> potrzebowali <strong>Jerzy Kukuczka<\/strong> oraz pochodz\u0105cy z Korei Po\u0142udniowej Kim Chang-Ho. Ka\u017cdemu projekt zaj\u0105\u0142 po nieca\u0142e 8 lat. Z drugiej strony barykady ponownie stoi \u00d2scar Cadiach, kt\u00f3ry na wej\u015bcie na wszystkie o\u015bmiotysi\u0119czniki potrzebowa\u0142 prawie 33 lata<\/span><span style=\"font-weight: 400;\">.<\/span><\/p>\n<h2 style=\"text-align: center;\"><span style=\"font-weight: 400;\">Polacy z Koron\u0105 Himalaj\u00f3w i Karakorum<\/span><\/h2>\n<p><span style=\"font-weight: 400;\">Dotychczas Koron\u0119 Himalaj\u00f3w i Karakorum zdoby\u0142o trzech Polak\u00f3w. Byli to oczywi\u015bcie <strong>Jurek Kukuczka<\/strong>, <strong>Krzysztof Wielicki<\/strong> oraz <strong>Piotr Pustelnik<\/strong>. A w zasadzie mo\u017cna powiedzie\u0107, \u017ce trzech i troch\u0119, bo miano zdobywcy nosi r\u00f3wnie\u017c Denis Urubko, kt\u00f3ry od 2015 roku posiada polskie obywatelstwo. Koron\u0119 skompletowa\u0142 natomiast w 2009 roku, gdy naszego obywatelstwa jeszcze nie mia\u0142.<\/span><\/p>\n<div id=\"attachment_14988\" style=\"width: 1010px\" class=\"wp-caption alignnone\"><img loading=\"lazy\" decoding=\"async\" aria-describedby=\"caption-attachment-14988\" class=\"Polscy zdobywcy Himalaj\u00f3w wp-image-14988 size-full\" title=\"Polacy w Himalajach\" src=\"http:\/\/8a.pl\/8academy\/wp-content\/uploads\/2017\/11\/42-1000-650.jpg\" alt=\"polska wyprawa w Himalaje\" width=\"1000\" height=\"650\" srcset=\"https:\/\/8a.pl\/8academy\/wp-content\/uploads\/2017\/11\/42-1000-650.jpg 1000w, https:\/\/8a.pl\/8academy\/wp-content\/uploads\/2017\/11\/42-1000-650-300x195.jpg 300w, https:\/\/8a.pl\/8academy\/wp-content\/uploads\/2017\/11\/42-1000-650-768x499.jpg 768w\" sizes=\"(max-width: 1000px) 100vw, 1000px\" \/><p id=\"caption-attachment-14988\" class=\"wp-caption-text\">Polski ob\u00f3z w Himalajach (fot. archiwum Krzysztofa Wielickiego)<\/p><\/div>\n<h3 style=\"text-align: left;\"><span style=\"font-weight: 400;\">Jerzy Kukuczka<\/span><\/h3>\n<p><span style=\"font-weight: 400;\">To osoba, kt\u00f3rej nie trzeba przedstawia\u0107. Urodzony w Katowicach w 1948 roku wspinacz, to zdecydowanie najwybitniejszy polski himalaista wszech czas\u00f3w i drugi po Reinholdzie Messnerze, zdobywca Korony Himalaj\u00f3w i Karakorum. Jurek nie wszystkie szczyty zdoby\u0142 bez tlenu z butli, ale ca\u0142\u0105 koron\u0119 skompletowa\u0142 w kapitalnym stylu. Na wszystkie szczyty, za wyj\u0105tkiem Lhotse wchodzi\u0142 zim\u0105 lub nowymi drogami. Do tej pory jest jedynym cz\u0142owiekiem, kt\u00f3ry jednej zimy zdoby\u0142 2 o\u015bmiotysi\u0119czniki. Po wej\u015bciu na 14 o\u015bmiotysi\u0119cznik otrzyma\u0142 od Messnera pami\u0119tn\u0105 wiadomo\u015b\u0107: <em>&#8220;Nie jeste\u015b drugi. Jeste\u015b wielki&#8221;<\/em>.<\/span><\/p>\n<p><span style=\"font-weight: 400;\">Jego partnerami w g\u00f3rach byli m.in. Wojciech Kurtyka, Artur Hajzer, Krzysztof Wielicki czy Ryszard Paw\u0142owski. Wydaje si\u0119, \u017ce najlepszy duet tworzy\u0142 z Wojtkiem Kurtyk\u0105. Znaczne r\u00f3\u017cnice charakteru oraz odmienne podej\u015bcie do wspinaczki powodowa\u0142o, \u017ce obaj himalai\u015bci doskonale si\u0119 uzupe\u0142niali. Niestety ich zesp\u00f3\u0142 po pewnym czasie si\u0119 rozsypa\u0142.<\/span><\/p>\n<div id=\"attachment_14910\" style=\"width: 1010px\" class=\"wp-caption alignnone\"><img loading=\"lazy\" decoding=\"async\" aria-describedby=\"caption-attachment-14910\" class=\"Polacy w g\u00f3rach wysokich wp-image-14910 size-full\" title=\"pogoda w Himalajach \" src=\"http:\/\/8a.pl\/8academy\/wp-content\/uploads\/2017\/11\/50-1000-650.jpg\" alt=\"Polacy na o\u015bmiotysi\u0119cznikach\" width=\"1000\" height=\"650\" srcset=\"https:\/\/8a.pl\/8academy\/wp-content\/uploads\/2017\/11\/50-1000-650.jpg 1000w, https:\/\/8a.pl\/8academy\/wp-content\/uploads\/2017\/11\/50-1000-650-300x195.jpg 300w, https:\/\/8a.pl\/8academy\/wp-content\/uploads\/2017\/11\/50-1000-650-768x499.jpg 768w\" sizes=\"(max-width: 1000px) 100vw, 1000px\" \/><p id=\"caption-attachment-14910\" class=\"wp-caption-text\">Ka\u017cdy z himalajskich szczyt\u00f3w to nie lada wyzwanie (fot. archiwum Krzysztofa Wielickiego)<\/p><\/div>\n<p><span style=\"font-weight: 400;\">Co ciekawe pocz\u0105tkowo nic nie wskazywa\u0142o na to, \u017ce Jurek zdob\u0119dzie tak wiele. Ju\u017c na pocz\u0105tku swoich przyg\u00f3d z g\u00f3rami wysokimi, w 1974 roku podczas wspinaczki na Denali (McKinley) dozna\u0142 wielu powa\u017cnych odmro\u017ce\u0144 i wyl\u0105dowa\u0142 w szpitalu. P\u00f3\u017aniej wszystko jednak potoczy\u0142o si\u0119 bardzo szybko. Najpierw Hindukusz, potem Himalaje i Karakorum. Jego pierwszym o\u015bmiotysi\u0119cznikiem by\u0142 Lhotse, na kt\u00f3ry wszed\u0142 w 1979 roku. Zgin\u0105\u0142, gdy jego przygoda z Himalajami zatoczy\u0142a kr\u0105g. Po zdobyciu wszystkich 14 o\u015bmiotysi\u0119cznik\u00f3w, postanowi\u0142 spr\u00f3bowa\u0107 swoich si\u0142 na najwi\u0119kszym w\u00f3wczas wyzwaniu himalaizmu, czyli po\u0142udniowej \u015bcianie Lhotse. Wspina\u0142 si\u0119 z Ryszardem Paw\u0142owskim. Na oko\u0142o 8300 metrach odpad\u0142 od \u015bciany. Lina \u0142\u0105cz\u0105ca go z partnerem zerwa\u0142a si\u0119, a Jurek ju\u017c na zawsze pozosta\u0142 w Himalajach.<\/span><\/p>\n<p><span style=\"font-weight: 400;\">Je\u015bli chcieliby\u015bcie pozna\u0107 lepiej histori\u0119 \u017cycia Jerzego Kukuczki, polecam ksi\u0105\u017ck\u0119 ,<em><strong>,Kukuczka. Opowie\u015b\u0107 o najs\u0142ynniejszym polskim himalai\u015bcie&#8221;<\/strong><\/em>, autorstwa Dariusza Kortko oraz Marcina Pietraszewskiego.<\/span><\/p>\n<h3 style=\"text-align: left;\"><span style=\"font-weight: 400;\">Krzysztof Wielkicki<\/span><\/h3>\n<p><span style=\"font-weight: 400;\">Krzysztof Wielicki, zwany przez niekt\u00f3rych ,,Ma\u0142ym rycerzem&#8221; to drugi Polak i pi\u0105ty cz\u0142owiek na \u015bwiecie z Koron\u0105 Himalaj\u00f3w i Karakorum. Urodzi\u0142 si\u0119 w 1950 roku w Szklarce Przygodzickiej. Eksploracj\u0119 Himalaj\u00f3w rozpocz\u0105\u0142 z gigantycznym przytupem od pierwszego zimowego wej\u015bcia na Mount Everest. Wyczynu dokona\u0142 w zespole z Leszkiem Cichym, maj\u0105c w\u00f3wczas 30 lat.<\/span><\/p>\n<p><span style=\"font-weight: 400;\">Potem przysz\u0142a kolej na kolejne o\u015bmiotysi\u0119czniki i kolejne wyczyny. 4 lata po zdobyciu Everestu, himalaista w rekordowym tempie wszed\u0142 na Broad Peak. Mo\u017cna powiedzie\u0107, \u017ce prawie na niego wbieg\u0142. Przej\u015bcie drogi baza \u2013 szczyt \u2013 baza zaj\u0119\u0142o mu tylko 21,5 godziny. Na Lhotse wchodzi\u0142 w gorsecie ortopedycznym, kt\u00f3ry nosi\u0142 bo na poprzedniej wspinaczce uszkodzi\u0142 kr\u0119gos\u0142up. Projekt Korony Himalaj\u00f3w i Karakorum zako\u0144czy\u0142 samotn\u0105 wspinaczk\u0105 na Nanga Parbat.<\/span><\/p>\n<div id=\"attachment_14911\" style=\"width: 1010px\" class=\"wp-caption alignnone\"><img loading=\"lazy\" decoding=\"async\" aria-describedby=\"caption-attachment-14911\" class=\"Zdobycie Nanga Parbat wp-image-14911 size-full\" title=\"Zdobywcy Nanga Parbat\" src=\"http:\/\/8a.pl\/8academy\/wp-content\/uploads\/2017\/11\/afterwards-Kopia-1000-650.jpg\" alt=\"Wyprawy na Nanga Parbat\" width=\"1000\" height=\"650\" srcset=\"https:\/\/8a.pl\/8academy\/wp-content\/uploads\/2017\/11\/afterwards-Kopia-1000-650.jpg 1000w, https:\/\/8a.pl\/8academy\/wp-content\/uploads\/2017\/11\/afterwards-Kopia-1000-650-300x195.jpg 300w, https:\/\/8a.pl\/8academy\/wp-content\/uploads\/2017\/11\/afterwards-Kopia-1000-650-768x499.jpg 768w\" sizes=\"(max-width: 1000px) 100vw, 1000px\" \/><p id=\"caption-attachment-14911\" class=\"wp-caption-text\">Krzysztof Wielicki po samotnym zdobyciu Nanga Parbat (fot. archiwum Krzysztofa Wielickiego)<\/p><\/div>\n<p><span style=\"font-weight: 400;\">Obecnie Krzysztof Wielicki cz\u0119sto wyst\u0119puje na r\u00f3\u017cnego rodzaju festiwalach g\u00f3rskich i podr\u00f3\u017cniczych, a tak\u017ce dzia\u0142a w PZA, b\u0119dzie<a href=\"https:\/\/8a.pl\/8academy\/rozmowa-z-krzysztofem-wielickim\/\" target=\"_blank\" rel=\"noopener noreferrer\"> kierownikiem zbli\u017caj\u0105cej si\u0119 zimowej wyprawy na K2<\/a>.<\/span><\/p>\n<p><span style=\"font-weight: 400;\">Wi\u0119cej o jego \u017cyciu i przygodach w g\u00f3rach wysokich, przeczytacie w dwucz\u0119\u015bciowej biografii <em><strong>,,Krzysztof Wielicki. M\u00f3j wyb\u00f3r. Wywiad-rzeka&#8221;<\/strong><\/em>. Autorem ksi\u0105\u017cki jest Piotr Dro\u017cd\u017c z wydawnictwa G\u00f3ry Books.<\/span><\/p>\n<h3 style=\"text-align: left;\"><span style=\"font-weight: 400;\">Piotr Pustelnik<\/span><\/h3>\n<p><span style=\"font-weight: 400;\">Ostatni Polak z Koron\u0105 Himalaj\u00f3w i Karakorum to Piotr Pustelnik, obecny prezes PZA. Urodzi\u0142 si\u0119 w 1951 roku w \u0141odzi. W m\u0142odo\u015bci by\u0142 chorowitym i raczej w\u0105t\u0142ym dzieckiem. Do tej pory ma wad\u0119 serca. Nie uko\u0144czy\u0142 kursu ska\u0142kowego i kiedy\u015b us\u0142ysza\u0142 nawet, \u017ce nie nadaje si\u0119 do wspinaczki. Sam jednak postanowi\u0142 zadecydowa\u0107 do czego si\u0119 nadaje, a do czego nie. <\/span><\/p>\n<p><span style=\"font-weight: 400;\">Du\u017co wspina\u0142 si\u0119 w Tatrach. Przygod\u0119 z Himalajami zacz\u0105\u0142 natomiast do\u015b\u0107 p\u00f3\u017ano. Na sw\u00f3j pierwszy o\u015bmiotysi\u0119cznik Gaszerbrum II wszed\u0142 maj\u0105c ju\u017c 39 lat. Potem przysz\u0142y kolejne szczyty, przeplatane kilkoma pora\u017ckami. Najwi\u0119cej razy pr\u00f3bowa\u0142 wej\u015b\u0107 na Annapurn\u0119. Udana by\u0142a dopiero czwarta pr\u00f3ba, kt\u00f3ra jednocze\u015bnie zako\u0144czy\u0142a jego projekt Korony Himalaj\u00f3w i Karakorum. Wej\u015bcie na wszystkie 14 o\u015bmiotysi\u0119cznik\u00f3w zaj\u0119\u0142o mu 20 lat.<\/span><\/p>\n<p><span style=\"font-weight: 400;\">Piotra Pustelnika mo\u017cecie pozna\u0107 lepiej czytaj\u0105c jego ksi\u0105\u017ck\u0119 <em><strong>,,Ja, pustelnik&#8221;.<\/strong><\/em> Autobiografia pojawi\u0142a si\u0119 na rynku we wrze\u015bniu tego roku, nak\u0142adem Wydawnictwa Literackiego. Wsp\u00f3\u0142autorem ksi\u0105\u017cki jest dziennikarz Piotr Trybalski.<\/span><\/p>\n<h2 style=\"text-align: center;\"><span style=\"font-weight: 400;\">Korona Himalaj\u00f3w i Karakorum kobiet<\/span><\/h2>\n<p><span style=\"font-weight: 400;\">\u017badna z Polek dotychczas nie zdo\u0142a\u0142a skompletowa\u0107 wszystkich szczyt\u00f3w Korony Himalaj\u00f3w i Karakorum. Stosunkowo blisko by\u0142a Wanda Rutkiewicz, kt\u00f3ra zdoby\u0142a 8 o\u015bmiotysi\u0119cznik\u00f3w. Chcia\u0142a wej\u015b\u0107 na wszystkie 14, realizuj\u0105c projekt kt\u00f3ry nazwa\u0142a ,,karawan\u0105 do marze\u0144&#8221;. Niestety zagin\u0119\u0142a podczas wspinaczki na Kanczendzong\u0119. <\/span><\/p>\n<p><span style=\"font-weight: 400;\">Polskie kobiety skompletowa\u0142y natomiast koron\u0119 w troch\u0119 innej formie. Mo\u017cna powiedzie\u0107, \u017ce zrobi\u0142y to wsp\u00f3lnie. Na ka\u017cdym o\u015bmiotysi\u0119czniku, nog\u0119 postawi\u0142a kiedy\u015b jaka\u015b Polka. Ostatnim brakuj\u0105cym wierzcho\u0142kiem w tej Koronie Himalaj\u00f3w i Karakorum by\u0142a Kanczendzonga, kt\u00f3r\u0105 w 2009 roku zdoby\u0142a Kinga Baranowska<sup>4<\/sup><\/span><span style=\"font-weight: 400;\">.<\/span><\/p>\n<div id=\"attachment_14985\" style=\"width: 1010px\" class=\"wp-caption alignnone\"><img loading=\"lazy\" decoding=\"async\" aria-describedby=\"caption-attachment-14985\" class=\"Historia podboju Himalaj\u00f3w wp-image-14985 size-full\" title=\"Himalaje i Krakorum wyprawy\" src=\"http:\/\/8a.pl\/8academy\/wp-content\/uploads\/2017\/11\/1-st-bivuac-climbing-Nanga-parbat-1996-Kopia-1000-650.jpg\" alt=\"Biwak w g\u00f3rach wysokich\" width=\"1000\" height=\"650\" srcset=\"https:\/\/8a.pl\/8academy\/wp-content\/uploads\/2017\/11\/1-st-bivuac-climbing-Nanga-parbat-1996-Kopia-1000-650.jpg 1000w, https:\/\/8a.pl\/8academy\/wp-content\/uploads\/2017\/11\/1-st-bivuac-climbing-Nanga-parbat-1996-Kopia-1000-650-300x195.jpg 300w, https:\/\/8a.pl\/8academy\/wp-content\/uploads\/2017\/11\/1-st-bivuac-climbing-Nanga-parbat-1996-Kopia-1000-650-768x499.jpg 768w\" sizes=\"(max-width: 1000px) 100vw, 1000px\" \/><p id=\"caption-attachment-14985\" class=\"wp-caption-text\">Biwak pod Nanga Parbat 1996 r. (fot. archiwum Krzysztofa Wielickiego)<\/p><\/div>\n<h2 style=\"text-align: center;\"><span style=\"font-weight: 400;\">Na koniec<\/span><\/h2>\n<p><span style=\"font-weight: 400;\">Historia polskich wyczyn\u00f3w na o\u015bmiotysi\u0119cznikach jest tak obszerna, \u017ce ci\u0119\u017cko zebra\u0107 j\u0105 w jednym artykule. Same opowie\u015bci zdobywc\u00f3w koron zas\u0142uguj\u0105 i doczeka\u0142y si\u0119 niejednej ksi\u0105\u017cki. W tym wpisie stara\u0142em si\u0119 zebra\u0107 najciekawsze i najwa\u017cniejsze informacje dotycz\u0105ce Korony Himalaj\u00f3w i Karakorum. Mam nadziej\u0119, \u017ce mi si\u0119 to uda\u0142o. A je\u015bli macie ochot\u0119 na wi\u0119cej, na rynku wydawniczym znajdziecie mn\u00f3stwo literatury. Ze swojej strony polecam m.in. wymienione wy\u017cej biografie, a tak\u017ce <em><strong>,,Ucieczk\u0119 na szczyt&#8221;<\/strong><\/em> autorstwa Bernadette McDonald, kt\u00f3ra w bardziej og\u00f3lnej formie pokazuje obraz polskiego himalaizmu.<\/span><\/p>\n<p>Przypisy:<\/p>\n<ol>\n<li><a href=\"http:\/\/off.sport.pl\/off\/1,111379,14479047,Szesc_nowych_osmiotysiecznikow_.html\"><span style=\"font-weight: 400;\">http:\/\/off.sport.pl\/off\/1,111379,14479047,Szesc_nowych_osmiotysiecznikow_.html<\/span><\/a><span style=\"font-weight: 400;\"> [dost\u0119p 17.10.2017 r.]<\/span><\/li>\n<li><a href=\"https:\/\/www.8000ers.com\/cms\/en\/8000ers-mainmenu-205.html\"><span style=\"font-weight: 400;\">https:\/\/www.8000ers.com\/cms\/en\/8000ers-mainmenu-205.html<\/span><\/a><span style=\"font-weight: 400;\"> (dost\u0119p 12.10.2017 r.)<\/span><\/li>\n<li><a href=\"https:\/\/en.wikipedia.org\/wiki\/Eight-thousander\"><span style=\"font-weight: 400;\">https:\/\/en.wikipedia.org\/wiki\/Eight-thousander<\/span><\/a><span style=\"font-weight: 400;\"> (dost\u0119p 12.10.2017 r.)<\/span><\/li>\n<li><a href=\"https:\/\/pl.wikipedia.org\/wiki\/O%C5%9Bmiotysi%C4%99cznik\"><span style=\"font-weight: 400;\">https:\/\/pl.wikipedia.org\/wiki\/O%C5%9Bmiotysi%C4%99cznik<\/span><\/a><span style=\"font-weight: 400;\"> [dost\u0119p 17.10.2017 r.]<\/span><\/li>\n<\/ol>\n<p><em><strong>PS. Redakcja serdecznie dzi\u0119kuje Krzysztofowi Wielickiemu za udost\u0119pnienie zdj\u0119\u0107.<\/strong><\/em><\/p>\n","protected":false},"excerpt":{"rendered":"<p>Korona Himalaj\u00f3w i Karakorum to marzenie, kt\u00f3re spe\u0142ni\u0142o niewielu, cho\u0107 wielu pr\u00f3bowa\u0142o. Czterna\u015bcie najwy\u017cszych g\u00f3r \u015bwiata. Ka\u017cda wyrastaj\u0105ca na ponad 8000 metr\u00f3w nad poziom morza. I ka\u017cda niezwykle niebezpieczna.<\/p>\n","protected":false},"author":47,"featured_media":14906,"comment_status":"open","ping_status":"open","sticky":false,"template":"","format":"standard","meta":{"_acf_changed":false,"_uf_show_specific_survey":0,"_uf_disable_surveys":false,"footnotes":""},"categories":[26071],"tags":[26086,26104,26068],"class_list":["post-14645","post","type-post","status-publish","format-standard","has-post-thumbnail","hentry","category-alpinizm","tag-alpinizm","tag-caloroczne","tag-felieton"],"acf":[],"yoast_head":"<!-- This site is optimized with the Yoast SEO Premium plugin v23.4 (Yoast SEO v25.5) - https:\/\/yoast.com\/wordpress\/plugins\/seo\/ -->\n<title>Korona Himalaj\u00f3w i Karakorum w polskim wydaniu | 8academy<\/title>\n<meta name=\"description\" content=\"Korona Himalaj\u00f3w i Karakorum to marzenie, kt\u00f3re spe\u0142ni\u0142o niewielu, cho\u0107 wielu pr\u00f3bowa\u0142o. Czterna\u015bcie najwy\u017cszych g\u00f3r \u015bwiata...\" \/>\n<meta name=\"robots\" content=\"index, follow, max-snippet:-1, max-image-preview:large, max-video-preview:-1\" \/>\n<link rel=\"canonical\" href=\"https:\/\/8a.pl\/8academy\/korona-himalajow-i-karakorum-polskim-wydaniu\/\" \/>\n<meta property=\"og:locale\" content=\"pl_PL\" \/>\n<meta property=\"og:type\" content=\"article\" \/>\n<meta property=\"og:title\" content=\"Korona Himalaj\u00f3w i Karakorum w polskim wydaniu\" \/>\n<meta property=\"og:description\" content=\"Korona Himalaj\u00f3w i Karakorum to marzenie, kt\u00f3re spe\u0142ni\u0142o niewielu, cho\u0107 wielu pr\u00f3bowa\u0142o. Czterna\u015bcie najwy\u017cszych g\u00f3r \u015bwiata...\" \/>\n<meta property=\"og:url\" content=\"https:\/\/8a.pl\/8academy\/korona-himalajow-i-karakorum-polskim-wydaniu\/\" \/>\n<meta property=\"og:site_name\" content=\"8academy.pl - portal g\u00f3rski i wspinaczkowy dla aktywnych\" \/>\n<meta property=\"article:publisher\" content=\"https:\/\/pl-pl.facebook.com\/sklep8apl\/\" \/>\n<meta property=\"article:published_time\" content=\"2017-11-11T07:00:58+00:00\" \/>\n<meta property=\"article:modified_time\" content=\"2024-05-19T21:34:26+00:00\" \/>\n<meta property=\"og:image\" content=\"http:\/\/8a.pl\/8academy\/wp-content\/uploads\/2017\/11\/w-drodze-pod-K2-zima-1987-cover.jpg\" \/>\n\t<meta property=\"og:image:width\" content=\"1100\" \/>\n\t<meta property=\"og:image:height\" content=\"715\" \/>\n\t<meta property=\"og:image:type\" content=\"image\/jpeg\" \/>\n<meta name=\"author\" content=\"Pawe\u0142 Gibek\" \/>\n<meta name=\"twitter:card\" content=\"summary_large_image\" \/>\n<meta name=\"twitter:label1\" content=\"Napisane przez\" \/>\n\t<meta name=\"twitter:data1\" content=\"Pawe\u0142 Gibek\" \/>\n\t<meta name=\"twitter:label2\" content=\"Szacowany czas czytania\" \/>\n\t<meta name=\"twitter:data2\" content=\"11 minut\" \/>\n<!-- \/ Yoast SEO Premium plugin. -->","yoast_head_json":{"title":"Korona Himalaj\u00f3w i Karakorum w polskim wydaniu | 8academy","description":"Korona Himalaj\u00f3w i Karakorum to marzenie, kt\u00f3re spe\u0142ni\u0142o niewielu, cho\u0107 wielu pr\u00f3bowa\u0142o. Czterna\u015bcie najwy\u017cszych g\u00f3r \u015bwiata...","robots":{"index":"index","follow":"follow","max-snippet":"max-snippet:-1","max-image-preview":"max-image-preview:large","max-video-preview":"max-video-preview:-1"},"canonical":"https:\/\/8a.pl\/8academy\/korona-himalajow-i-karakorum-polskim-wydaniu\/","og_locale":"pl_PL","og_type":"article","og_title":"Korona Himalaj\u00f3w i Karakorum w polskim wydaniu","og_description":"Korona Himalaj\u00f3w i Karakorum to marzenie, kt\u00f3re spe\u0142ni\u0142o niewielu, cho\u0107 wielu pr\u00f3bowa\u0142o. Czterna\u015bcie najwy\u017cszych g\u00f3r \u015bwiata...","og_url":"https:\/\/8a.pl\/8academy\/korona-himalajow-i-karakorum-polskim-wydaniu\/","og_site_name":"8academy.pl - portal g\u00f3rski i wspinaczkowy dla aktywnych","article_publisher":"https:\/\/pl-pl.facebook.com\/sklep8apl\/","article_published_time":"2017-11-11T07:00:58+00:00","article_modified_time":"2024-05-19T21:34:26+00:00","og_image":[{"width":1100,"height":715,"url":"http:\/\/8a.pl\/8academy\/wp-content\/uploads\/2017\/11\/w-drodze-pod-K2-zima-1987-cover.jpg","type":"image\/jpeg"}],"author":"Pawe\u0142 Gibek","twitter_card":"summary_large_image","twitter_misc":{"Napisane przez":"Pawe\u0142 Gibek","Szacowany czas czytania":"11 minut"},"schema":{"@context":"https:\/\/schema.org","@graph":[{"@type":"Article","@id":"https:\/\/8a.pl\/8academy\/korona-himalajow-i-karakorum-polskim-wydaniu\/#article","isPartOf":{"@id":"https:\/\/8a.pl\/8academy\/korona-himalajow-i-karakorum-polskim-wydaniu\/"},"author":{"name":"Pawe\u0142 Gibek","@id":"https:\/\/8a.pl\/8academy\/#\/schema\/person\/7cefcd43b1d94688eead417e6eda8434"},"headline":"Korona Himalaj\u00f3w i Karakorum w polskim wydaniu","datePublished":"2017-11-11T07:00:58+00:00","dateModified":"2024-05-19T21:34:26+00:00","mainEntityOfPage":{"@id":"https:\/\/8a.pl\/8academy\/korona-himalajow-i-karakorum-polskim-wydaniu\/"},"wordCount":2210,"commentCount":1,"publisher":{"@id":"https:\/\/8a.pl\/8academy\/#organization"},"image":{"@id":"https:\/\/8a.pl\/8academy\/korona-himalajow-i-karakorum-polskim-wydaniu\/#primaryimage"},"thumbnailUrl":"https:\/\/8a.pl\/8academy\/wp-content\/uploads\/2017\/11\/w-drodze-pod-K2-zima-1987-cover.jpg","keywords":["Alpinizm","Ca\u0142oroczne","Felieton"],"articleSection":["Alpinizm"],"inLanguage":"pl-PL","potentialAction":[{"@type":"CommentAction","name":"Comment","target":["https:\/\/8a.pl\/8academy\/korona-himalajow-i-karakorum-polskim-wydaniu\/#respond"]}]},{"@type":"WebPage","@id":"https:\/\/8a.pl\/8academy\/korona-himalajow-i-karakorum-polskim-wydaniu\/","url":"https:\/\/8a.pl\/8academy\/korona-himalajow-i-karakorum-polskim-wydaniu\/","name":"Korona Himalaj\u00f3w i Karakorum w polskim wydaniu | 8academy","isPartOf":{"@id":"https:\/\/8a.pl\/8academy\/#website"},"primaryImageOfPage":{"@id":"https:\/\/8a.pl\/8academy\/korona-himalajow-i-karakorum-polskim-wydaniu\/#primaryimage"},"image":{"@id":"https:\/\/8a.pl\/8academy\/korona-himalajow-i-karakorum-polskim-wydaniu\/#primaryimage"},"thumbnailUrl":"https:\/\/8a.pl\/8academy\/wp-content\/uploads\/2017\/11\/w-drodze-pod-K2-zima-1987-cover.jpg","datePublished":"2017-11-11T07:00:58+00:00","dateModified":"2024-05-19T21:34:26+00:00","description":"Korona Himalaj\u00f3w i Karakorum to marzenie, kt\u00f3re spe\u0142ni\u0142o niewielu, cho\u0107 wielu pr\u00f3bowa\u0142o. Czterna\u015bcie najwy\u017cszych g\u00f3r \u015bwiata...","breadcrumb":{"@id":"https:\/\/8a.pl\/8academy\/korona-himalajow-i-karakorum-polskim-wydaniu\/#breadcrumb"},"inLanguage":"pl-PL","potentialAction":[{"@type":"ReadAction","target":["https:\/\/8a.pl\/8academy\/korona-himalajow-i-karakorum-polskim-wydaniu\/"]}]},{"@type":"ImageObject","inLanguage":"pl-PL","@id":"https:\/\/8a.pl\/8academy\/korona-himalajow-i-karakorum-polskim-wydaniu\/#primaryimage","url":"https:\/\/8a.pl\/8academy\/wp-content\/uploads\/2017\/11\/w-drodze-pod-K2-zima-1987-cover.jpg","contentUrl":"https:\/\/8a.pl\/8academy\/wp-content\/uploads\/2017\/11\/w-drodze-pod-K2-zima-1987-cover.jpg","width":1100,"height":715,"caption":"Zimowa wyprawa w Karakorum"},{"@type":"BreadcrumbList","@id":"https:\/\/8a.pl\/8academy\/korona-himalajow-i-karakorum-polskim-wydaniu\/#breadcrumb","itemListElement":[{"@type":"ListItem","position":1,"name":"Strona g\u0142\u00f3wna","item":"https:\/\/8a.pl\/8academy\/"},{"@type":"ListItem","position":2,"name":"Korona Himalaj\u00f3w i Karakorum w polskim wydaniu"}]},{"@type":"WebSite","@id":"https:\/\/8a.pl\/8academy\/#website","url":"https:\/\/8a.pl\/8academy\/","name":"8academy.pl - portal g\u00f3rski i wspinaczkowy dla aktywnych","description":"8academy to portal g\u00f3rski o wspinaczce, trekkingu i skiturach. Znajdziesz tu porady, testy sprz\u0119tu i opisy najlepszych rejon\u00f3w. Inspirujemy zdobywc\u00f3w!","publisher":{"@id":"https:\/\/8a.pl\/8academy\/#organization"},"potentialAction":[{"@type":"SearchAction","target":{"@type":"EntryPoint","urlTemplate":"https:\/\/8a.pl\/8academy\/?s={search_term_string}"},"query-input":{"@type":"PropertyValueSpecification","valueRequired":true,"valueName":"search_term_string"}}],"inLanguage":"pl-PL"},{"@type":"Organization","@id":"https:\/\/8a.pl\/8academy\/#organization","name":"8academy.pl - portal g\u00f3rski i wspinaczkowy dla aktywnych","url":"https:\/\/8a.pl\/8academy\/","logo":{"@type":"ImageObject","inLanguage":"pl-PL","@id":"https:\/\/8a.pl\/8academy\/#\/schema\/logo\/image\/","url":"https:\/\/8a.pl\/8academy\/wp-content\/uploads\/2015\/11\/logo.png","contentUrl":"https:\/\/8a.pl\/8academy\/wp-content\/uploads\/2015\/11\/logo.png","width":438,"height":315,"caption":"8academy.pl - portal g\u00f3rski i wspinaczkowy dla aktywnych"},"image":{"@id":"https:\/\/8a.pl\/8academy\/#\/schema\/logo\/image\/"},"sameAs":["https:\/\/pl-pl.facebook.com\/sklep8apl\/","https:\/\/www.instagram.com\/8apl\/"]},{"@type":"Person","@id":"https:\/\/8a.pl\/8academy\/#\/schema\/person\/7cefcd43b1d94688eead417e6eda8434","name":"Pawe\u0142 Gibek","image":{"@type":"ImageObject","inLanguage":"pl-PL","@id":"https:\/\/8a.pl\/8academy\/#\/schema\/person\/image\/","url":"https:\/\/8a.pl\/8academy\/wp-content\/uploads\/2017\/12\/Pawel-Gibek-b-150x150.jpg","contentUrl":"https:\/\/8a.pl\/8academy\/wp-content\/uploads\/2017\/12\/Pawel-Gibek-b-150x150.jpg","caption":"Pawe\u0142 Gibek"},"description":"G\u00f3rsk\u0105 pasj\u0119 odkry\u0142 w sobie do\u015b\u0107 p\u00f3\u017ano. Uderzy\u0142a jednak w niego ze zwielokrotnion\u0105 si\u0142\u0105. Obecnie ka\u017cd\u0105 woln\u0105 chwil\u0119 stara si\u0119 sp\u0119dza\u0107 chodz\u0105c po g\u00f3rach, pisz\u0105c o nich lub czytaj\u0105c. Lubi w\u0119dr\u00f3wki po Beskidach i Sudetach, ale najwi\u0119cej czasu sp\u0119dza w Tatrach. Gdy po raz pierwszy zobaczy\u0142 Dolin\u0119 Pi\u0119ciu Staw\u00f3w Polskich, nie chcia\u0142 wraca\u0107 do miasta. Musia\u0142, bo \u017cyje i pracuje w Krakowie, ale od tamtej pory marzy, aby w przysz\u0142o\u015bci m\u00f3c na sta\u0142e zamieszka\u0107 w g\u00f3rach. Lato i jesie\u0144 to dla niego czas pieszych w\u0119dr\u00f3wkach, a zim\u0119 i wczesn\u0105 wiosn\u0119 najch\u0119tniej sp\u0119dza z nartami na nogach. Prowadzi blog G\u00f3rsko z g\u00f3rskimi newsami, poradami, recenzjami ksi\u0105\u017cek i relacjami z wyjazd\u00f3w.","url":"https:\/\/8a.pl\/8academy\/author\/pawel-gibek\/"}]}},"_links":{"self":[{"href":"https:\/\/8a.pl\/8academy\/wp-json\/wp\/v2\/posts\/14645","targetHints":{"allow":["GET"]}}],"collection":[{"href":"https:\/\/8a.pl\/8academy\/wp-json\/wp\/v2\/posts"}],"about":[{"href":"https:\/\/8a.pl\/8academy\/wp-json\/wp\/v2\/types\/post"}],"author":[{"embeddable":true,"href":"https:\/\/8a.pl\/8academy\/wp-json\/wp\/v2\/users\/47"}],"replies":[{"embeddable":true,"href":"https:\/\/8a.pl\/8academy\/wp-json\/wp\/v2\/comments?post=14645"}],"version-history":[{"count":1,"href":"https:\/\/8a.pl\/8academy\/wp-json\/wp\/v2\/posts\/14645\/revisions"}],"predecessor-version":[{"id":69335,"href":"https:\/\/8a.pl\/8academy\/wp-json\/wp\/v2\/posts\/14645\/revisions\/69335"}],"wp:featuredmedia":[{"embeddable":true,"href":"https:\/\/8a.pl\/8academy\/wp-json\/wp\/v2\/media\/14906"}],"wp:attachment":[{"href":"https:\/\/8a.pl\/8academy\/wp-json\/wp\/v2\/media?parent=14645"}],"wp:term":[{"taxonomy":"category","embeddable":true,"href":"https:\/\/8a.pl\/8academy\/wp-json\/wp\/v2\/categories?post=14645"},{"taxonomy":"post_tag","embeddable":true,"href":"https:\/\/8a.pl\/8academy\/wp-json\/wp\/v2\/tags?post=14645"}],"curies":[{"name":"wp","href":"https:\/\/api.w.org\/{rel}","templated":true}]}}