{"id":13812,"date":"2017-10-09T16:41:59","date_gmt":"2017-10-09T14:41:59","guid":{"rendered":"http:\/\/8a.pl\/8academy\/?p=13812"},"modified":"2024-05-19T23:42:55","modified_gmt":"2024-05-19T21:42:55","slug":"rozmowa-z-krzysztofem-wielickim","status":"publish","type":"post","link":"https:\/\/8a.pl\/8academy\/rozmowa-z-krzysztofem-wielickim\/","title":{"rendered":"G\u00f3ra si\u0119 nie przewraca &#8211; rozmowa z Krzysztofem Wielickim o K2"},"content":{"rendered":"<p><strong>Od pierwszego zimowego wej\u015bcia na o\u015bmiotysi\u0119cznik nied\u0142ugo minie 38 lat. Co zmieni\u0142o si\u0119 przez ten czas?<\/strong><\/p>\n<p>To by\u0142o bardzo dawno i mo\u017cna wiele rzeczy zapomnie\u0107. Na przyk\u0142ad to, \u017ce wspinali\u015bmy si\u0119 w koszulach flanelowych i ortalionie. Kto\u015b z metra uszy\u0142 nam takie kurteczki. U\u017cywali\u015bmy sweterk\u00f3w, szaliczk\u00f3w, czapeczek. Byli\u015bmy wyposa\u017ceni bardzo, bardzo miernie. Ale tamta wyprawa udowodni\u0142a, \u017ce to nie narz\u0119dzia s\u0105 najwa\u017cniejsze, ale cz\u0142owiek. Mieli\u015bmy olbrzymi\u0105 wiar\u0119 i determinacj\u0119, \u017ceby zdoby\u0107 szczyt. Andrzej Zawada potrafi\u0142 nas zmobilizowa\u0107. To by\u0142a pierwsza wyprawa zimowa w Himalaje na osiem tysi\u0119cy&#8230; i od razu na Mount Everest. Wszyscy wiedzieli, \u017ce jedziemy na jednym wozie, a kto wejdzie &#8211; to nie by\u0142o takie wa\u017cne. Po wyprawie na Mount Everest wielu alpinist\u00f3w uwierzy\u0142o, \u017ce mo\u017cna wspina\u0107 si\u0119 zim\u0105, bo skoro weszli\u015bmy na najwy\u017cszy szczyt to posypa\u0142y si\u0119 nast\u0119pne szczyty, kt\u00f3re Polacy zdobywali jako pierwsi o tej porze roku.<\/p>\n<div id=\"attachment_13824\" style=\"width: 1010px\" class=\"wp-caption alignnone\"><img fetchpriority=\"high\" decoding=\"async\" aria-describedby=\"caption-attachment-13824\" class=\"kierownik wyprawy Krzysztof Wielicki wp-image-13824 size-full\" title=\"zimowa wyprawa na K2\" src=\"http:\/\/8a.pl\/8academy\/wp-content\/uploads\/2017\/10\/7-1000-650.jpg\" alt=\"Wywiad z Krzysztofem Wielickim\" width=\"1000\" height=\"650\" srcset=\"https:\/\/8a.pl\/8academy\/wp-content\/uploads\/2017\/10\/7-1000-650.jpg 1000w, https:\/\/8a.pl\/8academy\/wp-content\/uploads\/2017\/10\/7-1000-650-300x195.jpg 300w, https:\/\/8a.pl\/8academy\/wp-content\/uploads\/2017\/10\/7-1000-650-768x499.jpg 768w\" sizes=\"(max-width: 1000px) 100vw, 1000px\" \/><p id=\"caption-attachment-13824\" class=\"wp-caption-text\">Krzysztof Wielicki w redakcji 8academy (fot. 8a.pl)<\/p><\/div>\n<p><strong>Co K2 ma w sobie, \u017ce jest\u00a0g\u00f3r\u0105 a\u017c tak niedost\u0119pn\u0105?<\/strong><\/p>\n<p>Przede wszystkim jest to pi\u0119kna g\u00f3ra &#8211;\u00a0\u00a0taka, jak dzieci maluj\u0105 &#8211; w postaci sto\u017cka. Spe\u0142nia wszystkie wymogi estetyczne. Je\u015bli natomiast chodzi o aspekty alpinistyczne, K2 jest g\u00f3r\u0105 mityczn\u0105 z r\u00f3\u017cnych wzgl\u0119d\u00f3w: le\u017cy w pa\u015bmie bardzo wysuni\u0119tym na p\u00f3\u0142noc i panuje tam specyficzny mikroklimat. Ma zar\u00f3wno trudne \u015bciany, jak i troch\u0119 \u0142atwiejsze drogi. Mo\u017cna si\u0119 wspina\u0107 od strony chi\u0144skiej i od strony pakista\u0144skiej. Robi wra\u017cenie i jest w niej to &#8220;co\u015b&#8221;.<\/p>\n<p><strong>Na wierzcho\u0142ku K2 uda\u0142o si\u0119 stan\u0105\u0107 Tobie dopiero za czwartym podej\u015bciem. Tym razem czeka Was jeszcze trudniejsze zadanie, bo idziecie tam zim\u0105? Czy macie jaki\u015b pomys\u0142 na \u201cprzechytrzenie\u201d g\u00f3ry?<\/strong><\/p>\n<p>Nie b\u0119dzie to takie proste. Pod K2 by\u0142em 5 lub 6 razy, sp\u0119dzi\u0142em w sumie 14 miesi\u0119cy i rzeczywi\u015bcie dopiero za czwartym razem wszed\u0142em na szczyt. Wybra\u0142em wtedy stron\u0119 chi\u0144sk\u0105 wiedz\u0105c, \u017ce mo\u017cemy tam dojecha\u0107, potem doj\u015b\u0107 z pomoc\u0105 wielb\u0142\u0105d\u00f3w, kt\u00f3re doprowadzaj\u0105 ekspedycje na wysoko\u015b\u0107 3800 metr\u00f3w. Zostaje dwa i p\u00f3\u0142 dnia marszu po lodowcu, co jest kr\u00f3tkim odcinkiem. Teraz ch\u0119tnie wr\u00f3ci\u0142bym na stron\u0119 p\u00f3\u0142nocn\u0105, tyle, \u017ce z administracj\u0105 chi\u0144sk\u0105 s\u0105 w ostatnich latach du\u017ce problemy. Potrafi\u0105 zamkn\u0105\u0107 granic\u0119 bez podania przyczyny. Wyprawa jest dosy\u0107 kosztowna, w zwi\u0105zku z tym nie mo\u017cemy ryzykowa\u0107. Pomys\u0142em jest wej\u015bcie od strony pakista\u0144skiej, czyli wracamy do pierwszej pr\u00f3by zimowej, a zadecydowa\u0142a o tym sytuacja polityczna.<\/p>\n<div id=\"attachment_13821\" style=\"width: 1010px\" class=\"wp-caption alignnone\"><img decoding=\"async\" aria-describedby=\"caption-attachment-13821\" class=\"Zdobywcy o\u015bmiotysi\u0119cznik\u00f3w wp-image-13821 size-full\" title=\"Polacy w Himalajach\" src=\"http:\/\/8a.pl\/8academy\/wp-content\/uploads\/2017\/10\/3-1000-650.jpg\" alt=\"Wyprawa w Himalaje\" width=\"1000\" height=\"650\" srcset=\"https:\/\/8a.pl\/8academy\/wp-content\/uploads\/2017\/10\/3-1000-650.jpg 1000w, https:\/\/8a.pl\/8academy\/wp-content\/uploads\/2017\/10\/3-1000-650-300x195.jpg 300w, https:\/\/8a.pl\/8academy\/wp-content\/uploads\/2017\/10\/3-1000-650-768x499.jpg 768w\" sizes=\"(max-width: 1000px) 100vw, 1000px\" \/><p id=\"caption-attachment-13821\" class=\"wp-caption-text\">Legendarna K2. (fot. archiwum Janusza Go\u0142\u0105ba)<\/p><\/div>\n<p><strong>W Twoim g\u00f3rskim CV jest kilka spektakularnych wej\u015b\u0107 solo. Mo\u017cna powiedzie\u0107, \u017ce po cz\u0119\u015bci masz natur\u0119 indywidualisty?<\/strong><\/p>\n<p>Niekt\u00f3re moje wej\u015bcia by na to wskazywa\u0142y, ale nie. Mo\u017ce by\u0142em czasem solist\u0105, ale nigdy samotnikiem. Zawsze wyje\u017cd\u017ca\u0142em w zespole, bo uwa\u017cam, \u017ce w alpinizmie wa\u017cny jest element wsp\u00f3lnej walki o realizacj\u0119 jakiego\u015b wyzwania. Moje solowe wej\u015bcia wynika\u0142y z pewnej potrzeby sprawdzania si\u0119. Mo\u017ce mia\u0142em wi\u0119ksze zapotrzebowanie na adrenalin\u0119? Chcia\u0142em sobie troch\u0119 podwy\u017cszy\u0107 poprzeczk\u0119, nie nara\u017caj\u0105c partnera. Niekt\u00f3rzy twierdzili, \u017ce to by\u0142y wej\u015bcia ryzykanckie &#8211; szczeg\u00f3lnie na Dhaulagiri. Mi si\u0119 wydaje, \u017ce one by\u0142y ryzykowne bardziej, ni\u017c ryzykanckie. Ryzyko? Alpinizm w\u0142a\u015bnie osadza si\u0119 na ryzyku. Ale to jest takie fajne. Cz\u0142owiek, jak ju\u017c zrobi tak\u0105 wschodni\u0105 \u015bcian\u0119, tak sobie popatrzy na ni\u0105 i pomy\u015bli: o, uda\u0142o si\u0119! Do tego trzeba dojrze\u0107.<\/p>\n<p><strong>A jak to jest z funkcj\u0105 kierownika wyprawy? Jakie cechy powinna mie\u0107 osoba dowodz\u0105ca tak wielkim przedsi\u0119wzi\u0119ciem?<\/strong><\/p>\n<p>Tego to nikt nie wie. Mo\u017cemy jedynie m\u00f3wi\u0107 o naszych do\u015bwiadczeniach i historii. Z pewno\u015bci\u0105 Andrzej Zawada by\u0142 przyk\u0142adem bardzo dobrego kierownika, poniewa\u017c potrafi\u0142 wy\u0142\u0105czy\u0107 swoje ambicje sportowe i koncentrowa\u0142 si\u0119 na kierowaniu wypraw\u0105. Robi\u0142 to bardzo fajnie, bo nie po \u017co\u0142niersku, tylko raczej wszystko polega\u0142o na dyskusjach. Wydaje mi si\u0119, \u017ce kierownik powinien przede wszystkim s\u0142ucha\u0107 co m\u00f3wi\u0105 uczestnicy, a potem &#8211; ewentualnie &#8211; podejmowa\u0107 decyzje.<\/p>\n<p>Musz\u0119 niestety powiedzie\u0107, \u017ce z biegiem lat coraz trudniej jest kierowa\u0107 wyprawami. Wynika to z du\u017cej personalizacji sukcesu. W zespole wi\u0119kszo\u015b\u0107 alpinist\u00f3w chce wej\u015b\u0107 na szczyt. Kiedy\u015b tak nie by\u0142o. \u0141atwiej godzili\u015bmy si\u0119 z faktem, \u017ce z ekipy licz\u0105cej 10-12 os\u00f3b, na szczyt wejd\u0105 dwie. Pozostali uczestnicy nie czuli si\u0119 pokrzywdzeni, tylko uwa\u017cali, \u017ce my, jako zesp\u00f3\u0142 i jako wyprawa, osi\u0105gn\u0119li\u015bmy szczyt i to jest sukces. Ta personalizacja &#8211; r\u00f3wnie\u017c dzi\u0119ki mediom &#8211; posuwa si\u0119 do przodu. Ka\u017cdy chce pisa\u0107 w\u0142asn\u0105 histori\u0119. Nie histori\u0119 alpinizmu polskiego, nie histori\u0119 klubu wysokog\u00f3rskiego, nie histori\u0119 zespo\u0142u\u2026 Jest to problem, je\u015bli w zespole ma si\u0119 10 takich ludzi.<\/p>\n<div id=\"attachment_13822\" style=\"width: 1010px\" class=\"wp-caption alignnone\"><img decoding=\"async\" aria-describedby=\"caption-attachment-13822\" class=\"o\u015bmiotysi\u0119czniki zim\u0105 wp-image-13822 size-full\" title=\"Korona Ziemi\" src=\"http:\/\/8a.pl\/8academy\/wp-content\/uploads\/2017\/10\/9-1000-650.jpg\" alt=\"Polskie wyprawy na K2\" width=\"1000\" height=\"650\" srcset=\"https:\/\/8a.pl\/8academy\/wp-content\/uploads\/2017\/10\/9-1000-650.jpg 1000w, https:\/\/8a.pl\/8academy\/wp-content\/uploads\/2017\/10\/9-1000-650-300x195.jpg 300w, https:\/\/8a.pl\/8academy\/wp-content\/uploads\/2017\/10\/9-1000-650-768x499.jpg 768w\" sizes=\"(max-width: 1000px) 100vw, 1000px\" \/><p id=\"caption-attachment-13822\" class=\"wp-caption-text\">Krzysztof Wielicki w 8academy (fot. 8a.pl)<\/p><\/div>\n<p><strong>Ta wyprawa jest troch\u0119 inna, bo b\u0119dzie tu pewien rodzaj \u201cdwuw\u0142adzy\u201d. Opr\u00f3cz kierownika wyprawy, piecz\u0119 nad zespo\u0142em sprawowa\u0142 b\u0119dzie tak\u017ce kierownik sportowy. Jakie b\u0119d\u0105 jego kompetencje?<\/strong><\/p>\n<p>Janusz Go\u0142\u0105b, kt\u00f3ry obj\u0105\u0142 t\u0119 funkcj\u0119, jest bardzo do\u015bwiadczonym alpinist\u0105. Licz\u0119 na jego pomoc przy organizacji oraz wyborze sprz\u0119tu\u2026 Bywa\u0142 na wyprawach zimowych, zna K2, wi\u0119c w tym sensie jest bardzo przydatny. Razem podejmujemy decyzje. Wydaje mi si\u0119, \u017ce najwa\u017cniejsz\u0105 rol\u0105, jaka mu przypadnie, b\u0119dzie kierowanie zespo\u0142em szturmowym. Janusz zrobi to doskonale, bo ma sportowe podej\u015bcie, ale jednocze\u015bnie jest bardzo rozs\u0105dny. Mam nadziej\u0119, \u017ce b\u0119dzie bardzo wysoko i b\u0119dzie m\u00f3g\u0142 pokierowa\u0107 swoim zespo\u0142em lub innym zespo\u0142em &#8211; bo nigdy nie wiemy co si\u0119 wydarzy.<\/p>\n<p><strong>Jak wiemy Janusz Go\u0142\u0105b by\u0142 latem pod K2 i sondowa\u0142 inn\u0105 drog\u0119. Czy zdobyte przez niego informacje okaza\u0142y si\u0119 przydatne w kontek\u015bcie przygotowa\u0144 do wyprawy zimowej?<\/strong><\/p>\n<p>To si\u0119 dopiero oka\u017ce dlatego, \u017ce obserwacje letnie to jedna sprawa, a zima wygl\u0105da tam inaczej. Ja te\u017c latem w 1994 roku wspina\u0142em si\u0119 na drodze Bask\u00f3w, gdzie te\u017c by\u0142 wariant Cessena. Na pewno\u00a0 jest to droga szybsza. W\u00a0zimie jest to bardzo wa\u017cny atut, bo uwa\u017cam, \u017ce okna pogodowe nie pozwol\u0105 na d\u0142ug\u0105 akcj\u0119 szczytow\u0105. Ta droga jest brana przez nas pod uwag\u0119, ale gdy z Januszem rozmawiam na ten temat, to m\u00f3wi\u0119: hola, hola\u2026 zobaczymy co b\u0119dzie zim\u0105. Wtedy jest tam du\u017co mniej \u015bniegu. Pola firnowe, p\u00f3\u0142ki firnowe mog\u0105 si\u0119 zamieni\u0107 w szary l\u00f3d, co prowadzi do problem\u00f3w z ustawianiem oboz\u00f3w. Szczeg\u00f3lnie dotyczy to obozu pierwszego. Prawdopodobnie b\u0119dzie on tylko przej\u015bciowy. Pami\u0119tam, \u017ce my\u015bmy tam na p\u00f3\u0142ce siedzieli, ale podobno na jeden namiot mo\u017cna znale\u017a\u0107 miejsce, cho\u0107 jest ono niewygodne. Z drugim obozem powinno by\u0107 lepiej\u2026<\/p>\n<p><strong>Czy jak ju\u017c b\u0119dziecie na miejscu, mo\u017cliwa jest zmiana drogi, kt\u00f3r\u0105 b\u0119dzie podj\u0119ta pr\u00f3ba?<\/strong><\/p>\n<p>My\u015bl\u0119, \u017ce z tym nie b\u0119dzie problemu, poniewa\u017c mamy by\u0107 jedyn\u0105 wypraw\u0105. Je\u015bli chodzi o wyb\u00f3r drogi, sytuacja si\u0119 komplikuje, gdy ministerstwo wydaje zezwolenia 3-4 wyprawom. \u017beby nie dochodzi\u0142o do konflikt\u00f3w, urz\u0119dnicy \u017cycz\u0105 sobie wtedy, \u017ceby trzyma\u0107 si\u0119 warunk\u00f3w zezwolenia.<\/p>\n<div id=\"attachment_13825\" style=\"width: 1010px\" class=\"wp-caption alignnone\"><img loading=\"lazy\" decoding=\"async\" aria-describedby=\"caption-attachment-13825\" class=\"k2 zim\u0105 wp-image-13825 size-full\" title=\"Korona Karakorum\" src=\"http:\/\/8a.pl\/8academy\/wp-content\/uploads\/2017\/10\/5-1000-650.jpg\" alt=\"Zimowa wyprawa na K2\" width=\"1000\" height=\"650\" srcset=\"https:\/\/8a.pl\/8academy\/wp-content\/uploads\/2017\/10\/5-1000-650.jpg 1000w, https:\/\/8a.pl\/8academy\/wp-content\/uploads\/2017\/10\/5-1000-650-300x195.jpg 300w, https:\/\/8a.pl\/8academy\/wp-content\/uploads\/2017\/10\/5-1000-650-768x499.jpg 768w\" sizes=\"(max-width: 1000px) 100vw, 1000px\" \/><p id=\"caption-attachment-13825\" class=\"wp-caption-text\">Uczestnicy wyprawy musz\u0105 by\u0107 gotowi na trudne warunki. (fot. archiwum Janusza Go\u0142\u0105ba)<\/p><\/div>\n<p><strong>Niedawno og\u0142oszony zosta\u0142 sk\u0142ad wyprawy. Jak wygl\u0105da\u0142a selekcja i czy wyb\u00f3r by\u0142 trudny?<\/strong><\/p>\n<p>Mo\u017ce to b\u0119dzie przykre, ale powiem, \u017ce Zawada mia\u0142 wi\u0119kszy wyb\u00f3r, bo do jego dyspozycji by\u0142o 40 \u201cwojownik\u00f3w\u201d. Teraz jest ich troch\u0119 mniej, ale nadal wyb\u00f3r jest dobry. Dokonali\u015bmy go wsp\u00f3lnie z Januszem Majerem i Januszem Go\u0142\u0105bem w porozumieniu z zarz\u0105dem Polskiego Zwi\u0105zku Alpinizmu. Prawd\u0119 m\u00f3wi\u0105c mieli\u015bmy te\u017c inne nazwiska, ale nie ka\u017cdy chce jecha\u0107 zim\u0105, wiedz\u0105c o tym, \u017ce szanse nie s\u0105 a\u017c takie du\u017ce, a do tego trzeba b\u0119dzie po\u015bwi\u0119ci\u0107 nawet 3 miesi\u0105ce. Wydaje mi si\u0119, \u017ce dobrali\u015bmy sk\u0142ad taki, jaki by\u0142 w tym momencie mo\u017cliwy. Na li\u015bcie jest 4 &#8211; 5 nazwisk bardzo mocnych. Prawdopodobnie to te osoby b\u0119d\u0105 bra\u0142y udzia\u0142 w atakach szczytowych, je\u015bli do nich dojdzie. Jest te\u017c 5 ludzi, kt\u00f3rzy raczej pracowa\u0107 b\u0119d\u0105 poni\u017cej.\u00a0Nie wierz\u0119 w to, \u017ceby K2 zim\u0105 mog\u0142o zdoby\u0107 10 os\u00f3b. Z g\u00f3ry wiadomo, \u017ce ci, kt\u00f3rzy b\u0119d\u0105 si\u0119 troch\u0119 gorzej czu\u0107 i nie tak dobrze poradz\u0105 sobie z aklimatyzacj\u0105, nie b\u0119d\u0105 brani pod uwag\u0119 przy ustalaniu sk\u0142adu zespo\u0142u do ataku szczytowego.<\/p>\n<p><strong>Do\u015bwiadczenie, znajomo\u015b\u0107 terenu, a mo\u017ce cechy osobowo\u015bciowe? Co przede wszystkim brane by\u0142o pod uwag\u0119, podczas selekcji?<\/strong><\/p>\n<p>G\u0142\u00f3wnie patrzyli\u015bmy na dotychczasowe osi\u0105gni\u0119cia i umiej\u0119tno\u015b\u0107 wspinania. Brane pod uwag\u0119 by\u0142y wyniki i spos\u00f3b poruszania si\u0119 w lodzie. Interesowa\u0142o nas, czy by\u0142y to wej\u015bcia sportowe, liczy\u0142o si\u0119 do\u015bwiadczenie. Chcieli\u015bmy, \u017ceby przynajmniej po\u0142ow\u0119 sk\u0142adu stanowili alpini\u015bci, kt\u00f3rzy ju\u017c byli na K2 latem. W ekipie jest 5 takich os\u00f3b. Dw\u00f3ch ludzi by\u0142o bardzo blisko szczytu. Znajomo\u015b\u0107 g\u00f3ry jest bardzo wa\u017cnym elementem. Je\u015bli wiemy co b\u0119dzie za 130 metr\u00f3w to \u0142atwiej jest oceni\u0107 szans\u0119 i podj\u0105\u0107 decyzj\u0119, czy i\u015b\u0107, czy zawr\u00f3ci\u0107.<\/p>\n<div id=\"attachment_13818\" style=\"width: 1010px\" class=\"wp-caption alignnone\"><img loading=\"lazy\" decoding=\"async\" aria-describedby=\"caption-attachment-13818\" class=\"Himalaizm zimowy wp-image-13818 size-full\" title=\"wyprawa w Himalaje\" src=\"http:\/\/8a.pl\/8academy\/wp-content\/uploads\/2017\/10\/4-1000-650.jpg\" alt=\"wyprawa w g\u00f3ry wysokie\" width=\"1000\" height=\"650\" srcset=\"https:\/\/8a.pl\/8academy\/wp-content\/uploads\/2017\/10\/4-1000-650.jpg 1000w, https:\/\/8a.pl\/8academy\/wp-content\/uploads\/2017\/10\/4-1000-650-300x195.jpg 300w, https:\/\/8a.pl\/8academy\/wp-content\/uploads\/2017\/10\/4-1000-650-768x499.jpg 768w\" sizes=\"(max-width: 1000px) 100vw, 1000px\" \/><p id=\"caption-attachment-13818\" class=\"wp-caption-text\">Transport zaopatrzenia podczas jednej z wypraw. (fot. archiwum Janusza Go\u0142\u0105ba)<\/p><\/div>\n<p><strong>Nie mo\u017cna zapomina\u0107 o obecno\u015bci tragarzy wysoko\u015bciowych. Jak liczne wsparcie b\u0119dziecie mie\u0107 i jaki dok\u0142adnie jest zakres ich pomocy?<\/strong><\/p>\n<p>Powinni\u015bmy mie\u0107 5 lub 6 tragarzy wysoko\u015bciowych.\u00a0 I nie chodzi o to, \u017ce bez nich nie daliby\u015bmy rady. Wi\u0119kszo\u015b\u0107 moich wypraw nie mia\u0142a takiego wsparcia. Po prostu chcemy da\u0107 sobie wi\u0119ksz\u0105 szans\u0119. W akcj\u0119 zaanga\u017cowane zosta\u0142y du\u017ce \u015brodki finansowe, alpini\u015bci po\u015bwi\u0119caj\u0105 sporo swojego czasu. Po 2 miesi\u0105cach dzia\u0142alno\u015bci zim\u0105, mo\u017cna czu\u0107 si\u0119 wyczerpanym. Chcemy zminimalizowa\u0107 ryzyko takiej sytuacji, \u017ce zesp\u00f3\u0142 pod koniec wyprawy nie b\u0119dzie mia\u0142 si\u0142 na zdobywanie szczytu. Tragarze maj\u0105 g\u0142\u00f3wnie pom\u00f3c w transporcie. Mo\u017cna powiedzie\u0107, \u017ce oni te\u017c s\u0105 mocnymi alpinistami, ale nie przewidujemy, \u017ce b\u0119d\u0105 towarzyszy\u0107 uczestnikom wyprawy w drodze do szczytu. Oni otrzymuj\u0105 wynagrodzenie i znaj\u0105 swoj\u0105 rol\u0119. Wiedz\u0105, \u017ce s\u0105 zatrudniani, a\u00a0interesuje ich to, \u017ceby zarobi\u0107. Nasi alpini\u015bci nie s\u0105 zatrudniani tylko \u0142\u0105czy ich pasja, cel, wyzwanie\u2026<\/p>\n<p><strong>Jak ju\u017c wspomnia\u0142e\u015b, himalaizm jest dziedzin\u0105, w kt\u00f3rej na sukces zwykle pracuje ca\u0142a dru\u017cyna, ale s\u0142aw\u0119 zdobywaj\u0105 nieliczni, kt\u00f3rym udaje si\u0119 stan\u0105\u0107 na wierzcho\u0142ku. Ilu cz\u0142onk\u00f3w wyprawy ma szans\u0119 by tego dokona\u0107?<\/strong><\/p>\n<p>Na jednej mojej wyprawie &#8211; na Annapurn\u0119 Po\u0142udniow\u0105 &#8211; na 10 uczestnik\u00f3w wesz\u0142o 9. To by\u0142 m\u00f3j najwi\u0119kszy sukces jako kierownika, poniewa\u017c nic tak bardzo mnie nie cieszy, jak to \u017ce wszyscy staj\u0105 na szczycie. Tutaj z pewno\u015bci\u0105 takiej mo\u017cliwo\u015bci nie b\u0119dzie. Gdyby by\u0142o 10 okien pogodowych, to by wesz\u0142o wi\u0119cej os\u00f3b, ale jak b\u0119dzie jedno, taki scenariusz nie jest realny. To fakt, \u017ce splendor bardzo cz\u0119sto sp\u0142ywa na tych, kt\u00f3rzy byli na szczycie, ale uwa\u017cam, \u017ce nie oddaje to rzeczywisto\u015bci. Gdyby nie zesp\u00f3\u0142, ta dw\u00f3jka, tr\u00f3jka, czy pojedyncza osoba, nie dokona\u0142yby tego. \u017byczy\u0142bym sobie, \u017ceby zesp\u00f3\u0142, kt\u00f3ry zdob\u0119dzie szczyt, mia\u0142 t\u0119 \u015bwiadomo\u015b\u0107 i w przekazach medialnych by\u0142 uprzejmy zauwa\u017cy\u0107, \u017ce gdyby nie pomoc pozosta\u0142ych koleg\u00f3w, sukcesu by nie by\u0142o. Ile os\u00f3b? Nie wiem\u2026 My\u015bl\u0119, \u017ce od 2 do 4.<\/p>\n<p><strong>Wcze\u015bniej dochodzi\u0142y s\u0142uchy, \u017ce nie b\u0119dziecie jedyn\u0105 ekip\u0105 dzia\u0142aj\u0105c\u0105 tej zimy pod K2\u2026<\/strong><\/p>\n<p>M\u00f3wi\u0142o si\u0119, \u017ce Rosjanie pojad\u0105, ale nie uzyskali\u015bmy \u017cadnego potwierdzenia. Gdyby tak mia\u0142o by\u0107, stosowna wiadomo\u015b\u0107 ju\u017c by do nas dotar\u0142a. Takiej wyprawy nie przygotowuje si\u0119 w 2 tygodnie.<\/p>\n<p><strong>Jedn\u0105 powa\u017cn\u0105 przeszkod\u0119 na drodze do K2 ju\u017c pokonali\u015bcie. Uda\u0142o si\u0119 Wam znale\u017a\u0107 \u015brodki. Kto sfinansuje wypraw\u0119?<\/strong><\/p>\n<p>G\u0142\u00f3wny wysi\u0142ek finansowy poniesie Ministerstwo Sportu. O\u00a0te \u015brodki ubiegali\u015bmy si\u0119 od p\u00f3\u0142tora roku i w ko\u0144cu si\u0119 uda\u0142o. Wygrali\u015bmy konkurs, dzi\u0119ki czemu otrzymali\u015bmy grant na imprez\u0119 wizerunkow\u0105, no i mo\u017cemy wyjecha\u0107. W zesz\u0142ym roku te\u017c my\u015bleli\u015bmy o wyje\u017adzie, ale nie byli\u015bmy w stanie zamkn\u0105\u0107 bud\u017cetu.\u00a0Wypraw\u0119 finansuje te\u017c nasz strategiczny partner Lotto. By\u0107 mo\u017ce do\u0142\u0105czy si\u0119 jeszcze miasto Krak\u00f3w.<\/p>\n<p><strong>Jak\u0105 kwot\u0105 trzeba dysponowa\u0107, \u017ceby w og\u00f3le m\u00f3c my\u015ble\u0107 o zorganizowaniu takiej wyprawy?<\/strong><\/p>\n<p>Tak\u0105 wypraw\u0119 mo\u017cna zorganizowa\u0107 nawet przy mniejszej kwocie. My dysponujemy sporymi \u015brodkami, ale dzi\u0119ki temu chcemy &#8211; \u017ce tak powiem &#8211; poprawi\u0107 komfort tej wyprawy, bo jak dot\u0105d podczas akcji zimowych najcz\u0119\u015bciej by\u0142 z tym problem. Teraz mo\u017cemy liczy\u0107 na dobry sprz\u0119t: najnowsze kombinezony oraz zaawansowane technologie w \u015bpiworach i namiotach. Do tego dochodzi komfort w bazie: ogrzewanie i mesy. To dosy\u0107 wa\u017cne, bo w warunkach zimowych regeneracja ma kluczowe znaczenie. Latem \u0142atwiej jest odpocz\u0105\u0107 &#8211; mo\u017cna wyci\u0105gn\u0105\u0107 karimat\u0119 i po\u0142o\u017cy\u0107 si\u0119 na s\u0142oneczku. Zim\u0105 w bazie jest &#8211; 20 stopni, wi\u0119c nie ma takich warunk\u00f3w do regeneracji, a wiadomo, \u017ce po wysi\u0142ku jest ona bardzo potrzebna. Do tego bierzemy pod uwag\u0119 fundusze rezerwowe, na akcje z udzia\u0142em helikoptera. Niestety, tam jest to strasznie drogie. Na lot do bazy trzeba wyda\u0107 50 tysi\u0119cy dolar\u00f3w. Musimy by\u0107 przygotowani na ka\u017cd\u0105 okoliczno\u015b\u0107, kt\u00f3ra mo\u017ce implikowa\u0107 dodatkowe koszty.<\/p>\n<div id=\"attachment_13819\" style=\"width: 1010px\" class=\"wp-caption alignnone\"><img loading=\"lazy\" decoding=\"async\" aria-describedby=\"caption-attachment-13819\" class=\"Polacy w g\u00f3rach wysokich wp-image-13819 size-full\" title=\"narodowa wyprawa na K2\" src=\"http:\/\/8a.pl\/8academy\/wp-content\/uploads\/2017\/10\/2-1000-650.jpg\" alt=\"ob\u00f3z w g\u00f3rach\" width=\"1000\" height=\"650\" srcset=\"https:\/\/8a.pl\/8academy\/wp-content\/uploads\/2017\/10\/2-1000-650.jpg 1000w, https:\/\/8a.pl\/8academy\/wp-content\/uploads\/2017\/10\/2-1000-650-300x195.jpg 300w, https:\/\/8a.pl\/8academy\/wp-content\/uploads\/2017\/10\/2-1000-650-768x499.jpg 768w\" sizes=\"(max-width: 1000px) 100vw, 1000px\" \/><p id=\"caption-attachment-13819\" class=\"wp-caption-text\">Im bardziej komfortowe warunki w obozie, tym sprawniej przebiega\u0107 b\u0119dzie proces regeneracji. (fot. archiwum Janusza Go\u0142\u0105ba)<\/p><\/div>\n<p><strong>Czy bud\u017cet jest ju\u017c definitywnie zamkni\u0119ty, a mo\u017ce szukacie jeszcze dodatkowych sponsor\u00f3w?<\/strong><\/p>\n<p>W\u0142a\u015bciwie jest prawie zamkni\u0119ty. Jeszcze jedna firma jest brana pod uwag\u0119, ale nie znam szczeg\u00f3\u0142\u00f3w.<\/p>\n<p><strong>Kiedy dok\u0142adnie wylatujecie do Pakistanu i ile macie czasu na zamkni\u0119cie ca\u0142ej wyprawy?<\/strong><\/p>\n<p>My\u015bl\u0119, \u017ce wylecimy zaraz po \u015bwi\u0119tach. Przypuszczamy, \u017ce najwi\u0119ksze szanse powodzenia b\u0119dziemy mieli pod koniec sezonu. Wtedy dzie\u0144 jest d\u0142u\u017cszy, cz\u0119\u015bciej zdarzaj\u0105 si\u0119 te\u017c okna pogodowe. Gdyby\u015bmy wylecieli za wcze\u015bnie, zafundowaliby\u015bmy sobie d\u0142ugi czas oczekiwania. Jak na pocz\u0105tku stycznia za\u0142o\u017cymy baz\u0119, to mamy do wykorzystania dwa miesi\u0105ce. W tak silnym zespole nie powinno by\u0107 problemu z &#8220;przygotowaniem g\u00f3ry&#8221;. Potem wszystko zale\u017ce\u0107 b\u0119dzie od pogody, kt\u00f3rej &#8211; niestety &#8211; nie da si\u0119 kupi\u0107.<\/p>\n<p><strong>Co &#8211; opr\u00f3cz pogody &#8211; b\u0119dzie mia\u0142o kluczowe znaczenie w kontek\u015bcie powodzenia wyprawy?<\/strong><\/p>\n<p>Przede wszystkim determinacja, ale ju\u017c po pierwszych spotkaniach z zespo\u0142em widz\u0119, \u017ce jej nie brakuje. Najwi\u0119kszym problemem b\u0119dzie wi\u0119c aura oraz ilo\u015b\u0107 okien pogodowych. To jest tak, \u017ce w odpowiednim czasie, w odpowiednim miejscu, musi si\u0119 znale\u017a\u0107 szybki zesp\u00f3\u0142, kt\u00f3ry trafi w okno pogodowe i b\u0119dzie zdeterminowany do tego, \u017ceby atakowa\u0107 szczyt\u2026 Jest jeden ma\u0142y problem. Podczas ostatniego biwaku trzeba b\u0119dzie spa\u0107 na wysoko\u015bci 7800 metr\u00f3w. Zostaje wi\u0119c jeszcze 800 metr\u00f3w do g\u00f3ry, a trzeba to zrobi\u0107 w trakcie kr\u00f3tkiego dnia: od godziny 8 do godziny 15. Oczywi\u015bcie mo\u017cna te\u017c i w nocy, ale wtedy pojawiaj\u0105 si\u0119 inne problemy, wynikaj\u0105ce z niskich temperatur czy wiatru. Musi wi\u0119c wy\u0142oni\u0107 si\u0119 zesp\u00f3\u0142, kt\u00f3ry b\u0119dzie dobrze zaaklimatyzowany i bardzo szybki.<\/p>\n<div id=\"attachment_13827\" style=\"width: 1010px\" class=\"wp-caption alignnone\"><img loading=\"lazy\" decoding=\"async\" aria-describedby=\"caption-attachment-13827\" class=\"g\u00f3ry Pakistanu wp-image-13827 size-full\" title=\"wyprawa w Karakorum\" src=\"http:\/\/8a.pl\/8academy\/wp-content\/uploads\/2017\/10\/1-1000-650.jpg\" alt=\"Karakorum zim\u0105\" width=\"1000\" height=\"650\" srcset=\"https:\/\/8a.pl\/8academy\/wp-content\/uploads\/2017\/10\/1-1000-650.jpg 1000w, https:\/\/8a.pl\/8academy\/wp-content\/uploads\/2017\/10\/1-1000-650-300x195.jpg 300w, https:\/\/8a.pl\/8academy\/wp-content\/uploads\/2017\/10\/1-1000-650-768x499.jpg 768w\" sizes=\"(max-width: 1000px) 100vw, 1000px\" \/><p id=\"caption-attachment-13827\" class=\"wp-caption-text\">Dobra pogoda i determinacja zespo\u0142u &#8211; bez spe\u0142nienia tych warunk\u00f3w nie ma mowy o osi\u0105gni\u0119ciu sukcesu. (fot. archiwum Janusza Go\u0142\u0105ba)<\/p><\/div>\n<p><strong>Himalaizm &#8211; a w szczeg\u00f3lno\u015bci himalaizm zimowy &#8211; to dyscypliny, w kt\u00f3rych wyj\u0105tkowo dobrze radz\u0105 sobie Polacy. Jak wyt\u0142umaczy\u0107 ten fenomen?<\/strong><\/p>\n<p>Polacy nie mogli odegra\u0107 roli podczas \u201cwielkiej eksploracji\u201d, w latach 1950 &#8211; 1964, kiedy zdobyto wszystkie szczyty o\u015bmiotysi\u0119czne. Nowe mo\u017cliwo\u015bci otworzy\u0142y si\u0119 dopiero po tym jak w Polsce uznano alpinizm za dyscyplin\u0119 sportow\u0105 i zacz\u0119li\u015bmy podlega\u0107 regulacjom, jak wszystkie inne zwi\u0105zki sportowe. Mogli\u015bmy mie\u0107 paszporty i wyje\u017cd\u017ca\u0107. Koledzy pomy\u015bleli: no tak &#8211; skoro wszystkie szczyty o\u015bmiotysi\u0119czne zosta\u0142y zdobyte, czas pisa\u0107 inn\u0105 histori\u0119. I kto\u015b wymy\u015bli\u0142, \u017ce skoro ludzie wspinali si\u0119 ju\u017c w Tatrach i Alpach zim\u0105, dlaczego nie spr\u00f3bowa\u0107 tego w g\u00f3rach wysokich? Zacz\u0119\u0142o si\u0119 od Hindukuszu, potem by\u0142a pr\u00f3ba na Lhotse, no i Everest. On by\u0142 strasznie wa\u017cny, bo da\u0142 to, o czym m\u00f3wi\u0142em wcze\u015bniej &#8211; wiar\u0119, \u017ce na o\u015bmiotysi\u0119cznik mo\u017cna wej\u015b\u0107 zim\u0105. No i posypa\u0142y si\u0119 wyniki, a w po\u0142owie lat 80. XX wieku dostali\u015bmy ksyw\u0119 &#8220;ice warriors&#8221;.<\/p>\n<p><strong>Je\u015bli uda si\u0119 Wam osi\u0105gn\u0105\u0107 cel &#8211; czego serdecznie \u017cyczymy &#8211; co b\u0119dzie jeszcze do zdobycia? Czy himalai\u015bci znajd\u0105 sobie jakie\u015b nowe wyzwania?<\/strong><\/p>\n<p>Sama wiedza historyczna, \u017ce kto\u015b gdzie\u015b wszed\u0142, kto\u015b zdoby\u0142 t\u0105 czy inn\u0105 \u015bcian\u0105, w takim sezonie\u2026 &#8211; to jest tylko wiedza. Natomiast dla przybywaj\u0105cego pod g\u00f3r\u0119 alpinisty, kt\u00f3ry tam nie by\u0142, ta g\u00f3ra jest w dalszym ci\u0105gu dziewicza. To jest tylko \u015bwiadomo\u015b\u0107, \u017ce kto\u015b tu si\u0119 wspina\u0142. W tym wymiarze to jest niesko\u0144czono\u015b\u0107. Nie ma chyba takiego alpinisty, kt\u00f3ry by si\u0119 ba\u0142, \u017ce si\u0119 sko\u0144czy dyscyplina, poniewa\u017c zdobyto jakie\u015b szczyty. Po wej\u015bciu na wierzcho\u0142ek g\u00f3ra si\u0119 nie przewraca, a skoro si\u0119 nie przewraca, to mo\u017cemy tam wr\u00f3ci\u0107.<\/p>\n<p><strong>Dzi\u0119kuj\u0119 za rozmow\u0119 i \u017cycz\u0119 powodzenia!<\/strong><\/p>\n<p>Z Krzysztofem Wielickim rozmawia\u0142 Leszek Go\u017adzicki<\/p>\n","protected":false},"excerpt":{"rendered":"<p>Historia zatoczy\u0142a ko\u0142o, bo pierwszy zimowy zdobywca o\u015bmiotysi\u0119cznika poprowadzi wypraw\u0119, kt\u00f3rej celem jest o\u015bmiotysi\u0119cznik broni\u0105cy si\u0119 zim\u0105 najd\u0142u\u017cej. W redakcji 8academy go\u015bcili\u015bmy ostatnio Krzysztofa Wielickiego &#8211; kierownika Zimowej Narodowej Wyprawy na K2. Poni\u017cej publikujemy skr\u00f3t rozmowy z naszym wybitnym himalaist\u0105. <\/p>\n","protected":false},"author":7,"featured_media":15896,"comment_status":"open","ping_status":"open","sticky":false,"template":"","format":"standard","meta":{"_acf_changed":false,"_uf_show_specific_survey":0,"_uf_disable_surveys":false,"footnotes":""},"categories":[26071],"tags":[26086,26079,26084],"class_list":["post-13812","post","type-post","status-publish","format-standard","has-post-thumbnail","hentry","category-alpinizm","tag-alpinizm","tag-wywiad","tag-zima"],"acf":[],"yoast_head":"<!-- This site is optimized with the Yoast SEO Premium plugin v23.4 (Yoast SEO v25.5) - https:\/\/yoast.com\/wordpress\/plugins\/seo\/ -->\n<title>G\u00f3ra si\u0119 nie przewraca - rozmowa z Krzysztofem Wielickim | 8academy<\/title>\n<meta name=\"description\" content=\"W redakcji 8academy go\u015bcili\u015bmy ostatnio kierownika Zimowej Narodowej Wyprawy na K2. Poni\u017cej publikujemy skr\u00f3t rozmowy z Krzysztofem Wielickim.\" \/>\n<meta name=\"robots\" content=\"index, follow, max-snippet:-1, max-image-preview:large, max-video-preview:-1\" \/>\n<link rel=\"canonical\" href=\"https:\/\/8a.pl\/8academy\/rozmowa-z-krzysztofem-wielickim\/\" \/>\n<meta property=\"og:locale\" content=\"pl_PL\" \/>\n<meta property=\"og:type\" content=\"article\" \/>\n<meta property=\"og:title\" content=\"G\u00f3ra si\u0119 nie przewraca - rozmowa z Krzysztofem Wielickim o K2\" \/>\n<meta property=\"og:description\" content=\"W redakcji 8academy go\u015bcili\u015bmy ostatnio kierownika Zimowej Narodowej Wyprawy na K2. Poni\u017cej publikujemy skr\u00f3t rozmowy z Krzysztofem Wielickim.\" \/>\n<meta property=\"og:url\" content=\"https:\/\/8a.pl\/8academy\/rozmowa-z-krzysztofem-wielickim\/\" \/>\n<meta property=\"og:site_name\" content=\"8academy.pl - portal g\u00f3rski i wspinaczkowy dla aktywnych\" \/>\n<meta property=\"article:publisher\" content=\"https:\/\/pl-pl.facebook.com\/sklep8apl\/\" \/>\n<meta property=\"article:published_time\" content=\"2017-10-09T14:41:59+00:00\" \/>\n<meta property=\"article:modified_time\" content=\"2024-05-19T21:42:55+00:00\" \/>\n<meta property=\"og:image\" content=\"http:\/\/8a.pl\/8academy\/wp-content\/uploads\/2017\/10\/6-1100-715-1.jpg\" \/>\n\t<meta property=\"og:image:width\" content=\"1100\" \/>\n\t<meta property=\"og:image:height\" content=\"715\" \/>\n\t<meta property=\"og:image:type\" content=\"image\/jpeg\" \/>\n<meta name=\"author\" content=\"Redakcja 8Academy\" \/>\n<meta name=\"twitter:card\" content=\"summary_large_image\" \/>\n<meta name=\"twitter:label1\" content=\"Napisane przez\" \/>\n\t<meta name=\"twitter:data1\" content=\"Redakcja 8Academy\" \/>\n\t<meta name=\"twitter:label2\" content=\"Szacowany czas czytania\" \/>\n\t<meta name=\"twitter:data2\" content=\"15 minut\" \/>\n<!-- \/ Yoast SEO Premium plugin. -->","yoast_head_json":{"title":"G\u00f3ra si\u0119 nie przewraca - rozmowa z Krzysztofem Wielickim | 8academy","description":"W redakcji 8academy go\u015bcili\u015bmy ostatnio kierownika Zimowej Narodowej Wyprawy na K2. Poni\u017cej publikujemy skr\u00f3t rozmowy z Krzysztofem Wielickim.","robots":{"index":"index","follow":"follow","max-snippet":"max-snippet:-1","max-image-preview":"max-image-preview:large","max-video-preview":"max-video-preview:-1"},"canonical":"https:\/\/8a.pl\/8academy\/rozmowa-z-krzysztofem-wielickim\/","og_locale":"pl_PL","og_type":"article","og_title":"G\u00f3ra si\u0119 nie przewraca - rozmowa z Krzysztofem Wielickim o K2","og_description":"W redakcji 8academy go\u015bcili\u015bmy ostatnio kierownika Zimowej Narodowej Wyprawy na K2. Poni\u017cej publikujemy skr\u00f3t rozmowy z Krzysztofem Wielickim.","og_url":"https:\/\/8a.pl\/8academy\/rozmowa-z-krzysztofem-wielickim\/","og_site_name":"8academy.pl - portal g\u00f3rski i wspinaczkowy dla aktywnych","article_publisher":"https:\/\/pl-pl.facebook.com\/sklep8apl\/","article_published_time":"2017-10-09T14:41:59+00:00","article_modified_time":"2024-05-19T21:42:55+00:00","og_image":[{"width":1100,"height":715,"url":"http:\/\/8a.pl\/8academy\/wp-content\/uploads\/2017\/10\/6-1100-715-1.jpg","type":"image\/jpeg"}],"author":"Redakcja 8Academy","twitter_card":"summary_large_image","twitter_misc":{"Napisane przez":"Redakcja 8Academy","Szacowany czas czytania":"15 minut"},"schema":{"@context":"https:\/\/schema.org","@graph":[{"@type":"Article","@id":"https:\/\/8a.pl\/8academy\/rozmowa-z-krzysztofem-wielickim\/#article","isPartOf":{"@id":"https:\/\/8a.pl\/8academy\/rozmowa-z-krzysztofem-wielickim\/"},"author":{"name":"Redakcja 8Academy","@id":"https:\/\/8a.pl\/8academy\/#\/schema\/person\/2e392153a51786e6c3d5ede231b5d2a4"},"headline":"G\u00f3ra si\u0119 nie przewraca &#8211; rozmowa z Krzysztofem Wielickim o K2","datePublished":"2017-10-09T14:41:59+00:00","dateModified":"2024-05-19T21:42:55+00:00","mainEntityOfPage":{"@id":"https:\/\/8a.pl\/8academy\/rozmowa-z-krzysztofem-wielickim\/"},"wordCount":3012,"commentCount":0,"publisher":{"@id":"https:\/\/8a.pl\/8academy\/#organization"},"image":{"@id":"https:\/\/8a.pl\/8academy\/rozmowa-z-krzysztofem-wielickim\/#primaryimage"},"thumbnailUrl":"https:\/\/8a.pl\/8academy\/wp-content\/uploads\/2017\/10\/6-1100-715-1.jpg","keywords":["Alpinizm","Wywiad","Zima"],"articleSection":["Alpinizm"],"inLanguage":"pl-PL","potentialAction":[{"@type":"CommentAction","name":"Comment","target":["https:\/\/8a.pl\/8academy\/rozmowa-z-krzysztofem-wielickim\/#respond"]}]},{"@type":"WebPage","@id":"https:\/\/8a.pl\/8academy\/rozmowa-z-krzysztofem-wielickim\/","url":"https:\/\/8a.pl\/8academy\/rozmowa-z-krzysztofem-wielickim\/","name":"G\u00f3ra si\u0119 nie przewraca - rozmowa z Krzysztofem Wielickim | 8academy","isPartOf":{"@id":"https:\/\/8a.pl\/8academy\/#website"},"primaryImageOfPage":{"@id":"https:\/\/8a.pl\/8academy\/rozmowa-z-krzysztofem-wielickim\/#primaryimage"},"image":{"@id":"https:\/\/8a.pl\/8academy\/rozmowa-z-krzysztofem-wielickim\/#primaryimage"},"thumbnailUrl":"https:\/\/8a.pl\/8academy\/wp-content\/uploads\/2017\/10\/6-1100-715-1.jpg","datePublished":"2017-10-09T14:41:59+00:00","dateModified":"2024-05-19T21:42:55+00:00","description":"W redakcji 8academy go\u015bcili\u015bmy ostatnio kierownika Zimowej Narodowej Wyprawy na K2. Poni\u017cej publikujemy skr\u00f3t rozmowy z Krzysztofem Wielickim.","breadcrumb":{"@id":"https:\/\/8a.pl\/8academy\/rozmowa-z-krzysztofem-wielickim\/#breadcrumb"},"inLanguage":"pl-PL","potentialAction":[{"@type":"ReadAction","target":["https:\/\/8a.pl\/8academy\/rozmowa-z-krzysztofem-wielickim\/"]}]},{"@type":"ImageObject","inLanguage":"pl-PL","@id":"https:\/\/8a.pl\/8academy\/rozmowa-z-krzysztofem-wielickim\/#primaryimage","url":"https:\/\/8a.pl\/8academy\/wp-content\/uploads\/2017\/10\/6-1100-715-1.jpg","contentUrl":"https:\/\/8a.pl\/8academy\/wp-content\/uploads\/2017\/10\/6-1100-715-1.jpg","width":1100,"height":715,"caption":"rozmowa z Krzysztofem Wielickim"},{"@type":"BreadcrumbList","@id":"https:\/\/8a.pl\/8academy\/rozmowa-z-krzysztofem-wielickim\/#breadcrumb","itemListElement":[{"@type":"ListItem","position":1,"name":"Strona g\u0142\u00f3wna","item":"https:\/\/8a.pl\/8academy\/"},{"@type":"ListItem","position":2,"name":"G\u00f3ra si\u0119 nie przewraca &#8211; rozmowa z Krzysztofem Wielickim o K2"}]},{"@type":"WebSite","@id":"https:\/\/8a.pl\/8academy\/#website","url":"https:\/\/8a.pl\/8academy\/","name":"8academy.pl - portal g\u00f3rski i wspinaczkowy dla aktywnych","description":"8academy to portal g\u00f3rski o wspinaczce, trekkingu i skiturach. Znajdziesz tu porady, testy sprz\u0119tu i opisy najlepszych rejon\u00f3w. Inspirujemy zdobywc\u00f3w!","publisher":{"@id":"https:\/\/8a.pl\/8academy\/#organization"},"potentialAction":[{"@type":"SearchAction","target":{"@type":"EntryPoint","urlTemplate":"https:\/\/8a.pl\/8academy\/?s={search_term_string}"},"query-input":{"@type":"PropertyValueSpecification","valueRequired":true,"valueName":"search_term_string"}}],"inLanguage":"pl-PL"},{"@type":"Organization","@id":"https:\/\/8a.pl\/8academy\/#organization","name":"8academy.pl - portal g\u00f3rski i wspinaczkowy dla aktywnych","url":"https:\/\/8a.pl\/8academy\/","logo":{"@type":"ImageObject","inLanguage":"pl-PL","@id":"https:\/\/8a.pl\/8academy\/#\/schema\/logo\/image\/","url":"https:\/\/8a.pl\/8academy\/wp-content\/uploads\/2015\/11\/logo.png","contentUrl":"https:\/\/8a.pl\/8academy\/wp-content\/uploads\/2015\/11\/logo.png","width":438,"height":315,"caption":"8academy.pl - portal g\u00f3rski i wspinaczkowy dla aktywnych"},"image":{"@id":"https:\/\/8a.pl\/8academy\/#\/schema\/logo\/image\/"},"sameAs":["https:\/\/pl-pl.facebook.com\/sklep8apl\/","https:\/\/www.instagram.com\/8apl\/"]},{"@type":"Person","@id":"https:\/\/8a.pl\/8academy\/#\/schema\/person\/2e392153a51786e6c3d5ede231b5d2a4","name":"Redakcja 8Academy","image":{"@type":"ImageObject","inLanguage":"pl-PL","@id":"https:\/\/8a.pl\/8academy\/#\/schema\/person\/image\/","url":"https:\/\/8a.pl\/8academy\/wp-content\/uploads\/2017\/10\/logo_obrobione_2_150_59ICJ.jpg","contentUrl":"https:\/\/8a.pl\/8academy\/wp-content\/uploads\/2017\/10\/logo_obrobione_2_150_59ICJ.jpg","caption":"Redakcja 8Academy"},"url":"https:\/\/8a.pl\/8academy\/author\/redakcja\/"}]}},"_links":{"self":[{"href":"https:\/\/8a.pl\/8academy\/wp-json\/wp\/v2\/posts\/13812","targetHints":{"allow":["GET"]}}],"collection":[{"href":"https:\/\/8a.pl\/8academy\/wp-json\/wp\/v2\/posts"}],"about":[{"href":"https:\/\/8a.pl\/8academy\/wp-json\/wp\/v2\/types\/post"}],"author":[{"embeddable":true,"href":"https:\/\/8a.pl\/8academy\/wp-json\/wp\/v2\/users\/7"}],"replies":[{"embeddable":true,"href":"https:\/\/8a.pl\/8academy\/wp-json\/wp\/v2\/comments?post=13812"}],"version-history":[{"count":1,"href":"https:\/\/8a.pl\/8academy\/wp-json\/wp\/v2\/posts\/13812\/revisions"}],"predecessor-version":[{"id":69340,"href":"https:\/\/8a.pl\/8academy\/wp-json\/wp\/v2\/posts\/13812\/revisions\/69340"}],"wp:featuredmedia":[{"embeddable":true,"href":"https:\/\/8a.pl\/8academy\/wp-json\/wp\/v2\/media\/15896"}],"wp:attachment":[{"href":"https:\/\/8a.pl\/8academy\/wp-json\/wp\/v2\/media?parent=13812"}],"wp:term":[{"taxonomy":"category","embeddable":true,"href":"https:\/\/8a.pl\/8academy\/wp-json\/wp\/v2\/categories?post=13812"},{"taxonomy":"post_tag","embeddable":true,"href":"https:\/\/8a.pl\/8academy\/wp-json\/wp\/v2\/tags?post=13812"}],"curies":[{"name":"wp","href":"https:\/\/api.w.org\/{rel}","templated":true}]}}